{"id":84,"date":"2014-02-15T21:14:19","date_gmt":"2014-02-15T20:14:19","guid":{"rendered":"http:\/\/erikcarnets.fr\/\/?p=84"},"modified":"2015-01-16T10:32:19","modified_gmt":"2015-01-16T09:32:19","slug":"milos-karadaglic-et-joaquin-rodrigo","status":"publish","type":"post","link":"https:\/\/erikcarnets.fr\/?p=84","title":{"rendered":"Milo\u0161 Karadagli\u0107 et Joaquin Rodrigo"},"content":{"rendered":"<p style=\"text-align: justify;\"><a href=\"http:\/\/erikcarnets.fr\/wp-content\/uploads\/milos_aranjuez.jpg\"><img loading=\"lazy\" decoding=\"async\" class=\"size-medium wp-image-85 alignleft\" alt=\"milos_aranjuez\" src=\"http:\/\/erikcarnets.fr\/wp-content\/uploads\/milos_aranjuez-300x300.jpg\" width=\"300\" height=\"300\" srcset=\"https:\/\/erikcarnets.fr\/wp-content\/uploads\/milos_aranjuez-300x300.jpg 300w, https:\/\/erikcarnets.fr\/wp-content\/uploads\/milos_aranjuez-150x150.jpg 150w, https:\/\/erikcarnets.fr\/wp-content\/uploads\/milos_aranjuez-200x200.jpg 200w, https:\/\/erikcarnets.fr\/wp-content\/uploads\/milos_aranjuez.jpg 600w\" sizes=\"auto, (max-width: 300px) 100vw, 300px\" \/><\/a>Le <em>Concerto d&rsquo;Aranjuez<\/em> est pour la guitare ce qu&rsquo;est le premier concerto pour piano de Tchaikovsky\u00a0: un passage oblig\u00e9. Pour son troisi\u00e8me disque, Milo<span style=\"font-family: Times New Roman,serif;\">\u0161<\/span> Karadagli<span style=\"font-family: Times New Roman,serif;\">\u0107 <\/span>nous emm\u00e8ne en Espagne alors que ses autres r\u00e9citals nous invitaient \u00e0 voyager \u00e0 travers bon nombre de pays. Ici, on se recentre donc sur les bases de la guitare espagnole, avec la mise en avant du compositeur Joaquin Rodrigo, et en regard Manuel de Falla ou Fernando Sor.<!--more--><span style=\"font-family: Times New Roman,serif;\"><!--more--><!--more--><\/span><\/p>\n<p style=\"text-align: justify;\">L&rsquo;ouverture du disque se fait naturellement avec le <em>Concerto d&rsquo;Aranjuez<\/em>, donnant imm\u00e9diatement le ton de l&rsquo;enregistrement mais aussi le style du guitariste. Avec un doigt\u00e9 plut\u00f4t l\u00e9ger, la main semblant de promener sur les cordes de la guitare, \u00e9vitant une sonorit\u00e9 trop marqu\u00e9e, le guitariste fait montre de beaucoup de d\u00e9licatesse, chaque note ou d\u00e9tail \u00e9tant bien mis en avant. Legato ou notes piqu\u00e9es, le son reste peut-\u00eatre un peu neutre, mais aussi \u00e9vite la caricature de la guitare espagnole. A ce jeu, Yannick N\u00e9zet-S\u00e9guin lui r\u00e9pond de belle mani\u00e8re. L\u00e0 aussi il \u00e9tait facile de faire pleurer les violons et d&rsquo;ajouter trop de pathos \u00e0 une \u0153uvre d\u00e9j\u00e0 pleine de m\u00e9lancolie dans l&rsquo;adagio. Mais le chef sait tenir son orchestre et propose un accompagnement plein de retenue.<\/p>\n<p style=\"text-align: justify;\">Cette premi\u00e8re \u0153uvre est tr\u00e8s repr\u00e9sentative du reste du disque. Les deux pi\u00e8ces de Manuel de Falla qui suivent sont peut-\u00eatre un peu plus s\u00e8ches dans le jeu du guitariste, mais l&rsquo;\u00e9criture n&rsquo;est pas la m\u00eame et demande plus d&rsquo;angles dans les attaques. La transition pour revenir \u00e0 Joaquin Rodrigo se fait habilement par un hommage de ce dernier \u00e0 Manuel de Falla. Au travers de l&rsquo;<em>Invocaci\u00f3n y danza<\/em>, Milo\u0161 Karadagli\u0107 nous transporte dans un monde imaginaire presque hypnotique o\u00f9 les notes semblent se d\u00e9doubler et s&rsquo;\u00e9tendre.<\/p>\n<p style=\"text-align: justify;\">On revient ensuite au style concertant avec la <em>Fantaisie pour un gentilhomme<\/em> du m\u00eame Rodrigo. M\u00eame si cette pi\u00e8ce n&rsquo;a pas la reconnaissance du <em>Concerto<\/em>, elle n&rsquo;en demeure pas moins une magnifique pi\u00e8ce du compositeur espagnol. Plus retenue et moins path\u00e9tique, l\u2019\u0153uvre est un concerto \u00e0 part enti\u00e8re que n&rsquo;auraient pas reni\u00e9 les grands ma\u00eetres du romantismes si la guitare avait remplac\u00e9 le piano dans leur c\u0153ur. Mouvements lents ou rapides, chacun permet au soliste d&rsquo;exposer son jeu tour \u00e0 tour d\u00e9licat ou virtuose avec un bel \u00e9ventail de possibilit\u00e9s. Milo\u0161 Karadagli\u0107 y fait une d\u00e9monstration de sa technique, mais toujours en conservant ce qui fait l&rsquo;int\u00e9r\u00eat de son jeu : une certaine r\u00e9serve qui emp\u00eache l&rsquo;auditeur de n&rsquo;entendre qu&rsquo;une d\u00e9monstration justement car la technique est habill\u00e9e d&rsquo;\u00e9motions et de musicalit\u00e9. Yannick N\u00e9zet-S\u00e9guin est par contre plus d\u00e9monstratif ici du fait du caract\u00e8re de la musique bien s\u00fbr, mais aussi parce qu&rsquo;on ne risque pas de verser dans le sentimentalisme.<\/p>\n<p style=\"text-align: justify;\">Au final, un tr\u00e8s beau disque, qui montre que malgr\u00e9 un marketing qui pourrait jouer en la d\u00e9faveur de Milo\u0161 Karadagli\u0107, le musicien est bien l\u00e0. Tr\u00e8s bien entour\u00e9 par Yannick N\u00e9zet-S\u00e9guin et le Philharmonique de Londres, le guitariste nous donne \u00e0 entendre de tr\u00e8s belles interpr\u00e9tations d\u2019\u0153uvres moins connues que les classiques de la guitare, en dehors du passage oblig\u00e9 bien s\u00fbr par le <em>Concerto d&rsquo;Aranjuez<\/em>.<\/p>\n<ul style=\"text-align: justify;\">\n<li>Joaquin Rodrigo (1901-1999), Concerto d&rsquo;Aranjuez, Invocaci<span style=\"font-family: Times New Roman,serif;\">\u00f3<\/span>n y danza, Fantaisie pour un gentilhomme<\/li>\n<li>Manuel de Falla (1876-1946), Hommages, Danse du Meunier<\/li>\n<li>Fernando Sor (1778-1839), Grand Solo<\/li>\n<li>Milo<span style=\"font-family: Times New Roman,serif;\">\u0161<\/span> Karadagli<span style=\"font-family: Times New Roman,serif;\">\u0107<\/span>, guitare<\/li>\n<li>London Philharmonic Orchestra<\/li>\n<li>Yannick N\u00e9zet-S\u00e9guin, direction musicale<\/li>\n<li>1cd Deutsch Grammophon. Enregistr\u00e9 en 2013.<\/li>\n<\/ul>\n","protected":false},"excerpt":{"rendered":"<p>Le Concerto d&rsquo;Aranjuez est pour la guitare ce qu&rsquo;est le premier concerto pour piano de Tchaikovsky\u00a0: un passage oblig\u00e9. Pour son troisi\u00e8me disque, Milo\u0161 Karadagli\u0107 nous emm\u00e8ne en Espagne alors [&hellip;]<\/p>\n","protected":false},"author":1,"featured_media":0,"comment_status":"open","ping_status":"closed","sticky":false,"template":"","format":"standard","meta":{"jetpack_post_was_ever_published":false,"_jetpack_newsletter_access":"","_jetpack_dont_email_post_to_subs":false,"_jetpack_newsletter_tier_id":0,"_jetpack_memberships_contains_paywalled_content":false,"_jetpack_memberships_contains_paid_content":false,"footnotes":"","jetpack_publicize_message":"","jetpack_publicize_feature_enabled":true,"jetpack_social_post_already_shared":false,"jetpack_social_options":{"image_generator_settings":{"template":"highway","default_image_id":0,"font":"","enabled":false},"version":2}},"categories":[2,3],"tags":[9,27,13],"class_list":["post-84","post","type-post","status-publish","format-standard","hentry","category-disque-dvd","category-musique_classique","tag-cd","tag-guitare","tag-recital","clearfix"],"jetpack_publicize_connections":[],"jetpack_featured_media_url":"","jetpack_shortlink":"https:\/\/wp.me\/p4G2uP-1m","jetpack_sharing_enabled":true,"_links":{"self":[{"href":"https:\/\/erikcarnets.fr\/index.php?rest_route=\/wp\/v2\/posts\/84","targetHints":{"allow":["GET"]}}],"collection":[{"href":"https:\/\/erikcarnets.fr\/index.php?rest_route=\/wp\/v2\/posts"}],"about":[{"href":"https:\/\/erikcarnets.fr\/index.php?rest_route=\/wp\/v2\/types\/post"}],"author":[{"embeddable":true,"href":"https:\/\/erikcarnets.fr\/index.php?rest_route=\/wp\/v2\/users\/1"}],"replies":[{"embeddable":true,"href":"https:\/\/erikcarnets.fr\/index.php?rest_route=%2Fwp%2Fv2%2Fcomments&post=84"}],"version-history":[{"count":7,"href":"https:\/\/erikcarnets.fr\/index.php?rest_route=\/wp\/v2\/posts\/84\/revisions"}],"predecessor-version":[{"id":104,"href":"https:\/\/erikcarnets.fr\/index.php?rest_route=\/wp\/v2\/posts\/84\/revisions\/104"}],"wp:attachment":[{"href":"https:\/\/erikcarnets.fr\/index.php?rest_route=%2Fwp%2Fv2%2Fmedia&parent=84"}],"wp:term":[{"taxonomy":"category","embeddable":true,"href":"https:\/\/erikcarnets.fr\/index.php?rest_route=%2Fwp%2Fv2%2Fcategories&post=84"},{"taxonomy":"post_tag","embeddable":true,"href":"https:\/\/erikcarnets.fr\/index.php?rest_route=%2Fwp%2Fv2%2Ftags&post=84"}],"curies":[{"name":"wp","href":"https:\/\/api.w.org\/{rel}","templated":true}]}}