{"id":582,"date":"2015-09-06T00:08:37","date_gmt":"2015-09-05T22:08:37","guid":{"rendered":"http:\/\/erikcarnets.fr\/\/?p=582"},"modified":"2015-09-06T00:14:51","modified_gmt":"2015-09-05T22:14:51","slug":"voyage-dans-les-jardins-de-william-christie","status":"publish","type":"post","link":"https:\/\/erikcarnets.fr\/?p=582","title":{"rendered":"Voyage dans les Jardins de William Christie"},"content":{"rendered":"<p style=\"text-align: justify;\"><a href=\"http:\/\/erikcarnets.fr\/wp-content\/uploads\/Jardins_christie.jpg\"><img loading=\"lazy\" decoding=\"async\" class=\" size-medium wp-image-603 alignleft\" src=\"http:\/\/erikcarnets.fr\/wp-content\/uploads\/Jardins_christie-253x300.jpg\" alt=\"Jardins_christie\" width=\"253\" height=\"300\" srcset=\"https:\/\/erikcarnets.fr\/wp-content\/uploads\/Jardins_christie-253x300.jpg 253w, https:\/\/erikcarnets.fr\/wp-content\/uploads\/Jardins_christie.jpg 592w\" sizes=\"auto, (max-width: 253px) 100vw, 253px\" \/><\/a>Pour cette quatri\u00e8me ann\u00e9e, <strong>William Christie<\/strong> ouvre ses jardins et offre ses musiciens et chanteurs. La qualit\u00e9 est toujours au rendez-vous avec ce grand chef, et ce sera le cas dans tous les aspects. Durant tout une journ\u00e9e, l&rsquo;on baigne dans un jardin recr\u00e9ant le style du XVIII\u00e8me si\u00e8cle, avec des petits concerts au d\u00e9tour d&rsquo;un bosquet ou d&rsquo;autres plus grands sur des espaces am\u00e9nag\u00e9s. Le temps n&rsquo;\u00e9tait pas au beau fixe pour ce 28 ao\u00fbt, mais la musique sera un r\u00e9gal toute la journ\u00e9e, dans une ambiance particuli\u00e8rement agr\u00e9able. Toute la journ\u00e9e, les b\u00e9n\u00e9voles et les cadres du festival sont l\u00e0 pour accueillir et orienter avec gentillesse et efficacit\u00e9. Avec un atelier, des petites concerts d&rsquo;une quinzaine de minute, le grand concert du soir et enfin un concert de musique sacr\u00e9 pour clore la journ\u00e9e, c&rsquo;est un v\u00e9ritable voyage \u00e0 la fois dans la musique d&rsquo;un autre temps mais aussi dans un cadre totalement enchanteur et d\u00e9paysant.<!--more--><\/p>\n<p style=\"text-align: justify;\">Quand <strong>William Christie<\/strong> rentre en possession du domaine en 1985, il n&rsquo;y a pas grand chose dans le jardin&#8230; mais sa passion va petit \u00e0 petit donner vie \u00e0 des cr\u00e9ations baroques ou originales, s&rsquo;inspirant des jardins \u00e0 la fran\u00e7aise et de leurs petits bosquets. Le domaine n&rsquo;est pas immense et l&rsquo;on passe tout de m\u00eame d&rsquo;une prairie \u00e0 peine domestiqu\u00e9e \u00e0 des zones \u00e0 l&rsquo;architecture v\u00e9g\u00e9tale impressionnante en quelques instants. La passion du chef d&rsquo;orchestre pour le jardin donne un cadre id\u00e9al pour la musique. Et c&rsquo;est avec d\u00e9contraction que ce chef internationalement reconnu se prom\u00e8ne et nous invite \u00e0 des d\u00e9couvertes. D\u00e9couverte des bosquets, d\u00e9couverte musicales mais aussi d\u00e9couverte d&rsquo;artistes car en plus d&rsquo;habitu\u00e9s des Arts Florissants, <strong>William Christie<\/strong> fait offre ici \u00e0 de jeunes musiciens de la Julliard School de New-York de travailler avec des artistes reconnus, alors que les jeunes chanteurs du Jardin des Voix sont mis \u00e0 l&rsquo;honneur pour certains concerts.<\/p>\n<h6 style=\"text-align: justify;\">1 &#8211; Atelier de d\u00e9couverte : Du bois dont on fait les fl\u00fbtes<\/h6>\n<p style=\"text-align: justify;\">Alors qu&rsquo;il tombait quelques gouttes lors de l&rsquo;ouverture des jardins, le public se dirige vers l&rsquo;une des trois activit\u00e9s propos\u00e9es pour ouvrir l&rsquo;apr\u00e8s-midi\u00a0: deux ateliers et une visite du jardin. Le choix est assez rapide\u00a0: l&rsquo;un des ateliers est propos\u00e9 pour les familles principalement et la visite du jardin n&rsquo;est pas une priorit\u00e9 vu que nous allons de toute fa\u00e7on l&rsquo;arpenter au fil des concerts. Ce sera donc une rencontre autour de la fl\u00fbte et son \u00e9volution. \u00c9tant donn\u00e9 l&rsquo;humidit\u00e9 ambiante, c&rsquo;est malheureusement sous une tente de r\u00e9<a href=\"http:\/\/erikcarnets.fr\/wp-content\/uploads\/Jardins_christie_14.jpg\"><img loading=\"lazy\" decoding=\"async\" class=\"alignright wp-image-605\" src=\"http:\/\/erikcarnets.fr\/wp-content\/uploads\/Jardins_christie_14-169x300.jpg\" alt=\"Jardins_christie_14\" width=\"225\" height=\"400\" srcset=\"https:\/\/erikcarnets.fr\/wp-content\/uploads\/Jardins_christie_14-169x300.jpg 169w, https:\/\/erikcarnets.fr\/wp-content\/uploads\/Jardins_christie_14-576x1024.jpg 576w, https:\/\/erikcarnets.fr\/wp-content\/uploads\/Jardins_christie_14.jpg 600w\" sizes=\"auto, (max-width: 225px) 100vw, 225px\" \/><\/a>p\u00e9tition que va se d\u00e9rouler cette premi\u00e8re rencontre. Quarante minutes o\u00f9 trois instrumentistes vont nous faire d\u00e9couvrir leurs instruments, mais aussi toutes leurs possibilit\u00e9s ainsi que l&rsquo;\u00e9volution qu&rsquo;ils subiront durant les quelques si\u00e8cles baroques de l&rsquo;histoire de la musique. C&rsquo;est la fl\u00fbte qui occupe le plus de temps et <strong>Serge Saitta<\/strong> sera le plus passionnant dans ses explications. Il ne cherche pas \u00e0 \u00e9craser le public sous des d\u00e9tails inutiles, mais ne va pas non plus rester simpliste. Quelques mots sp\u00e9cifiques lui \u00e9chappent mais le discours reste toujours tr\u00e8s clair et instructif. Quelques exemples bien s\u00fbr, nous donnant \u00e0 entendre diff\u00e9rentes fl\u00fbtes&#8230; le tout dans une atmosph\u00e8re d\u00e9tendue et joyeuse. La diff\u00e9rence de timbres entre les diff\u00e9rentes fl\u00fbtes, ainsi que les techniques employ\u00e9es sont sid\u00e9rantes. Le basson et le th\u00e9orbe par la suite seront moins d\u00e9velopp\u00e9s, mais tout de m\u00eame int\u00e9ressant\u00a0: il est rare de pouvoir entendre un basson baroque seul&#8230; Pour ouvrir le voyage, cet atelier aura \u00e9t\u00e9 non seulement \u00e9ducatif, mais aura aussi pos\u00e9 l&rsquo;ambiance de la journ\u00e9e\u00a0: le plaisir de partager pour les musiciens et la proximit\u00e9 du public avec cette musique baroque.<\/p>\n<ul>\n<li>Thir\u00e9<\/li>\n<li>Les Jardins de William Christie, sous une tente<\/li>\n<li>28 ao\u00fbt 2015, 15h45<\/li>\n<li>Rencontre en famille \u00ab\u00a0Du bois dont on fait les fl\u00fbtes\u00a0\u00bb<\/li>\n<li>Serge Saitta, fl\u00fbte et pr\u00e9sentation<\/li>\n<li>Evol\u00e8ne Kiener, basson<\/li>\n<li>Brian Feehan, th\u00e9orbe<\/li>\n<\/ul>\n<h6>2 &#8211; Promenades Musicales : Chaconnes et Passacailles pour un jardin<\/h6>\n<p style=\"text-align: justify;\">Premi\u00e8re travers\u00e9e du jardin et donc d\u00e9couverte d&rsquo;une partie de ce qui sera le cadre de toute la journ\u00e9e&#8230; Et quel cadre\u00a0! On passe du sublime du Miroir d&rsquo;Eau au d\u00e9pouill\u00e9 de l&rsquo;All\u00e9e des H\u00eatres pour arriver au Jardin \u00c9ph\u00e9m\u00e8re. Ce bosquet de quelques peupliers d&rsquo;Italie se trouve agr\u00e9ment\u00e9 de boules de buis comme des bulles d&rsquo;air sorties de terre. Le d\u00e9paysement est imm\u00e9diat et le public se rassemble petit \u00e0 petit autour de ce qui sera la sc\u00e8ne temporaire.<\/p>\n<div id=\"attachment_588\" style=\"width: 410px\" class=\"wp-caption aligncenter\"><a href=\"http:\/\/erikcarnets.fr\/wp-content\/uploads\/Jardins_christie_1.jpg\"><img loading=\"lazy\" decoding=\"async\" aria-describedby=\"caption-attachment-588\" class=\"wp-image-588\" src=\"http:\/\/erikcarnets.fr\/wp-content\/uploads\/Jardins_christie_1-300x169.jpg\" alt=\"Le Jardin Eph\u00e9m\u00e8re\" width=\"400\" height=\"225\" srcset=\"https:\/\/erikcarnets.fr\/wp-content\/uploads\/Jardins_christie_1-300x169.jpg 300w, https:\/\/erikcarnets.fr\/wp-content\/uploads\/Jardins_christie_1-1024x576.jpg 1024w, https:\/\/erikcarnets.fr\/wp-content\/uploads\/Jardins_christie_1.jpg 1066w\" sizes=\"auto, (max-width: 400px) 100vw, 400px\" \/><\/a><p id=\"caption-attachment-588\" class=\"wp-caption-text\">Le Jardin Eph\u00e9m\u00e8re<\/p><\/div>\n<p style=\"text-align: justify;\">Ainsi trois musiciens viennent devant nous et apr\u00e8s une petite \u00e9vocation de ce qu&rsquo;est une Chaconne et une Passacaille, deux pi\u00e8ces en trio viennent nous ravir. Le soleil appara\u00eet, le calme du jardin et la musique forment un ensemble parfait. Pour ce concert, un jeune fl\u00fbtiste de la Julliard School se joint \u00e0 deux professionnels des Arts Florissants. Apr\u00e8s un d\u00e9part flottant, <strong>Serge Saitta<\/strong> demande de reprendre, sans formalisme et avec la d\u00e9contraction d&rsquo;un concert entre amis. Cette proximit\u00e9 est tellement agr\u00e9able et diff\u00e9rente des concerts habituels. Les deux pi\u00e8ces de De la Barre et Charpentier sont ex\u00e9cut\u00e9es avec bonheur et malgr\u00e9 le stress de l&rsquo;\u00e9tudiant le r\u00e9sultat est tr\u00e8s beau.<\/p>\n<ul>\n<li>Thir\u00e9<\/li>\n<li>Les Jardins de William Christie, Le Jardin \u00c9ph\u00e9m\u00e8re<\/li>\n<li>28 ao\u00fbt 2015, 16h45<\/li>\n<li>Chaconnes et Passacailles pour un jardin<\/li>\n<li>Michel de la Barre (1675-1745)\u00a0: Trio en r\u00e9 mineur, extrait du premier Livre de trios<\/li>\n<li>Marc-Antoine Charpentier (1643-1704)\u00a0: Passacaille et Chaconne de la Sonate \u00e0 huit en do majeur et do mineur<\/li>\n<li>Serge Saitta, fl\u00fbte<\/li>\n<li>Joseph Monticello, fl\u00fbte (\u00e9l\u00e8ve de la Julliard School)<\/li>\n<li>Evol\u00e8ne Kiener, basson<\/li>\n<\/ul>\n<h6>3 &#8211; Promenades Musicales : Ivresses amoureuses<\/h6>\n<p class=\"western\" style=\"text-align: justify;\">Si le pr\u00e9c\u00e9dent concert ne rassemblait que peu de monde, la pr\u00e9sence de<strong> William Christie<\/strong> ici semble avoir attir\u00e9 la foule des grands jours. Le lieu \u00e9tant de plus assez r\u00e9duit et ferm\u00e9, il \u00e9tait difficile de contenir tous les spectateurs. Un petit jardin o\u00f9 toutes les fleurs sont rouges, un clavecin, un th\u00e9orbe et deux chanteurs. L&rsquo;effectif est plus important et le r\u00e9pertoire plus connu. On sent plus de tension aussi par la pr\u00e9sence de Christie. Si le concert pr\u00e9c\u00e9dent \u00e9tait tr\u00e8s bon enfant, ici on est vraiment dans la repr\u00e9sentation avec une l\u00e9g\u00e8re distance.<\/p>\n<div id=\"attachment_587\" style=\"width: 410px\" class=\"wp-caption aligncenter\"><a href=\"http:\/\/erikcarnets.fr\/wp-content\/uploads\/Jardins_christie_2.jpg\"><img loading=\"lazy\" decoding=\"async\" aria-describedby=\"caption-attachment-587\" class=\"wp-image-587\" src=\"http:\/\/erikcarnets.fr\/wp-content\/uploads\/Jardins_christie_2-300x169.jpg\" alt=\"Le Clo\u00eetre\" width=\"400\" height=\"225\" srcset=\"https:\/\/erikcarnets.fr\/wp-content\/uploads\/Jardins_christie_2-300x169.jpg 300w, https:\/\/erikcarnets.fr\/wp-content\/uploads\/Jardins_christie_2-1024x576.jpg 1024w, https:\/\/erikcarnets.fr\/wp-content\/uploads\/Jardins_christie_2.jpg 1066w\" sizes=\"auto, (max-width: 400px) 100vw, 400px\" \/><\/a><p id=\"caption-attachment-587\" class=\"wp-caption-text\">Le Clo\u00eetre<\/p><\/div>\n<p class=\"western\" style=\"text-align: justify;\">Christie est comme \u00e0 son habitude tr\u00e8s \u00e0 l&rsquo;aise au clavecin, dirigeant d&rsquo;un regard ou d&rsquo;un geste th\u00e9orbe et chanteurs. On d\u00e9couvre aussi le jeune <strong>Thomas Dunford<\/strong> qui accompagnera un autre concert dans l&rsquo;apr\u00e8s-midi. Les deux chanteurs sont issus du Jardin des Voix. Apparait ainsi la mezzo-soprano <strong>Lea Desandres<\/strong> \u00e0 la belle diction et au timbre chaud et direct. Quelques similitudes sont \u00e0 noter avec par exemple une St\u00e9phanie d&rsquo;Oustrac dans le style. Face \u00e0 elle, l&rsquo;alto <strong>Carlo Vistoli<\/strong> reste plus sur la r\u00e9serve. Le premier duo de Monteverdi les montre tr\u00e8s fusionnels. Les deux soli d\u00e9voilent des univers assez diff\u00e9rents par contre. Alors que le contre-t\u00e9nor se montre toujours aussi \u00e0 l&rsquo;aise dans le baroque italien, la mezzo s&rsquo;\u00e9panouit dans le r\u00e9pertoire fran\u00e7ais avec une chanson de Lambert. Le dernier duo en fran\u00e7ais montrera un foss\u00e9 entre les deux chanteurs car le contre-t\u00e9nor semble ici peu \u00e0 l&rsquo;aise.<\/p>\n<p class=\"western\" style=\"text-align: justify;\">Le concert ici propos\u00e9 est un v\u00e9ritable concentr\u00e9 de r\u00e9cital, o\u00f9 les deux chanteurs peuvent se montrer dans diff\u00e9rents r\u00e9pertoires avec des accompagnateurs de haute vol\u00e9e.<\/p>\n<ul>\n<li>Thir\u00e9<\/li>\n<li>Les Jardins de William Christie, Le Jardin Rouge<\/li>\n<li>28 ao\u00fbt 2015, 17h15<\/li>\n<li>Ivresses amoureuses<\/li>\n<li>Claudio Monteverdi (1567-1643), Duetto\u00a0: Vorrei baciarti (mezzo-soprano et alto)<\/li>\n<li>Girolamo Frescobaldi\u00a0(1583-1643) : Cosi mi disprezzate (alto)<\/li>\n<li>Michel Lambert (1610-1696)\u00a0: Vos m\u00e9pris chaque jour (mezzo-soprano) \u2013 Dialogue de la Paix et de la F\u00e9cilit\u00e9 (mezzo-soprano et alto)<\/li>\n<li>Lea Desandre, mezzo-soprano<\/li>\n<li>Carlo Vistoli, alto<\/li>\n<li>Thomas Dunford, th\u00e9orbe<\/li>\n<li>William Christie, clavecin<\/li>\n<\/ul>\n<h6>4 &#8211; Promenades Musicales : Francesco Rasi et la cr\u00e9ation d&rsquo;Orfeo<\/h6>\n<p class=\"western\" style=\"text-align: justify;\">Pour ce troisi\u00e8me concert de l&rsquo;apr\u00e8s-midi, nous restons dans un endroit assez ferm\u00e9, mais <strong>Paul Agnew<\/strong> ne semble pas attirer autant de spectateurs que son ain\u00e9. Pourtant, le lieu est splendide. Ce Th\u00e9\u00e2tre de verdure est circulaire avec de hautes haies de r\u00e9sineux taill\u00e9s de belle mani\u00e8re pour nous isoler totalement. L&rsquo;espace est agr\u00e9able et d\u00e9paysant.<\/p>\n<div id=\"attachment_583\" style=\"width: 410px\" class=\"wp-caption aligncenter\"><a href=\"http:\/\/erikcarnets.fr\/wp-content\/uploads\/Jardins_christie_6.jpg\"><img loading=\"lazy\" decoding=\"async\" aria-describedby=\"caption-attachment-583\" class=\"wp-image-583\" src=\"http:\/\/erikcarnets.fr\/wp-content\/uploads\/Jardins_christie_6-300x169.jpg\" alt=\"Le Th\u00e9\u00e2tre de Verdure\" width=\"400\" height=\"225\" srcset=\"https:\/\/erikcarnets.fr\/wp-content\/uploads\/Jardins_christie_6-300x169.jpg 300w, https:\/\/erikcarnets.fr\/wp-content\/uploads\/Jardins_christie_6-1024x576.jpg 1024w, https:\/\/erikcarnets.fr\/wp-content\/uploads\/Jardins_christie_6.jpg 1066w\" sizes=\"auto, (max-width: 400px) 100vw, 400px\" \/><\/a><p id=\"caption-attachment-583\" class=\"wp-caption-text\">Le Th\u00e9\u00e2tre de Verdure<\/p><\/div>\n<p class=\"western\" style=\"text-align: justify;\">Sur un c\u00f4t\u00e9, <strong>Paul Agnew<\/strong> et <strong>Thomas Dunford<\/strong> (toujours lui!) rentrent dans le cercle. Agnew nous explique le principe du concert\u00a0: comparer la musique de Monteverdi et celle de Rasi, qui cr\u00e9a le r\u00f4le d&rsquo;Orfeo. On commence donc avec un air de l&rsquo;Orfeo, puis du Rasi&#8230; et enfin retour \u00e0 Monteverdi. La voix de Paul Agnew se d\u00e9ploie avec toujours cette extr\u00eame gr\u00e2ce, cette finesse de l&rsquo;expression ainsi que cette longueur de tessiture. Les graves sonnent superbement alors que l&rsquo;aigu fin se d\u00e9ploie. Le dialogue entre les deux musiciens est magnifique. On sent une v\u00e9ritable complicit\u00e9, chacun regardant et souriant \u00e0 l&rsquo;autre pour donner toute la force expressive possible \u00e0 ces chants joyeux ou m\u00e9lancoliques. La complicit\u00e9 en devient communicative puisque ici la proximit\u00e9 se fait entre public et artistes. Ce concert restera peut-\u00eatre le plus beau de l&rsquo;apr\u00e8s-midi. Deux grands musiciens et un programme splendide.<\/p>\n<ul>\n<li>Thir\u00e9<\/li>\n<li>Les Jardins de William Christie, Le Th\u00e9\u00e2tre de verdure<\/li>\n<li>28 ao\u00fbt 2015, 17h45<\/li>\n<li>Francesco Rasi et la cr\u00e9ation d&rsquo;Orfeo<\/li>\n<li>Claudio Monteverdi (1567-1643), Orfeo\u00a0: Rosa de ciel \u2013 Vi ricordi o boschi ombrosi<\/li>\n<li>Francesco Rasi (1574-1621)\u00a0: E si lieto il moi core \u2013 Filli mia \u2013 Un guardo, ohime<\/li>\n<li>Paul Agnew, t\u00e9nor<\/li>\n<li>Thomas Dunford, th\u00e9orbe<\/li>\n<\/ul>\n<h6>5 &#8211; Promenades Musicales : Danses de Purcell<\/h6>\n<p class=\"western\" style=\"text-align: justify;\">Avant de clore ces Promenades Musicales, un petit concert o\u00f9 sont rassembl\u00e9s les musiciens \u00e9l\u00e8ves \u00e0 la Julliard School de New York. Le cadre est plus quelconque puisque le Mur des Cyclopes se r\u00e9v\u00e8le n&rsquo;\u00eatre qu&rsquo;un mur en pierres s\u00e8ches de dimensions importantes mais loin d&rsquo;\u00eatre impressionnantes.<\/p>\n<div id=\"attachment_584\" style=\"width: 410px\" class=\"wp-caption aligncenter\"><a href=\"http:\/\/erikcarnets.fr\/wp-content\/uploads\/Jardins_christie_5.jpg\"><img loading=\"lazy\" decoding=\"async\" aria-describedby=\"caption-attachment-584\" class=\"wp-image-584\" src=\"http:\/\/erikcarnets.fr\/wp-content\/uploads\/Jardins_christie_5-300x169.jpg\" alt=\"La Cour d'Honneur\" width=\"400\" height=\"225\" srcset=\"https:\/\/erikcarnets.fr\/wp-content\/uploads\/Jardins_christie_5-300x169.jpg 300w, https:\/\/erikcarnets.fr\/wp-content\/uploads\/Jardins_christie_5-1024x576.jpg 1024w, https:\/\/erikcarnets.fr\/wp-content\/uploads\/Jardins_christie_5.jpg 1066w\" sizes=\"auto, (max-width: 400px) 100vw, 400px\" \/><\/a><p id=\"caption-attachment-584\" class=\"wp-caption-text\">La Cour d&rsquo;Honneur<\/p><\/div>\n<p style=\"text-align: justify;\">La musique de Purcell permet \u00e0 ces jeunes musiciens de nous donner un bel ensemble, dansant et color\u00e9. On sent combien chacun est heureux de jouer ici, et surtout ensemble sans la pression ressentie par le fl\u00fbtiste par exemple lors du premier concert. On retrouve quelques passages l\u00e9g\u00e8rement connus, mais surtout des instrumentistes d\u00e9j\u00e0 s\u00fbrs d&rsquo;eux. \u00c0 n&rsquo;en point douter, certains viendront grandir les rangs des Arts Florissants ou d&rsquo;autres formations baroques dans les ann\u00e9es qui viennent.<\/p>\n<ul>\n<li>Thir\u00e9<\/li>\n<li>Les Jardins de William Christie, Le Mur des Cyclopes<\/li>\n<li>28 ao\u00fbt 2015, 18h15<\/li>\n<li>Danses de Purcell<\/li>\n<li>Henry Purcell (1659-1695), Bonduca\u00a0: Ouverture\u00a0; Virtuous Wife\u00a0: Preludio\u00a0; Distressed Innoncence or the Princes of Persia\u00a0: Slow Aire\u00a0; The Married Beau Hornpipe on a Ground\u00a0: Old Bachelor \u2013 Minuet and Bouree\u00a0; The Fairy Queen\u00a0: Chaconnes<\/li>\n<li>Cloe Fedor, violon (\u00e9l\u00e8ve de la Julliard School)<\/li>\n<li>Carrie Krause, violon (\u00e9l\u00e8ve de la Julliard School)<\/li>\n<li>Edson Scheid, alto (\u00e9l\u00e8ve de la Julliard School)<\/li>\n<li>Sarah Stone, violoncelle (\u00e9l\u00e8ve de la Julliard School)<\/li>\n<li>Joseph Monticell, fl\u00fbte (\u00e9l\u00e8ve de la Julliard School)<\/li>\n<li>Priscilla Herreid, hautbois (\u00e9l\u00e8ve de la Julliard School)<\/li>\n<li>Benjamin Matus, basson (\u00e9l\u00e8ve de la Julliard School)<\/li>\n<li>Douglas Balliett, contrebasse (\u00e9l\u00e8ve de la Julliard School)<\/li>\n<\/ul>\n<h6>6 &#8211; Promenades Musicales : Un Jardin \u00e0 l&rsquo;italienne, extraits<\/h6>\n<p style=\"text-align: justify;\">Tout le public se rassemble au pied de la terrasse du b\u00e2timent principal pour ce dernier petit concert. Ici seront pr\u00e9sent\u00e9s des extraits du spectacle du soir. Ce sont donc tous les chanteurs, ainsi qu&rsquo;une bonne partie des musiciens (dont tous les \u00e9l\u00e8ves de la Julliard School) qui sont rassembl\u00e9s sous la direction de <strong>William Christie<\/strong>. \u00c0 travers trois ensembles dans la veine comique, le chef et ses musiciens donnent un point final \u00e0 l&rsquo;apr\u00e8s-midi avec joie et bonne humeur. Les chanteurs se montrent d\u00e9j\u00e0 acteurs en essayant de donner vie \u00e0 leurs personnages malgr\u00e9 l&rsquo;espace tr\u00e8s r\u00e9duit dont ils disposent. Au final de longs applaudissements et un public heureux qui pour une partie attend le concert du soir alors que le reste va sortir calmement du jardin pour retourner \u00e0 la vie r\u00e9elle.<\/p>\n<div id=\"attachment_585\" style=\"width: 410px\" class=\"wp-caption aligncenter\"><a href=\"http:\/\/erikcarnets.fr\/wp-content\/uploads\/Jardins_christie_4.jpg\"><img loading=\"lazy\" decoding=\"async\" aria-describedby=\"caption-attachment-585\" class=\"wp-image-585\" src=\"http:\/\/erikcarnets.fr\/wp-content\/uploads\/Jardins_christie_4-300x169.jpg\" alt=\"Les Terrasses\" width=\"400\" height=\"225\" srcset=\"https:\/\/erikcarnets.fr\/wp-content\/uploads\/Jardins_christie_4-300x169.jpg 300w, https:\/\/erikcarnets.fr\/wp-content\/uploads\/Jardins_christie_4-1024x576.jpg 1024w, https:\/\/erikcarnets.fr\/wp-content\/uploads\/Jardins_christie_4.jpg 1066w\" sizes=\"auto, (max-width: 400px) 100vw, 400px\" \/><\/a><p id=\"caption-attachment-585\" class=\"wp-caption-text\">Les Terrasses<\/p><\/div>\n<ul>\n<li>Thir\u00e9<\/li>\n<li>Les Jardins de William Christie, Les Terrasses<\/li>\n<li>28 ao\u00fbt 2015, 18h45<\/li>\n<li>Un Jardin \u00e0 l&rsquo;italienne, extraits<\/li>\n<li>Lucia Martin-Carton, soprano<\/li>\n<li>Lea Desandre, mezzo-soprano<\/li>\n<li>Carlo Vistoli, contre-t\u00e9nor<\/li>\n<li>Nicholas Scott, t\u00e9nor<\/li>\n<li>Renato Dolcini, baryton<\/li>\n<li>John Taylor Ward, basse<\/li>\n<li>Musiciens de Arts Florissants et \u00e9l\u00e8ves de la Julliard School<\/li>\n<li>William Christie, direction<\/li>\n<\/ul>\n<h6>7 &#8211; Concert du soir : Un Jardin \u00e0 l&rsquo;italienne<\/h6>\n<p style=\"text-align: justify;\">Le soir arrive, et les jardins prennent de belles teintes&#8230; l&rsquo;arriv\u00e9e sur la pi\u00e8ce d&rsquo;eau en devient plus belle encore que dans l&rsquo;apr\u00e8s-midi. Le plateau est d\u00e9barrass\u00e9 des protections contre la pluie, les lumi\u00e8res se font plus douces et petit \u00e0 petit le public s&rsquo;installe. Tous ou presque ont pass\u00e9 une heure dans les jardins \u00e0 se restaurer ou se promener, certains ayant pr\u00e9vu un pique-nique digne de Glyndebourne alors que d&rsquo;autres se reposent autour d&rsquo;un simple verre.<\/p>\n<div id=\"attachment_586\" style=\"width: 410px\" class=\"wp-caption aligncenter\"><a href=\"http:\/\/erikcarnets.fr\/wp-content\/uploads\/Jardins_christie_3.jpg\"><img loading=\"lazy\" decoding=\"async\" aria-describedby=\"caption-attachment-586\" class=\"wp-image-586\" src=\"http:\/\/erikcarnets.fr\/wp-content\/uploads\/Jardins_christie_3-300x169.jpg\" alt=\"Le Verger\" width=\"400\" height=\"225\" srcset=\"https:\/\/erikcarnets.fr\/wp-content\/uploads\/Jardins_christie_3-300x169.jpg 300w, https:\/\/erikcarnets.fr\/wp-content\/uploads\/Jardins_christie_3-1024x576.jpg 1024w, https:\/\/erikcarnets.fr\/wp-content\/uploads\/Jardins_christie_3.jpg 1066w\" sizes=\"auto, (max-width: 400px) 100vw, 400px\" \/><\/a><p id=\"caption-attachment-586\" class=\"wp-caption-text\">Le Verger<\/p><\/div>\n<p style=\"text-align: justify;\">Les lumi\u00e8res continuent \u00e0 baisser et c&rsquo;est dans un d\u00e9but de cr\u00e9puscule que les musiciens font leur entr\u00e9e sur la sc\u00e8ne flottante du Miroir d&rsquo;Eau. La perspective est splendide avec les arcades de v\u00e9g\u00e9tation au fond. Durant tout le concert, les lumi\u00e8res vont prendre en importance pendant que le soleil se couche et est remplac\u00e9 par une lune quasi-pleine qui joue \u00e0 cache-cache avec les nuages. On se sent dans un autre monde\u00a0: tout le public est envout\u00e9, ne s\u2019offusquant m\u00eame pas quand un petit chat d\u00e9cide de passer de genoux en genoux pendant la musique.<\/p>\n<p style=\"text-align: justify;\">La musique justement est exclusivement extraite d\u2019\u0153uvres italiennes, depuis les pr\u00e9misses de l&rsquo;\u00e9cole italienne jusqu&rsquo;au d\u00e9but du pr\u00e9-romantisme. Beaucoup de styles sont ainsi exploit\u00e9s entre la rigueur du madrigal et le bouffon des pi\u00e8ces de Cimarosa ou Haydn. Comme toujours avec <strong>William Christie<\/strong>, le style musical est parfait. Les chanteurs ont \u00e9t\u00e9 extr\u00eamement bien pr\u00e9par\u00e9s et les musiciens donnent beaucoup de finesse ou de couleur. Le seul reproche que l&rsquo;on pourrait faire est que l&rsquo;orchestre para\u00eet \u00e0 certains moments trop l\u00e9gers pour jouer Haendel et la grande sc\u00e8ne de folie d&rsquo;Orlando. Mais l\u2019acoustique du lieux ainsi que le large r\u00e9pertoire ne sont pas forc\u00e9ment propices aux effets que demande cette sc\u00e8ne dramatique.<\/p>\n<div id=\"attachment_593\" style=\"width: 410px\" class=\"wp-caption aligncenter\"><a href=\"http:\/\/erikcarnets.fr\/wp-content\/uploads\/Jardins_christie_12.jpg\"><img loading=\"lazy\" decoding=\"async\" aria-describedby=\"caption-attachment-593\" class=\"wp-image-593\" src=\"http:\/\/erikcarnets.fr\/wp-content\/uploads\/Jardins_christie_12-300x200.jpg\" alt=\"William Christie\" width=\"400\" height=\"266\" srcset=\"https:\/\/erikcarnets.fr\/wp-content\/uploads\/Jardins_christie_12-300x200.jpg 300w, https:\/\/erikcarnets.fr\/wp-content\/uploads\/Jardins_christie_12-1024x682.jpg 1024w, https:\/\/erikcarnets.fr\/wp-content\/uploads\/Jardins_christie_12.jpg 1200w\" sizes=\"auto, (max-width: 400px) 100vw, 400px\" \/><\/a><p id=\"caption-attachment-593\" class=\"wp-caption-text\">William Christie<\/p><\/div>\n<p style=\"text-align: justify;\">Le programme se d\u00e9coupe en deux parties\u00a0: la premi\u00e8re d\u00e9veloppe une cantate de Stradella aux moyens d&rsquo;airs extraits d&rsquo;autres compositeurs. C&rsquo;est ici l&rsquo;amour et tous les drames qui en d\u00e9coulent qui sont expos\u00e9s\u00a0: on passe ainsi par toutes les \u00e9motions, depuis l&rsquo;amour jusqu&rsquo;au suicide en passant par la folie. La deuxi\u00e8me partie sera plus l\u00e9g\u00e8re avec des \u0153uvres parodiques autour de l&rsquo;op\u00e9ra. Dans chacune des parties, les chanteurs sont parfaitement \u00e0 l&rsquo;aise dans les attitudes et les interactions voulues par la mise en espace de <strong>Sophie Daneman<\/strong>. Chacun dispose d&rsquo;un moment pour briller ou \u00e9mouvoir, le programme donnant toute latitude \u00e0 ces artistes pour s&rsquo;exprimer.<\/p>\n<p style=\"text-align: justify;\">\u00c0 l&rsquo;\u00e9coute de la soprano <strong>Lucia Martin-Carton<\/strong>, on retrouve une partie de ce qui a forg\u00e9 l&rsquo;image du chant baroque tel que l&rsquo;a mis en avant William Christie\u00a0: la voix est l\u00e9g\u00e8re et fine mais avec une belle expressivit\u00e9. On pense \u00e0 la jeune De Negri ou quelque fois \u00e0 Agn\u00e8s Mellon bien s\u00fbr pour cet instrument qui semble pr\u00eat \u00e0 se briser mais qui toujours sonne et brille. Sa prestation dans la cantate de Stradella la montre parfaite pour donner vie \u00e0 la Beaut\u00e9. Le chant est parfaitement cisel\u00e9 et vari\u00e9, sans pour autant qu&rsquo;on y entende une d\u00e9monstration ou un exercice. En gagnant un peu d&rsquo;assise, la voix sera s\u00fbrement parfaitement adapt\u00e9 dans quelques ann\u00e9es pour la trag\u00e9die lyrique fran\u00e7aise. Bien s\u00fbr il est difficile de juger ici de la prononciation et du style fran\u00e7ais puisque ne sont propos\u00e9s que des airs italiens. Mais que ce soit dans le s\u00e9rieux de la cantate ou la folie de la parodie, <strong>Lucia Martin-Carton<\/strong> se montre d&rsquo;une grande habilet\u00e9 et d&rsquo;une belle aisance.<\/p>\n<div id=\"attachment_594\" style=\"width: 410px\" class=\"wp-caption aligncenter\"><a href=\"http:\/\/erikcarnets.fr\/wp-content\/uploads\/Jardins_christie_11.jpg\"><img loading=\"lazy\" decoding=\"async\" aria-describedby=\"caption-attachment-594\" class=\"wp-image-594\" src=\"http:\/\/erikcarnets.fr\/wp-content\/uploads\/Jardins_christie_11-300x200.jpg\" alt=\"Lucia Martin-Carton (soprano), Renato Dolcini (baryton), Lea Desandre (mezzo-soprano)\" width=\"400\" height=\"266\" srcset=\"https:\/\/erikcarnets.fr\/wp-content\/uploads\/Jardins_christie_11-300x200.jpg 300w, https:\/\/erikcarnets.fr\/wp-content\/uploads\/Jardins_christie_11-1024x682.jpg 1024w, https:\/\/erikcarnets.fr\/wp-content\/uploads\/Jardins_christie_11.jpg 1200w\" sizes=\"auto, (max-width: 400px) 100vw, 400px\" \/><\/a><p id=\"caption-attachment-594\" class=\"wp-caption-text\">Lucia Martin-Carton (soprano), Renato Dolcini (baryton), Lea Desandre (mezzo-soprano)<\/p><\/div>\n<p style=\"text-align: justify;\">Comme indiqu\u00e9 plus haut, la mezzo-soprano <strong>Lea Desandre<\/strong> poss\u00e8de une certaine parent\u00e9 avec D&rsquo;Oustrac. Parent\u00e9 dans l&rsquo;\u00e9loquence du discours et dans le timbre assez clair. Malheureusement, elle ne peut donner toute sa mesure dans ce programme. L&rsquo;air de Vivaldi ne la montre pas d&rsquo;une virtuosit\u00e9 d\u00e9brid\u00e9e, alors que la partie comique la trouve plus fine et joueuse. La part tragique que semble contenir cette voix n&rsquo;est pas v\u00e9ritablement exploit\u00e9e ici o\u00f9 il lui manque un support plus fort dans le texte. Malgr\u00e9 tout, sa prestation est parfaite de tenue\u00a0: le style est parfait et la voix sonne de belle fa\u00e7on. L\u00e0 o\u00f9 le timbre de Lucia Martin-Carton semble devoir encore s&rsquo;\u00e9panouir, nous entendons ici une chanteuse d\u00e9j\u00e0 apte \u00e0 affronter les grands r\u00f4les du r\u00e9pertoire baroque.<\/p>\n<p style=\"text-align: justify;\">Le contre-t\u00e9nor est aujourd&rsquo;hui la star du r\u00e9pertoire baroque, devenant l&rsquo;attraction principale de bien des productions. <strong>Carlo Vistoli<\/strong> se montre assez diff\u00e9rent des plus connus par sa sobri\u00e9t\u00e9 et son expressivit\u00e9. Sans doute plus \u00e0 l&rsquo;aise dans Monteverdi que Haendel, le contre-t\u00e9nor fait merveille en Amour dans la cantate de Stradella alors que sa sc\u00e8ne de folie de Orlando manque vraiment d&rsquo;angles et de charisme. Encore jeune, le contre-t\u00e9nor se montre donc plus port\u00e9 actuellement vers les d\u00e9buts du baroque que vers la folie qui suivra avec Vivaldi, Haendel ou d&rsquo;autres compositeurs pour castra rois. Dans En cela il correspond bien aux pr\u00e9f\u00e9rences du chef qui exploite le contre-t\u00e9nor principalement dans le r\u00e9pertoire le plus ancien de l&rsquo;histoire musicale.<\/p>\n<div id=\"attachment_595\" style=\"width: 410px\" class=\"wp-caption aligncenter\"><a href=\"http:\/\/erikcarnets.fr\/wp-content\/uploads\/Jardins_christie_10.jpg\"><img loading=\"lazy\" decoding=\"async\" aria-describedby=\"caption-attachment-595\" class=\"wp-image-595\" src=\"http:\/\/erikcarnets.fr\/wp-content\/uploads\/Jardins_christie_10-300x200.jpg\" alt=\"Carlo Vistoli (contre-t\u00e9nor), John Taylor Ward (basse), Nicholas Scott (\u00e9nor), Lea Desandre (mezzo-soprano)\" width=\"400\" height=\"266\" srcset=\"https:\/\/erikcarnets.fr\/wp-content\/uploads\/Jardins_christie_10-300x200.jpg 300w, https:\/\/erikcarnets.fr\/wp-content\/uploads\/Jardins_christie_10-1024x682.jpg 1024w, https:\/\/erikcarnets.fr\/wp-content\/uploads\/Jardins_christie_10.jpg 1200w\" sizes=\"auto, (max-width: 400px) 100vw, 400px\" \/><\/a><p id=\"caption-attachment-595\" class=\"wp-caption-text\">Carlo Vistoli (contre-t\u00e9nor), John Taylor Ward (basse), Nicholas Scott (\u00e9nor), Lea Desandre (mezzo-soprano)<\/p><\/div>\n<p style=\"text-align: justify;\">Si les premiers moments du t\u00e9nor <strong>Nicholas Scott<\/strong> montrent un timbre assez peu agr\u00e9able, la suite nous fait entendre un v\u00e9ritable haute-contre \u00e0 la fran\u00e7aise. La maitrise de la voix mixte et un chant raffin\u00e9 le pr\u00e9destinent plut\u00f4t \u00e0 Lully qu&rsquo;\u00e0 Mozart ou Haendel. Le t\u00e9nor est de plus tr\u00e8s fin dans ses caract\u00e9risations ou nuances, donnant beaucoup de vie \u00e0 son compositeur. La virtuosit\u00e9 ne lui fait pas d\u00e9faut pour autant, osant des mont\u00e9es dans l&rsquo;aigu audacieuses (l&rsquo;un de ces aigus sera d&rsquo;ailleurs tr\u00e8s difficile). Un petit peu d\u2019esbroufe bien s\u00fbr, mais \u00e0 bon escient puisque c&rsquo;est pour montrer ce compositeur star qui courtise deux jeunes chanteuses.<\/p>\n<p style=\"text-align: justify;\"><strong>Renato Dolcini<\/strong> surprend\u00a0: manifestement plus \u00e2g\u00e9 que ses camarades, la voix de ce baryton est aussi beaucoup plus large et charpent\u00e9e. Mais cela ne l&#8217;emp\u00eache pas d&rsquo;assumer la virtuosit\u00e9 de l&rsquo;Orlando de Vivaldi (\u00e9trangement transpos\u00e9 pour baryton!). Le chanteur ma\u00eetrise tr\u00e8s bien ses effets, aussi facile dans la folie joyeuse que dans la plus douloureuse. Si le chant manque peut-\u00eatre un peu de hauteur et de raffinement, l&rsquo;effet produit est remarquable. Il semble de plus particuli\u00e8rement \u00e0 l&rsquo;aise tant dans le jeu que dans l&rsquo;expression. Difficile de le voir dans la distanciation des r\u00e9pertoires les plus anciens, mais il s&rsquo;imposera sans soucis dans le r\u00e9pertoire classique ou romantique avec l&rsquo;impact de sa voix puissante.<\/p>\n<div id=\"attachment_592\" style=\"width: 410px\" class=\"wp-caption aligncenter\"><a href=\"http:\/\/erikcarnets.fr\/wp-content\/uploads\/Jardins_christie_13.jpg\"><img loading=\"lazy\" decoding=\"async\" aria-describedby=\"caption-attachment-592\" class=\"wp-image-592\" src=\"http:\/\/erikcarnets.fr\/wp-content\/uploads\/Jardins_christie_13-300x200.jpg\" alt=\"Les Solistes du Jardin des Voix 2015\" width=\"400\" height=\"266\" srcset=\"https:\/\/erikcarnets.fr\/wp-content\/uploads\/Jardins_christie_13-300x200.jpg 300w, https:\/\/erikcarnets.fr\/wp-content\/uploads\/Jardins_christie_13-1024x682.jpg 1024w, https:\/\/erikcarnets.fr\/wp-content\/uploads\/Jardins_christie_13.jpg 1200w\" sizes=\"auto, (max-width: 400px) 100vw, 400px\" \/><\/a><p id=\"caption-attachment-592\" class=\"wp-caption-text\">Les Solistes du Jardin des Voix 2015<\/p><\/div>\n<p style=\"text-align: justify;\">Le gros point d&rsquo;interrogation vient de la voix de <strong>John Taylor Ward<\/strong>. Grand et jeune, cette basse poss\u00e8de une couleur extr\u00eamement claire. Bien s\u00fbr quelques graves le montrent \u00e0 l&rsquo;aise dans les profondeurs de la tessiture, mais il manque tout de m\u00eame tout un soutien et une couleur pour v\u00e9ritablement pouvoir s&rsquo;affirmer dans le r\u00e9pertoire de basse. Un Marc Mauillon a le timbre tr\u00e8s clair d&rsquo;un t\u00e9nor alors qu&rsquo;il est baryton, mais le bas de sa tessiture gronde de belle mani\u00e8re l\u00e0 o\u00f9 Ward ne semble avoir que l&rsquo;extr\u00eame grave un peu sombre et marquant. Le reste de la voix semble m\u00eame plus claire que celle de Dolcini pourtant baryton d\u00e9j\u00e0 assez clair. Mais en dehors de ces couleurs, la prestation est tr\u00e8s bonne, aussi \u00e0 l&rsquo;aise dans le cynisme, l&rsquo;humour ou la gravit\u00e9. A bient\u00f4t trente ans, la voix de basse n&rsquo;est peut-\u00eatre pas encore tout \u00e0 fait d\u00e9velopp\u00e9e, mais reste \u00e0 savoir si ce n&rsquo;est pas un r\u00e9pertoire un peu plus haut qui lui permettrait de plus exposer sa voix pourtant bien conduite.<\/p>\n<div id=\"attachment_591\" style=\"width: 410px\" class=\"wp-caption aligncenter\"><a href=\"http:\/\/erikcarnets.fr\/wp-content\/uploads\/Jardins_christie_7.jpg\"><img loading=\"lazy\" decoding=\"async\" aria-describedby=\"caption-attachment-591\" class=\"wp-image-591\" src=\"http:\/\/erikcarnets.fr\/wp-content\/uploads\/Jardins_christie_7-300x200.jpg\" alt=\"Un Jardin \u00e0 l'Italienne\" width=\"400\" height=\"266\" srcset=\"https:\/\/erikcarnets.fr\/wp-content\/uploads\/Jardins_christie_7-300x200.jpg 300w, https:\/\/erikcarnets.fr\/wp-content\/uploads\/Jardins_christie_7-1024x682.jpg 1024w, https:\/\/erikcarnets.fr\/wp-content\/uploads\/Jardins_christie_7.jpg 1200w\" sizes=\"auto, (max-width: 400px) 100vw, 400px\" \/><\/a><p id=\"caption-attachment-591\" class=\"wp-caption-text\">Un Jardin \u00e0 l&rsquo;Italienne<\/p><\/div>\n<p style=\"text-align: justify;\">Ces six jeunes chanteurs vont recevoir bien s\u00fbr un grand triomphe au final, et proposeront trois bis au public chaleureux. On note une belle complicit\u00e9 entre eux mais aussi le chef qui n&rsquo;h\u00e9site pas \u00e0 participer au dernier bis, dirig\u00e9 face au public et entour\u00e9 de ses jeunes pousses. La rel\u00e8ve semble bien l\u00e0, et comme toujours, <strong>William Christie<\/strong> se montre un p\u00e9dagogue attentif, donnant un v\u00e9ritable sens du style \u00e0 ces chanteurs d\u00e9j\u00e0 confirm\u00e9s. On reconna\u00eet dans les couleurs et les types de voix la patte du ma\u00eetre bien s\u00fbr, et il serait passionnant de pouvoir comparer ces chanteurs avant et apr\u00e8s avoir travaill\u00e9 durant ces mois du Jardin des Voix.<\/p>\n<ul>\n<li>Thir\u00e9<\/li>\n<li>Les Jardins de William Christie, Le Miroir d&rsquo;Eau<\/li>\n<li>28 ao\u00fbt 2015, 20h30<\/li>\n<li>Un Jardin \u00e0 l&rsquo;italienne, L&rsquo;Accademia d&rsquo;Amore, 7\u00e8me \u00e9dition du Jardin des Voix<\/li>\n<li>Adriano Banchieri (1568-1634), Il Zabaione musicale\u00a0: Gi\u00e0 che ridotti siamo (tous)<\/li>\n<li>Alessandro Stradella (1639-1682), Amanti ol\u00e0 ol\u00e0, Accademia d&rsquo;Amore\u00a0: Sinfonia, Lento<\/li>\n<li>Orazio Vecchi (1550-1605)\u00a0: Le Veglie di Siena, overo i varii humori della musica moderna\u00a0: L&rsquo;humore musicale (tous)<\/li>\n<li>Alessandro Stradella (1639-1682), Amanti ol\u00e0 ol\u00e0, Accademia d&rsquo;Amore\u00a0: Sinfonia, Allegro \u2013 Coro\u00a0: Amanti, ol\u00e0, ol\u00e0 (tous) \u2013 Recitativo\u00a0: Hor non fia chi paventi (contre-t\u00e9nor) \u2013 Duo\u00a0: Damore e l&rsquo;invito (soprano, mezzo-soprano) \u2013 Recitativo\u00a0: Che sia dlla belt\u00e0 (soprano) \u2013 Aria\u00a0: La belt\u00e0 d&rsquo;un vago viso (soprano) \u2013 Recitativo\u00a0: Chi va se delirante (soprano)<\/li>\n<li>George Friederich Haendel (1685-1759), Orlando \u2013 Aria\u00a0: Ah\u00a0! Stigie larve, ah\u00a0! Scelerati spettri\u00a0! (contre-t\u00e9nor)<\/li>\n<li>Giaches de Wert (1535-1596), Madrigale du 5\u00e8 livre de Madrigale \u00e0 cinq voix\u00a0: Queste non son pi\u00f9 lagrime (tous)<\/li>\n<li>Antonio Vivaldi (1678-1741), Orlando furioso \u2013 Aria\u00a0: Ah sleale, ah spergiura (baryton)<\/li>\n<li>George Friederich Haendel (1685-1759), Il trionfo del Tempo e del Disinganno \u2013 Aria\u00a0: Lascia la spina cogli la rosa (soprano)<\/li>\n<li>Antonio Vivaldi (1678-1741), Ottone in Villa \u2013 Aria\u00a0: Gelosia, tu gi\u00e0 rendi l&rsquo;alma mia (mezzo-soprano)<\/li>\n<li>Antonia Vivaldi (1678-1741), La virt\u00f9 trionfante dell&rsquo;amore e dell&rsquo;odio \u2013 Aria\u00a0: Care pupille (t\u00e9nor)<\/li>\n<li>Alessandro Stradella (1639-1682), Amanti ol\u00e0 ol\u00e0, Accademia d&rsquo;Amore \u2013 Recitativo\u00a0: Bench\u00e9 ascritto non sia d&rsquo;amor nell&rsquo;Accademia (basse) \u2013 Aria\u00a0: Si guardi dai dardi d&rsquo;Amor (basse) \u2013 Recitativo\u00a0: Unito il Disinganno a la Ragione (contre-t\u00e9nor) \u2013 Madrigale\u00a0: Sono Maestro \u00e8 Amore (tous)<\/li>\n<li>Domenico Cimarosa (1749-1801), L&rsquo;Impresario in angustie\u00a0: V\u00e8 che matta, maledetta (soprano, mezzo-soprano, t\u00e9nor, baryton)<\/li>\n<li>Joseph Haydn (1732-1809), La Canterina \u2013 Recitativo\u00a0: Donne belle\u00a0! (t\u00e9nor) \u2013 Recitativo e Aria\u00a0: Che mai far deggio (t\u00e9nor) \u2013 Recitativo\u00a0: Che dici\u00a0? (soprano, mezzo-soprano, t\u00e9nor)<\/li>\n<li>Domenico Sarro (1679-1744), L&rsquo;impresario delle Canarie \u2013 Intermezzo Seconda (mezzo-soprano) \u2013 Intermezzo Primo (mezzo-soprano, basse)<\/li>\n<li>Wolfgang Amadeus Mozart (1756-1791), Ariette f\u00fcr Bass und Orchester\u00a0: Un bacio di mano (mezzo-soprano)<\/li>\n<li>Joseph Haydn (1732-1809), La Canterina \u2013 Quartetto\u00a0: Scellerata\u00a0! Mancatrice\u00a0! Traditrice\u00a0! (soprano, mezzo-soprano, t\u00e9nor, baryton)<\/li>\n<li>Nicola Porpora (1686-1768), Cantata a voce sola\u00a0: Oh se fosse il moi core (contre-t\u00e9nor)<\/li>\n<li>Joseph Haydn (1732-1809), Orlando paladino \u2013 Finale\u00a0: Son confuso e stupefatto (tous)<\/li>\n<li>Lucia Martin-Carton, soprano<\/li>\n<li>Lea Desandre, mezzo-soprano<\/li>\n<li>Carlo Vistoli, contre-t\u00e9nor<\/li>\n<li>Nicholas Scott, t\u00e9nor<\/li>\n<li>Renato Dolcini, baryton<\/li>\n<li>John Taylor Ward, basse<\/li>\n<li>Sophie Dename, Paul Agnew, Mise en espace<\/li>\n<li>Musiciens de Arts Florissants et \u00e9l\u00e8ves de la Julliard School<\/li>\n<li>William Christie, direction<\/li>\n<\/ul>\n<h6>8 &#8211; M\u00e9ditations \u00e0 l&rsquo;aube de la nuit : Musique sacr\u00e9e de John Dowland<\/h6>\n<p style=\"text-align: justify;\">Alors que le grand concert se termine, une partie du public se dirige dans la nuit vers l&rsquo;\u00e9glise de Thir\u00e9. Des petits groupes traversent la ville pour attendre devant l&rsquo;entr\u00e9e dans l&rsquo;\u00e9glise. Ce sera le point final d&rsquo;une journ\u00e9e riche en \u00e9motions et en beaut\u00e9s musicales. Le public est restreint et le programme assez court. Avec cette vingtaine de minutes de musique de John Dowland, <strong>Paul Agnew<\/strong> propose une apoth\u00e9ose apaisante. Aucun applaudissement en fin de concert, juste la demande d&rsquo;un silence qui sera malheureusement trop court.<\/p>\n<div id=\"attachment_590\" style=\"width: 410px\" class=\"wp-caption aligncenter\"><a href=\"http:\/\/erikcarnets.fr\/wp-content\/uploads\/Jardins_christie_9.jpg\"><img loading=\"lazy\" decoding=\"async\" aria-describedby=\"caption-attachment-590\" class=\"wp-image-590\" src=\"http:\/\/erikcarnets.fr\/wp-content\/uploads\/Jardins_christie_9-300x225.jpg\" alt=\"Entr\u00e9e de l'Eglise de Thir\u00e9\" width=\"400\" height=\"300\" srcset=\"https:\/\/erikcarnets.fr\/wp-content\/uploads\/Jardins_christie_9-300x225.jpg 300w, https:\/\/erikcarnets.fr\/wp-content\/uploads\/Jardins_christie_9.jpg 800w\" sizes=\"auto, (max-width: 400px) 100vw, 400px\" \/><\/a><p id=\"caption-attachment-590\" class=\"wp-caption-text\">Entr\u00e9e de l&rsquo;Eglise de Thir\u00e9<\/p><\/div>\n<p style=\"text-align: justify;\">L&rsquo;\u00e9glise de Thir\u00e9 n&rsquo;est peut-\u00eatre pas le cadre le meilleur d&rsquo;un point de vue acoustique. Si l&rsquo;int\u00e9rieur est tr\u00e8s beau avec ses murs blancs, ses dimensions r\u00e9duites et l&rsquo;autel comme d\u00e9cor&#8230; le son semble se perdre et r\u00e9sonner plus que de raison ici. D\u00e8s que les instruments jouent ensemble, le son peine \u00e0 arriver distinct \u00e0 l&rsquo;auditeur. Pourtant, cette musique de Dowland demande une finesse d&rsquo;expression qui semble bien donn\u00e9e \u00e0 la fois par les musiciens de la Julliard School que par <strong>Thomas Dunford<\/strong> ou <strong>Paul Agnew<\/strong>. Mais le son rebondi et se perd. Agnew est rapidement noy\u00e9 par l&rsquo;accompagnement alors que les cordes frott\u00e9es \u00e9crasent l&rsquo;archi-luth. Un simple accompagnement par ce dernier aurait sans doute apport\u00e9 plus de retenue et un effet plus direct.<\/p>\n<div id=\"attachment_589\" style=\"width: 410px\" class=\"wp-caption aligncenter\"><a href=\"http:\/\/erikcarnets.fr\/wp-content\/uploads\/Jardins_christie_8.jpg\"><img loading=\"lazy\" decoding=\"async\" aria-describedby=\"caption-attachment-589\" class=\"wp-image-589\" src=\"http:\/\/erikcarnets.fr\/wp-content\/uploads\/Jardins_christie_8-300x168.jpg\" alt=\"M\u00e9ditations \u00e0 l'aube de la Nuit\" width=\"400\" height=\"224\" srcset=\"https:\/\/erikcarnets.fr\/wp-content\/uploads\/Jardins_christie_8-300x168.jpg 300w, https:\/\/erikcarnets.fr\/wp-content\/uploads\/Jardins_christie_8.jpg 900w\" sizes=\"auto, (max-width: 400px) 100vw, 400px\" \/><\/a><p id=\"caption-attachment-589\" class=\"wp-caption-text\">M\u00e9ditations \u00e0 l&rsquo;aube de la Nuit<\/p><\/div>\n<p style=\"text-align: justify;\">Malgr\u00e9 ce soucis, l&rsquo;atmosph\u00e8re et la tristesse de ces pi\u00e8ces ont emport\u00e9 l&rsquo;ensemble du public\u00a0: tout au long de ces vingt minutes il n&rsquo;y a eu que deux crises de toux et aucun bruit parasite. Il faut dire que non seulement le niveau des musiciens \u00e9tait parfait, mais en plus les deux professionnels apportaient un vrai sentiment de recueillement par leurs attitudes ou leur art. <strong>Paul Agnew<\/strong> semble actuellement \u00e0 son sommet pour ces \u0153uvres\u00a0: balayant une large tessiture avec aisance et gr\u00e2ce, il peut \u00e9viter de forcer sur un instrument peu puissant et donner toute la profondeur n\u00e9cessaire. Un point final magnifique et magique \u00e0 la lumi\u00e8re de toutes ces bougies qui entourent les musiciens.<\/p>\n<ul>\n<li>Thir\u00e9<\/li>\n<li>\u00c9glise de Thir\u00e9<\/li>\n<li>28 ao\u00fbt 2015, 23h15<\/li>\n<li>M\u00e9ditations \u00e0 l&rsquo;Aube de la Nuit, Larmes sacr\u00e9es<\/li>\n<li>John Dowland (1563-1626)\u00a0: Lachrimae Gementes\u00a0; If that a Sinners sighes be Angels food\u00a0; M. John Langton Pavan\u00a0; Goe nightly, cares the enemy to rest\u00a0; Semper Dowland semper dolens<\/li>\n<li>Robert Mealy, violon (professeur \u00e0 la Julliard School)<\/li>\n<li>Cloe Fedor, violon (\u00e9l\u00e8ve de la Julliard School)<\/li>\n<li>Carrie Krause, violon (\u00e9l\u00e8ve de la Julliard School)<\/li>\n<li>Edson Scheid, alto (\u00e9l\u00e8ve de la Julliard School)<\/li>\n<li>Sarah Stone, violoncelle (\u00e9l\u00e8ve de la Julliard School)<\/li>\n<li>Thomas Dunford, archi-luth<\/li>\n<li>Paul Agnew, t\u00e9nor<\/li>\n<\/ul>\n<h6>9 &#8211; Pour finir&#8230; avant l&rsquo;ann\u00e9e prochaine peut-\u00eatre?<\/h6>\n<p style=\"text-align: justify;\">Grande journ\u00e9e donc\u00a0: non seulement par la quantit\u00e9 de musique propos\u00e9e, mais aussi pour l&rsquo;atmosph\u00e8re qui impr\u00e8gne les lieux et les visiteurs. Le calme et le respect semblent de mise ici\u00a0: les artistes se prom\u00e8nent sans \u00eatre jamais accost\u00e9s par des inconnus, la majorit\u00e9 des visiteurs restent respectueux tant de l&rsquo;esprit que des lieux de ce festival. La seule petite d\u00e9ception est la pr\u00e9sence trop importante de fauteuils de plage. Bien s\u00fbr, il peut \u00eatre difficile de passer sa journ\u00e9e debout ou assis par terre (surtout quand tout est d\u00e9tremp\u00e9 comme c&rsquo;\u00e9tait le cas), mais ces chaises rompent la proximit\u00e9 et le caract\u00e8re familiale que d\u00e9gagent les petits concerts dans les jardins.Mais ce n&rsquo;est qu&rsquo;un d\u00e9tail qui ne g\u00e2che en aucun cas la magie de cette journ\u00e9e, en esp\u00e9rant pouvoir y revenir dans les ann\u00e9es qui viennent, avec pourquoi pas une programme baroque fran\u00e7ais pour le Jardin des Voix\u00a0!<\/p>\n","protected":false},"excerpt":{"rendered":"<p>Pour cette quatri\u00e8me ann\u00e9e, William Christie ouvre ses jardins et offre ses musiciens et chanteurs. La qualit\u00e9 est toujours au rendez-vous avec ce grand chef, et ce sera le cas [&hellip;]<\/p>\n","protected":false},"author":1,"featured_media":0,"comment_status":"open","ping_status":"closed","sticky":false,"template":"","format":"standard","meta":{"jetpack_post_was_ever_published":false,"_jetpack_newsletter_access":"","_jetpack_dont_email_post_to_subs":false,"_jetpack_newsletter_tier_id":0,"_jetpack_memberships_contains_paywalled_content":false,"_jetpack_memberships_contains_paid_content":false,"footnotes":"","jetpack_publicize_message":"","jetpack_publicize_feature_enabled":true,"jetpack_social_post_already_shared":true,"jetpack_social_options":{"image_generator_settings":{"template":"highway","default_image_id":0,"font":"","enabled":false},"version":2}},"categories":[28,3],"tags":[55,13],"class_list":["post-582","post","type-post","status-publish","format-standard","hentry","category-concert","category-musique_classique","tag-epoque_baroque","tag-recital","clearfix"],"jetpack_publicize_connections":[],"jetpack_featured_media_url":"","jetpack_shortlink":"https:\/\/wp.me\/p4G2uP-9o","jetpack_sharing_enabled":true,"_links":{"self":[{"href":"https:\/\/erikcarnets.fr\/index.php?rest_route=\/wp\/v2\/posts\/582","targetHints":{"allow":["GET"]}}],"collection":[{"href":"https:\/\/erikcarnets.fr\/index.php?rest_route=\/wp\/v2\/posts"}],"about":[{"href":"https:\/\/erikcarnets.fr\/index.php?rest_route=\/wp\/v2\/types\/post"}],"author":[{"embeddable":true,"href":"https:\/\/erikcarnets.fr\/index.php?rest_route=\/wp\/v2\/users\/1"}],"replies":[{"embeddable":true,"href":"https:\/\/erikcarnets.fr\/index.php?rest_route=%2Fwp%2Fv2%2Fcomments&post=582"}],"version-history":[{"count":12,"href":"https:\/\/erikcarnets.fr\/index.php?rest_route=\/wp\/v2\/posts\/582\/revisions"}],"predecessor-version":[{"id":609,"href":"https:\/\/erikcarnets.fr\/index.php?rest_route=\/wp\/v2\/posts\/582\/revisions\/609"}],"wp:attachment":[{"href":"https:\/\/erikcarnets.fr\/index.php?rest_route=%2Fwp%2Fv2%2Fmedia&parent=582"}],"wp:term":[{"taxonomy":"category","embeddable":true,"href":"https:\/\/erikcarnets.fr\/index.php?rest_route=%2Fwp%2Fv2%2Fcategories&post=582"},{"taxonomy":"post_tag","embeddable":true,"href":"https:\/\/erikcarnets.fr\/index.php?rest_route=%2Fwp%2Fv2%2Ftags&post=582"}],"curies":[{"name":"wp","href":"https:\/\/api.w.org\/{rel}","templated":true}]}}