{"id":455,"date":"2015-02-26T22:56:52","date_gmt":"2015-02-26T21:56:52","guid":{"rendered":"http:\/\/erikcarnets.fr\/\/?p=455"},"modified":"2015-02-26T22:56:52","modified_gmt":"2015-02-26T21:56:52","slug":"massenet-aujourdhui-heritage-et-posterite","status":"publish","type":"post","link":"https:\/\/erikcarnets.fr\/?p=455","title":{"rendered":"Massenet aujourd&rsquo;hui : H\u00e9ritage et post\u00e9rit\u00e9"},"content":{"rendered":"<p style=\"text-align: justify;\"><a href=\"http:\/\/erikcarnets.fr\/wp-content\/uploads\/Masenet_heritage_posterite.jpg\"><img loading=\"lazy\" decoding=\"async\" class=\" size-medium wp-image-456 alignleft\" src=\"http:\/\/erikcarnets.fr\/wp-content\/uploads\/Masenet_heritage_posterite-210x300.jpg\" alt=\"Masenet_heritage_posterite\" width=\"210\" height=\"300\" srcset=\"https:\/\/erikcarnets.fr\/wp-content\/uploads\/Masenet_heritage_posterite-210x300.jpg 210w, https:\/\/erikcarnets.fr\/wp-content\/uploads\/Masenet_heritage_posterite.jpg 419w\" sizes=\"auto, (max-width: 210px) 100vw, 210px\" \/><\/a>Par l&rsquo;entremise de la Biennale Jules Massenet qui se tient \u00e0 Saint-\u00c9tienne, bon nombre d&rsquo;\u0153uvres du compositeur ont \u00e9t\u00e9 remises sur le devant de la sc\u00e8ne, au moins temporairement et souvent le temps d&rsquo;en conserver une trace par un disque. Les 25 et 26 octobre 2012, un colloque a vu se pr\u00e9senter des amateurs, des chercheurs, des compositeurs pour analyser un ce qu&rsquo;\u00e9tait la production de Jules Massenet, son h\u00e9ritage dans les g\u00e9n\u00e9rations qui ont suivi&#8230; et aussi chercher \u00e0 savoir comment Massenet \u00e9tait repr\u00e9sent\u00e9 et pourquoi il a \u00e9t\u00e9 d\u00e9nigr\u00e9 durant de longues ann\u00e9es. La parution des actes de ce colloque ne donne bien s\u00fbr pas toutes les informations qu&rsquo;on pourrait attendre. Il ne faut pas chercher une biographie mais bien des d\u00e9tails sur sa vie, sur ses \u0153uvres ou sa p\u00e9dagogie. Pas d&rsquo;\u00e9tude exhaustive donc. Mais ce livre n&rsquo;en est pas moins passionnant puisqu&rsquo;au travers d&rsquo;articles souvent tr\u00e8s abordables et bien \u00e9crits, on d\u00e9couvre l&rsquo;avis de ses contemporains sur le compositeur et aussi celui de grandes figures modernes.<!--more--><\/p>\n<p style=\"text-align: justify;\">La premi\u00e8re partie du livre traite de l&rsquo;image de Jules Massenet. <strong>Lesley A. Wright<\/strong> nous pr\u00e9sente dans un premier temps les r\u00e9actions des contemporains lors de sa mort. On y d\u00e9couvre d\u00e9j\u00e0 les pr\u00e9mices du reniement de Massenet au travers de l&rsquo;article de Debussy par exemple, qui salut son succ\u00e8s pour rapidement prendre ses distances et ne surtout pas se montrer trop admiratif. Saint-Sa\u00ebns sera encore plus dur (mais on sait qu&rsquo;il n&rsquo;a jamais aim\u00e9 l&rsquo;homme Massenet de son vivant). M\u00eame si son talent est salu\u00e9 ou encore son caract\u00e8re fran\u00e7ais (nous sommes en 1912), on a d\u00e9j\u00e0 les pr\u00e9misses des arguments qui viendront plus tard\u00a0: une volont\u00e9 de plaire avant tout qui aurait brid\u00e9 son art. <strong>Clair Rowden<\/strong> analyse justement ce succ\u00e8s au travers des diff\u00e9rentes caricatures et parodies qui ont salu\u00e9 la carri\u00e8re de Massenet. Et par ces documents on d\u00e9couvre combien ses op\u00e9ras \u00e9taient populaires. Passionnant travail qui t\u00e9moigne d&rsquo;une pratique d\u00e9j\u00e0 vue au XVII\u00e8me si\u00e8cle. Arrive le centenaire de la naissance en 1942 o\u00f9 <strong>Vincent Giroud<\/strong> montre une facette peu s\u00e9duisantes des luttes intestines entre les diff\u00e9rentes personnalit\u00e9s responsables de la musique \u00e0 Paris sous l&rsquo;occupation et combien Pierre Bessand-Massenet (petit fils) se montre intransigeant et autoritaire face aux directeurs de th\u00e9\u00e2tres, provoquant des r\u00e9actions n\u00e9gatives et peu constructives. Ce centenaire de la naissance ne sera finalement pas beaucoup plus brillant que le centenaire de sa mort en France. Vient enfin le jugement des compositeurs post\u00e9rieurs \u00e0 Massenet dans un article assez impressionnant de Jean-Christophe Branger. Suite \u00e0 trois s\u00e9ries de questionnaires r\u00e9alis\u00e9 peu de temps apr\u00e8s sa mort et jusqu&rsquo;en 2012, on d\u00e9couvre entre-autres des avis aussi admiratifs que ceux de Hahn, Charpentier ou Giordano que certains d\u00e9pr\u00e9ciatifs comme pour Leibowitz, Tailleferre ou Pizzetti. Et au milieu, l&rsquo;avis de Messiaen qui avoue presque honteusement et \u00e0 mis mots le plaisir qu&rsquo;il a \u00e0 \u00e9couter la musique de Massenet. On sent d\u00e9j\u00e0 que Massenet devient une ombre g\u00eanante et peu en accord avec la nouvelle g\u00e9n\u00e9ration de musiciens. Par contre en 2012 les sentiments semblent \u00eatre plus r\u00e9fl\u00e9chis et moins \u00e0 charge puisque des compositeurs comme par exemple Dutilleux ou F\u00e9nelon saluent un compositeur important dans l&rsquo;histoire de la musique fran\u00e7aise.<\/p>\n<p style=\"text-align: justify;\">C&rsquo;est ensuite l&rsquo;interpr\u00e9tation de Massenet qui est trait\u00e9 au travers de trois articles. Tout d&rsquo;abord <strong>John Humbley<\/strong> nous dresse un panorama des premiers interpr\u00e8tes de Massenet ou tout du moins ceux qui ont particip\u00e9 \u00e0 des reprises de son vivant. La liste est impressionnante mais montre aussi combien il manque les grandes figures associ\u00e9es au nom du compositeur\u00a0: Sibyl Sanderson, Lucienne Br\u00e9val ou encore Lucy Arbell restent muettes. Georges Thill par contre a beaucoup enregistr\u00e9 Massenet et particip\u00e9 \u00e0 nombre de productions. <strong>Bruno Sebald<\/strong> nous entraine sur les traces de ce t\u00e9nor qui, m\u00eame s&rsquo;il n&rsquo;a pas travaill\u00e9 avec le ma\u00eetre, a h\u00e9rit\u00e9 de la tradition de chant venue directement des cr\u00e9ateurs. On continue \u00e0 avancer dans le temps pour saluer trois grands artistes qui ont donn\u00e9 le coup d\u2019envoi d&rsquo;une red\u00e9couverte de Massenet\u00a0: Richard Bonynge, Joan Sutherland et Huguette Tourangeau. <strong>Sylvia L&rsquo;\u00c9cuyer<\/strong> met en lumi\u00e8re tout le travail de ces trois personnalit\u00e9s et l&rsquo;amour qu&rsquo;elles ont port\u00e9 au compositeur en pesant de toute leur notori\u00e9t\u00e9 pour permettre la renaissance et l&rsquo;enregistrement d\u2019\u0153uvres tomb\u00e9es dans un vague oubli\u00a0: <em>Th\u00e9r\u00e8se<\/em>, <em>Le Roi de Lahore<\/em> et <em>Esclarmonde<\/em>. A noter la pr\u00e9sence d&rsquo;un disque d&rsquo;extraits de quelques cr\u00e9ateurs d&rsquo;\u0153uvres de Massenet, superbement restaur\u00e9s par Ward Marston.<\/p>\n<p style=\"text-align: justify;\">De m\u00eame, trois \u00e9poques sont analys\u00e9es ou presque dans la mise en sc\u00e8ne de Massenet. Dans un premier temps, <strong>C\u00e9cile Auzolle<\/strong> parcoure les programmes de l&rsquo;entre deux-guerres \u00e0 l&rsquo;Op\u00e9ra de Paris pour t\u00e9moigner des diff\u00e9rentes reprises ou cr\u00e9ations, souvent motiv\u00e9es par la famille du compositeur qui joue toujours un r\u00f4le important. Ensuite, <strong>Francis Claudon<\/strong> s&rsquo;attarde sur les mises en sc\u00e8ne de <em>Don Quichotte<\/em> dont la si tourment\u00e9e production dirig\u00e9e par Peter Ustinov\u00a0: souvent des \u00e9checs qui n&rsquo;aident pas la partition \u00e0 s&rsquo;attirer les faveurs du public. Enfin un passionnant comparatif entre deux mises en sc\u00e8ne de <em>Cendrillon<\/em> : Albert Carr\u00e9 en 1899 lors de la cr\u00e9ation et Benjamin Lazar en 2011. On y d\u00e9couvre toutes les r\u00e9f\u00e9rences entre ces deux productions, tout ce que chacun a eu d&rsquo;inventivit\u00e9 pour cr\u00e9er le merveilleux.<\/p>\n<p style=\"text-align: justify;\">La derni\u00e8re partie est d\u00e9volue \u00e0 l&rsquo;h\u00e9ritage de Jules Massenet. Steven Huebner analyse les influences qu&rsquo;ont eu un Wagner et un Massenet chez Debussy. Car m\u00eame si l&rsquo;un comme l&rsquo;autre \u00e9taient publiquement des non-mod\u00e8les, on retrouve au travers d&rsquo;exemples pr\u00e9cis un certain nombre de formules venant de l&rsquo;un ou de l&rsquo;autre et on se rend compte qu&rsquo;au final les deux ont eu une influence importante sur la naissance du style de Debussy. Ensuite, c&rsquo;est Puccini qui est pass\u00e9 au crible par <strong>Michele Girardi<\/strong> : les deux compositeurs ont adapt\u00e9 <em>Manon Lescaut<\/em> mais c&rsquo;est dans <em>H\u00e9rodiade<\/em> que l&rsquo;italien ira trouver son inspiration. On peut en tout cas noter la profonde admiration de Puccini pour la musique de Massenet. Le lien avec Reynaldo Hahn est beaucoup plus direct et profond. En effet, plus qu&rsquo;un simple professeur, Massenet deviendra presque un p\u00e8re pour le jeune Reynaldo. La musique de ce dernier s&rsquo;en ressent d&rsquo;ailleurs mais <strong>Philippe Blay<\/strong> montre aussi la fa\u00e7on dont Hahn, loin de copier son mod\u00e8le, s&rsquo;appropriera l&rsquo;enseignement pour s&rsquo;en abolir. C&rsquo;est un autre \u00e9l\u00e8ve qui t\u00e9moigne ensuite dans l&rsquo;article de <strong>Philippe Cath\u00e9<\/strong> : Charles K\u0153chlin. Ici, c&rsquo;est principalement le p\u00e9dagogue qui est \u00e9voqu\u00e9 et on d\u00e9couvre combien Massenet \u00e9tait ouvert, refusant qu&rsquo;on lui propose une copie de son travail mais au contraire cherchant \u00e0 pousser chaque \u00e9l\u00e8ve vers son style propre. Enfin c&rsquo;est chez Messiaen que se tournent <strong>Yves Balmer<\/strong> et <strong>Christopher Brent Murray<\/strong>. Si Massenet est peu cit\u00e9 dans les inspirations du compositeur, les deux r\u00e9dacteurs de l&rsquo;article ont trouv\u00e9 beaucoup d&rsquo;exemple montrant combien l&rsquo;harmonie de Messiaen s&rsquo;appuyait sur des travaux de Massenet. D&rsquo;ailleurs Messiaen l&rsquo;avouait lui-m\u00eame\u00a0: \u00ab\u00a0Ajoutez \u00e0 cela que j&rsquo;aime Massenet, parce qu&rsquo;il est tonal, bien harmonis\u00e9, et vous aurez quelque id\u00e9e de mon style\u00a0\u00bb (Le Monde Musical, 30 avril 1939). Et ici les exemples sont montr\u00e9s de mani\u00e8re impressionnante.<\/p>\n<p style=\"text-align: justify;\">De m\u00eame que <strong>Philippe F\u00e9nelon<\/strong> dans le pr\u00e9ambule avoue avoir regard\u00e9 pendant longtemps Massenet avec une certaine suspicion, <strong>G\u00e9rard Cond\u00e9<\/strong> nous retrace sa d\u00e9couverte de Massenet. Il avoue ainsi que sa premi\u00e8re vision de <em>Werther<\/em> (en 1966) \u00e9tait principalement motiv\u00e9e par une volont\u00e9 de voir combien la partition \u00e9tait indigne du sujet&#8230; puis nous montre son parcours qui co\u00efncide avec la red\u00e9couverte progressive et le retour en gr\u00e2ce (relatif!) de Jules Massenet. Cet article conclue tr\u00e8s bien le volume puisqu&rsquo;il est l&rsquo;exemple m\u00eame du jeune compositeur d\u00e9daigneux qui, en laissant les pr\u00e9jug\u00e9s derri\u00e8re lui, d\u00e9couvre un compositeur tr\u00e8s int\u00e9ressant et qui ne m\u00e9rite pas cette r\u00e9putation d&rsquo;\u00eatre juste un faiseur de succ\u00e8s peu aventureux.<\/p>\n<p style=\"text-align: justify;\">La lecture de ce livre est tr\u00e8s int\u00e9ressante malgr\u00e9 quelques articles assez ardus pour une personne ayant des notions plus que limit\u00e9es en solf\u00e8ge&#8230; mais m\u00eame sans forc\u00e9ment en comprendre tous les arguments musicologiques, il informe sur l&rsquo;accueil a posteriori d&rsquo;un compositeur comme Massenet et cherche \u00e0 voir quelle influence il aura eu chez de grandes figures a priori assez lointaines du style du compositeur.<\/p>\n<ul>\n<li>Massenet aujourd&rsquo;hui\u00a0: H\u00e9ritage et post\u00e9rit\u00e9<\/li>\n<li>Sous la direction de Jean-Christophe Branger et Vincent Giroud<\/li>\n<li>Vincent Bergeot : Avant-propos<\/li>\n<li>Philippe F\u00e9nelon : Pr\u00e9ambule<\/li>\n<li>Jean-Christophe Branger et Vincent Giroud : Introduction<\/li>\n<li>Lesley A. Wright (traduction : Jacqueline Disegni) : La mort de Massenet : r\u00e9actions des contemporains<\/li>\n<li>Clair Rowden : M\u00e9morialisation, comm\u00e9moration et commercialisation : Massenet et la caricature<\/li>\n<li>Vincent Giroud : Le centenaire de la naissance : Massenet en 1942<\/li>\n<li>Jean-Christophe Branger : Massenet post mortem : le jugement des compositeurs<\/li>\n<li>John Humbley : Les premiers interpr\u00e8tes de Massenet au disque : inventaire pr\u00e9liminaire<\/li>\n<li>Bruno Sebald : Georges Thill, interpr\u00e8te de Massenet : ses enregistrements historiques<\/li>\n<li>Sylvia L\u2019\u00c9cuyer : Trois grands interpr\u00e8tes de Massenet : Richard Bonynge, Joan Sutherland et &#8211; Huguette Tourangeau<\/li>\n<li>C\u00e9cile Auzolle : Massenet au Palais Garnier dans l\u2019entre-deux-guerres : l\u2019action de Jacques Rouch\u00e9<\/li>\n<li>Francis Claudon : Don Quichotte chez Liebermann et quelques autres<\/li>\n<li>Jonathan Parisi : Mettre en sc\u00e8ne Cendrillon : d\u2019Albert Carr\u00e9 (1899) \u00e0 Benjamin Lazar (2011)<\/li>\n<li>Steven Huebner : Entre Massenet et Wagner :Les enjeux de l\u2019influence chez Debussy<\/li>\n<li>Michele Girardi (traduit de l\u2019italien par Lisa Guigonis) : Massenet \u00e0 Puccini, \u00ab Heureux de votre grand triomphe \u00bb : un ma\u00eetre fran\u00e7ais pour un g\u00e9nie italien<\/li>\n<li>Philippe Blay : Du p\u00e8re au pair : Reynaldo Hahn et Jules Massenet<\/li>\n<li>Philippe Cath\u00e9 : Charles K\u0153chlin , \u00ab Souvenirs de la classe Massenet \u00bb<\/li>\n<li>Yves Balmer \u2013 Christopher Brent Murray : Jules Massenet : un improbable \u00ab mod\u00e8le \u00bb pour Olivier Messiaen ? Contribution \u00e0 l\u2019\u00e9tude de la r\u00e9ception de Massenet au XXe si\u00e8cle<\/li>\n<li>G\u00e9rard Cond\u00e9 : Comment Massenet est redevenu actuel : une red\u00e9couverte au fil d\u2019un itin\u00e9raire personnel<\/li>\n<li>Collection\u00a0: Les Cahiers de l&rsquo;Op\u00e9ra Th\u00e9\u00e2tre<\/li>\n<li>Publications de l&rsquo;Universit\u00e9 de Saint-\u00c9tienne<\/li>\n<li>ISBN 978-2-86272-654-0<\/li>\n<li>471 pages<\/li>\n<\/ul>\n","protected":false},"excerpt":{"rendered":"<p>Par l&rsquo;entremise de la Biennale Jules Massenet qui se tient \u00e0 Saint-\u00c9tienne, bon nombre d&rsquo;\u0153uvres du compositeur ont \u00e9t\u00e9 remises sur le devant de la sc\u00e8ne, au moins temporairement et [&hellip;]<\/p>\n","protected":false},"author":1,"featured_media":0,"comment_status":"open","ping_status":"closed","sticky":false,"template":"","format":"standard","meta":{"jetpack_post_was_ever_published":false,"_jetpack_newsletter_access":"","_jetpack_dont_email_post_to_subs":false,"_jetpack_newsletter_tier_id":0,"_jetpack_memberships_contains_paywalled_content":false,"_jetpack_memberships_contains_paid_content":false,"footnotes":"","jetpack_publicize_message":"","jetpack_publicize_feature_enabled":true,"jetpack_social_post_already_shared":true,"jetpack_social_options":{"image_generator_settings":{"template":"highway","default_image_id":0,"font":"","enabled":false},"version":2}},"categories":[36,59],"tags":[17],"class_list":["post-455","post","type-post","status-publish","format-standard","hentry","category-lecture","category-musique","tag-massenet","clearfix"],"jetpack_publicize_connections":[],"jetpack_featured_media_url":"","jetpack_shortlink":"https:\/\/wp.me\/p4G2uP-7l","jetpack_sharing_enabled":true,"_links":{"self":[{"href":"https:\/\/erikcarnets.fr\/index.php?rest_route=\/wp\/v2\/posts\/455","targetHints":{"allow":["GET"]}}],"collection":[{"href":"https:\/\/erikcarnets.fr\/index.php?rest_route=\/wp\/v2\/posts"}],"about":[{"href":"https:\/\/erikcarnets.fr\/index.php?rest_route=\/wp\/v2\/types\/post"}],"author":[{"embeddable":true,"href":"https:\/\/erikcarnets.fr\/index.php?rest_route=\/wp\/v2\/users\/1"}],"replies":[{"embeddable":true,"href":"https:\/\/erikcarnets.fr\/index.php?rest_route=%2Fwp%2Fv2%2Fcomments&post=455"}],"version-history":[{"count":1,"href":"https:\/\/erikcarnets.fr\/index.php?rest_route=\/wp\/v2\/posts\/455\/revisions"}],"predecessor-version":[{"id":457,"href":"https:\/\/erikcarnets.fr\/index.php?rest_route=\/wp\/v2\/posts\/455\/revisions\/457"}],"wp:attachment":[{"href":"https:\/\/erikcarnets.fr\/index.php?rest_route=%2Fwp%2Fv2%2Fmedia&parent=455"}],"wp:term":[{"taxonomy":"category","embeddable":true,"href":"https:\/\/erikcarnets.fr\/index.php?rest_route=%2Fwp%2Fv2%2Fcategories&post=455"},{"taxonomy":"post_tag","embeddable":true,"href":"https:\/\/erikcarnets.fr\/index.php?rest_route=%2Fwp%2Fv2%2Ftags&post=455"}],"curies":[{"name":"wp","href":"https:\/\/api.w.org\/{rel}","templated":true}]}}