{"id":389,"date":"2015-01-30T22:50:44","date_gmt":"2015-01-30T21:50:44","guid":{"rendered":"http:\/\/erikcarnets.fr\/\/?p=389"},"modified":"2015-02-12T10:04:43","modified_gmt":"2015-02-12T09:04:43","slug":"fetes-venitiennes-a-lopera-comique","status":"publish","type":"post","link":"https:\/\/erikcarnets.fr\/?p=389","title":{"rendered":"F\u00eates V\u00e9nitiennes \u00e0 l&rsquo;Op\u00e9ra-Comique"},"content":{"rendered":"<div id=\"attachment_405\" style=\"width: 204px\" class=\"wp-caption alignleft\"><a href=\"http:\/\/erikcarnets.fr\/wp-content\/uploads\/lesfetesvenitiennes3.jpg\"><img loading=\"lazy\" decoding=\"async\" aria-describedby=\"caption-attachment-405\" class=\"wp-image-405 size-medium\" src=\"http:\/\/erikcarnets.fr\/wp-content\/uploads\/lesfetesvenitiennes3-194x300.jpg\" alt=\"Prologue : \u00c9milie Fonnard (La Folie)\" width=\"194\" height=\"300\" srcset=\"https:\/\/erikcarnets.fr\/wp-content\/uploads\/lesfetesvenitiennes3-194x300.jpg 194w, https:\/\/erikcarnets.fr\/wp-content\/uploads\/lesfetesvenitiennes3.jpg 414w\" sizes=\"auto, (max-width: 194px) 100vw, 194px\" \/><\/a><p id=\"caption-attachment-405\" class=\"wp-caption-text\">Prologue : \u00c9milie Fonnard (La Folie), Emmanuelle de Negri (La Raison)<\/p><\/div>\n<p style=\"text-align: justify;\">Grand succ\u00e8s pendant cinquante ans, l&rsquo;op\u00e9ra-ballet <em>Les F\u00eates V\u00e9nitiennes<\/em> d&rsquo;Andr\u00e9 Campra a depuis disparu des sc\u00e8nes. Mais William Christie et ses Arts Florissants nous proposent de d\u00e9couvrir une nouvelle partition de celui qui est consid\u00e9r\u00e9 comme un lien entre Lully et Rameau. De Campra on connaissait d\u00e9j\u00e0 la trag\u00e9die lyrique <em>Idom\u00e9n\u00e9e<\/em> en disque chez Harmonia Mundi dirig\u00e9 par Christie, <em>Tancr\u00e8de<\/em> dirig\u00e9 par Olivier Schneebeli sera aussi fix\u00e9 sur disque dans les mois qui viennent chez Alpha\u2026 et dans l&rsquo;op\u00e9ra-ballet, Herv\u00e9 Niquet a d\u00e9j\u00e0 enregistr\u00e9 <em>Le Carnaval de Venise<\/em> chez Glossa, cr\u00e9\u00e9 onze ans avant nos <em>F\u00eates V\u00e9nitiennes<\/em>. L&rsquo;\u0153uvre du musicien comRamence donc \u00e0 \u00eatre bien document\u00e9e (car \u00e0 cela s&rsquo;ajoutent messes, motets, motets, cantates,\u2026) et il est \u00e0 esp\u00e9rer que la production ici comment\u00e9e sera immortalis\u00e9e par une parution vid\u00e9o tant l&rsquo;\u0153uvre est superbe et la production remarquable.<!--more--><\/p>\n<p style=\"text-align: justify;\">Tout d&rsquo;abord, l&rsquo;\u0153uvre apporte de superbes moments de musique et m\u00eame un peu d&rsquo;\u00e9paisseur aux histoires qui nous sont cont\u00e9es dans chaque entr\u00e9e. En effet, nous sommes loin de l&rsquo;entr\u00e9e des Fleurs des <em>Indes Galantes<\/em> par exemple qui ravit par la beaut\u00e9 musicale, mais o\u00f9 tout le th\u00e9\u00e2tre est exp\u00e9di\u00e9 en une vingtaine de minutes avant que n&rsquo;arrive un immense ballet! Ici chacune des entr\u00e9es choisies par le duo Christie\/Carsen a une construction assez \u00e9quilibr\u00e9e o\u00f9 les parties dans\u00e9es son habilement int\u00e9gr\u00e9es \u00e0 la trame dramatique. Car il faut bien l&rsquo;avouer, nous n&rsquo;avons pas entendu ici l&rsquo;int\u00e9gralit\u00e9 de la partition, puisque Campra composa rien moins que neuf entr\u00e9es diff\u00e9rentes au cours de la vie de l&rsquo;\u0153uvre. Ont \u00e9t\u00e9 s\u00e9lectionn\u00e9es celles qui semblaient les plus pertinentes et int\u00e9ressantes tant dramatiquement que musicalement, avec en plus un souci de coh\u00e9rence. Si le prologue semble assez convenu avec toujours deux all\u00e9gories qui se disputent la sup\u00e9riorit\u00e9, les trois entr\u00e9es qui suivent montrent des situations de plus en plus originales alors qu&rsquo;avance la soir\u00e9e.<\/p>\n<div id=\"attachment_407\" style=\"width: 310px\" class=\"wp-caption aligncenter\"><a href=\"http:\/\/erikcarnets.fr\/wp-content\/uploads\/lesfetesvenitiennes1.jpg\"><img loading=\"lazy\" decoding=\"async\" aria-describedby=\"caption-attachment-407\" class=\"size-medium wp-image-407\" src=\"http:\/\/erikcarnets.fr\/wp-content\/uploads\/lesfetesvenitiennes1-300x186.jpg\" alt=\"Prologue\" width=\"300\" height=\"186\" srcset=\"https:\/\/erikcarnets.fr\/wp-content\/uploads\/lesfetesvenitiennes1-300x186.jpg 300w, https:\/\/erikcarnets.fr\/wp-content\/uploads\/lesfetesvenitiennes1.jpg 1000w\" sizes=\"auto, (max-width: 300px) 100vw, 300px\" \/><\/a><p id=\"caption-attachment-407\" class=\"wp-caption-text\">Prologue<\/p><\/div>\n<p style=\"text-align: justify;\"><em>Le Bal<\/em> reste assez traditionnelle, voyant un ma\u00eetre prendre la place de son valet pour s&rsquo;assurer de l&rsquo;amour de sa belle\u2026 sauf qu&rsquo;en plus de cette trame habituelle, nous assistons \u00e0 un superbe duel entre musique et danse, v\u00e9ritable centre de l&rsquo;entr\u00e9e. La suite sera plus traditionnelle avec un petit air italien pour l&rsquo;amante et de grandes danses. <em>Les S\u00e9r\u00e9nades<\/em> font diablement penser \u00e0 l&rsquo;histoire du <em>Carnaval de Venise<\/em> du m\u00eame Campra, mais en plus de ce s\u00e9ducteur et des trois femmes, on trouve aussi la fortune dans un ballet assez originale sur sa forme. Enfin <em>L&rsquo;Op\u00e9ra<\/em> avec beaucoup de r\u00e9f\u00e9rences \u00e0 la trag\u00e9die lyrique. Le d\u00e9but voit deux acteurs discuter et comparer la situation \u00e0 celle de Renaud et Armide dans la trag\u00e9die de Lully\u2026 puis lors de la repr\u00e9sentation de l&rsquo;op\u00e9ra, c&rsquo;est v\u00e9ritablement une parodie de trag\u00e9die, avec les bergers oblig\u00e9s, l&rsquo;air virevoltant et transparent d&rsquo;un dieu\u2026 et la descente du mal dans un tourbillon de vent.<\/p>\n<div id=\"attachment_404\" style=\"width: 310px\" class=\"wp-caption aligncenter\"><a href=\"http:\/\/erikcarnets.fr\/wp-content\/uploads\/lesfetesvenitiennes4.jpg\"><img loading=\"lazy\" decoding=\"async\" aria-describedby=\"caption-attachment-404\" class=\"size-medium wp-image-404\" src=\"http:\/\/erikcarnets.fr\/wp-content\/uploads\/lesfetesvenitiennes4-300x179.jpg\" alt=\"Le Bal : Marcel Beekman (Le Ma\u00eetre de Chant), Marc Mauillon (Alamir), Cyril Auvity (le Ma\u00eetre de Danse)\" width=\"300\" height=\"179\" srcset=\"https:\/\/erikcarnets.fr\/wp-content\/uploads\/lesfetesvenitiennes4-300x179.jpg 300w, https:\/\/erikcarnets.fr\/wp-content\/uploads\/lesfetesvenitiennes4.jpg 1000w\" sizes=\"auto, (max-width: 300px) 100vw, 300px\" \/><\/a><p id=\"caption-attachment-404\" class=\"wp-caption-text\">Le Bal : Marcel Beekman (Le Ma\u00eetre de Chant), Marc Mauillon (Alamir), Cyril Auvity (le Ma\u00eetre de Danse)<\/p><\/div>\n<p style=\"text-align: justify;\">Musicalement, on se trouve v\u00e9ritablement dans le lien entre Lully et Rameau dans le sens o\u00f9 l&rsquo;orchestre n&rsquo;a pas encore la fulgurance de ce dernier, mais commence \u00e0 s&rsquo;\u00e9loigner de la rigueur de Lully \u00e0 certains moments. On sent l&rsquo;influence italienne qui pointe ici bien s\u00fbr lors des petits airs italiens qui se retrouvent dans chaque entr\u00e9e, mais aussi par un lyrisme plus d\u00e9brid\u00e9 qui c\u00f4toie la d\u00e9clamation lullyste des trag\u00e9dies. Ainsi les parties plus dramatiques comme lors du d\u00e9but de l&rsquo;entr\u00e9e <em>Les S\u00e9r\u00e9nades<\/em> voient les deux amantes trahies se livrer dans des formes classiques avant de d\u00e9voiler des ressources plus d\u00e9monstratives. Un savant m\u00e9lange donc pour le chant, mais aussi pour la musique. Campra se montre particuli\u00e8rement inventif dans les ambiances, les rythmes\u2026 chaque passage est tr\u00e8s repr\u00e9sentatif de ce qui est dit et subit sur sc\u00e8ne. Bien s\u00fbr, on retiendra aussi les citations dont un certain nombre d&rsquo;<em>Atys<\/em> dans le duel entre les ma\u00eetres de chant et de danse dans l&rsquo;entr\u00e9e <em>Le Bal<\/em>. Respect donc et m\u00eame admiration sans doute pour le fondateur Lully, mais aussi innovations qui annoncent Rameau.<\/p>\n<div id=\"attachment_403\" style=\"width: 310px\" class=\"wp-caption aligncenter\"><a href=\"http:\/\/erikcarnets.fr\/wp-content\/uploads\/lesfetesvenitiennes5.jpg\"><img loading=\"lazy\" decoding=\"async\" aria-describedby=\"caption-attachment-403\" class=\"size-medium wp-image-403\" src=\"http:\/\/erikcarnets.fr\/wp-content\/uploads\/lesfetesvenitiennes5-300x182.jpg\" alt=\"Le Bal : Reinoud van Mechelen (Th\u00e9mir)\" width=\"300\" height=\"182\" srcset=\"https:\/\/erikcarnets.fr\/wp-content\/uploads\/lesfetesvenitiennes5-300x182.jpg 300w, https:\/\/erikcarnets.fr\/wp-content\/uploads\/lesfetesvenitiennes5.jpg 1000w\" sizes=\"auto, (max-width: 300px) 100vw, 300px\" \/><\/a><p id=\"caption-attachment-403\" class=\"wp-caption-text\">Le Bal : Reinoud van Mechelen (Th\u00e9mir)<\/p><\/div>\n<p style=\"text-align: justify;\">Ils s&rsquo;\u00e9taient en partie manqu\u00e9s l&rsquo;ann\u00e9e derni\u00e8re suite \u00e0 un probl\u00e8me de sant\u00e9 de William Christie (il n&rsquo;avait pas \u00e9t\u00e9 en mesure de diriger les repr\u00e9sentations de <em>Plat\u00e9e<\/em> mais gageons qu&rsquo;il surveillait tout de m\u00eame d&rsquo;un \u0153il protecteur!), mais cette ann\u00e9e le duo Christie\/Carsen se reforme pour un spectacle splendide. Visuellement, Carsen signe une production d&rsquo;un beau classicisme mais o\u00f9 percent ses habitudes. Toute l&rsquo;\u0153uvre va utiliser les m\u00eames blocs de d\u00e9cors mobiles qui montrent d&rsquo;abord les fa\u00e7ades d&rsquo;une place v\u00e9nitienne puis une tapisserie rouge \u00e0 motifs apr\u00e8s rotation et d\u00e9placement qui permet tr\u00e8s bien de signifier l&rsquo;int\u00e9rieur d&rsquo;un palais ou d&rsquo;un op\u00e9ra. Ainsi, au gr\u00e9 des mouvements des personnages et des situations, ces blocs vont cl\u00f4turer ou ouvrir la sc\u00e8ne, permettant les entr\u00e9es et sorties des personnages par des portes dissimul\u00e9es. Les diff\u00e9rentes dispositions nous emm\u00e8nent donc d&rsquo;une place vers une antichambre puis une salle de bal, puis ce sont les canaux, les loges d&rsquo;un th\u00e9\u00e2tre ou la sc\u00e8ne du th\u00e9\u00e2tre\u2026 l&rsquo;espace est superbement occup\u00e9 et varie parfaitement l&rsquo;espace. A ces d\u00e9cors s&rsquo;ajoutent des costumes richement d\u00e9taill\u00e9s, tous dans des tons de rouge ou de noir ou presque. Bien s\u00fbr, les lumi\u00e8res sont comme toujours avec Carsen tr\u00e8s travaill\u00e9es et la direction d&rsquo;acteur fluide et bienvenue.<\/p>\n<div id=\"attachment_402\" style=\"width: 310px\" class=\"wp-caption aligncenter\"><a href=\"http:\/\/erikcarnets.fr\/wp-content\/uploads\/lesfetesvenitiennes6.jpg\"><img loading=\"lazy\" decoding=\"async\" aria-describedby=\"caption-attachment-402\" class=\"size-medium wp-image-402\" src=\"http:\/\/erikcarnets.fr\/wp-content\/uploads\/lesfetesvenitiennes6-300x200.jpg\" alt=\"Les S\u00e9r\u00e9nades : Emmanuelle de Negri (Lucile), \u00c9milie Renard (Isabelle)\" width=\"300\" height=\"200\" srcset=\"https:\/\/erikcarnets.fr\/wp-content\/uploads\/lesfetesvenitiennes6-300x200.jpg 300w, https:\/\/erikcarnets.fr\/wp-content\/uploads\/lesfetesvenitiennes6.jpg 958w\" sizes=\"auto, (max-width: 300px) 100vw, 300px\" \/><\/a><p id=\"caption-attachment-402\" class=\"wp-caption-text\">Les S\u00e9r\u00e9nades : Emmanuelle de Negri (Lucile), \u00c9milie Renard (Isabelle)<\/p><\/div>\n<p style=\"text-align: justify;\">Dans ces d\u00e9cors et costumes, Carsen nous montre les actions sans les sur-interpr\u00e9ter, avec beaucoup de justesse. Le prologue peut faire craindre l\u00e9g\u00e8rement une actualisation tout de m\u00eame bien difficile pour un op\u00e9ra-ballet, mais les touristes qui arrivent \u00e0 Venise vont vite rev\u00eatir les costumes et d\u00e9guisements d&rsquo;\u00e9poque pour le carnaval\u2026 et on ne les reverra qu&rsquo;en toute fin de l&rsquo;\u0153uvre, sonn\u00e9s par la nuit de d\u00e9bordements qu&rsquo;ils ont pass\u00e9s. L&rsquo;\u0153uvre fait appel \u00e0 plusieurs all\u00e9gories ou personnages d&rsquo;utilit\u00e9\u2026 et chacun est fort bien caract\u00e9ris\u00e9s. Ainsi le Carnaval se voit repr\u00e9sent\u00e9 par une immense marionnette qui domine la sc\u00e8ne, alors que La Folie, La Raison et la Fortune sont imm\u00e9diatement reconnaissables par leurs atours : robe provocante pour la premi\u00e8re, tenue de religieuse pour la seconde, et robe-\u00ab\u00a0roulette\u00a0\u00bb pour la derni\u00e8re accompagn\u00e9e par sa suite dont la robe constitue les tables de jeu. Conscient que l&rsquo;humour est n\u00e9cessaire dans ce registre, de nombreux d\u00e9tails pr\u00eatent \u00e0 souris durant toutes les entr\u00e9es. Difficile enfin de ne pas sourire en voyant l&rsquo;auto-parodie dans la derni\u00e8re entr\u00e9e : sol noir brillant, des fleurs rouges sur le sol, une grande h\u00e9ro\u00efne avec une robe rouge\u2026 nous retrouvons ici l&rsquo;image de l&rsquo;<em>Armide<\/em> de Lully mont\u00e9e en 2008 par le m\u00eame duo Christie et Carsen au Th\u00e9\u00e2tre des Champs \u00c9lys\u00e9es.<\/p>\n<div id=\"attachment_398\" style=\"width: 310px\" class=\"wp-caption aligncenter\"><a href=\"http:\/\/erikcarnets.fr\/wp-content\/uploads\/lesfetesvenitiennes10.jpg\"><img loading=\"lazy\" decoding=\"async\" aria-describedby=\"caption-attachment-398\" class=\"size-medium wp-image-398\" src=\"http:\/\/erikcarnets.fr\/wp-content\/uploads\/lesfetesvenitiennes10-300x200.jpg\" alt=\"Les S\u00e9r\u00e9nades : \u00c9lodie Fonnard (La Fortune)\" width=\"300\" height=\"200\" srcset=\"https:\/\/erikcarnets.fr\/wp-content\/uploads\/lesfetesvenitiennes10-300x200.jpg 300w, https:\/\/erikcarnets.fr\/wp-content\/uploads\/lesfetesvenitiennes10.jpg 960w\" sizes=\"auto, (max-width: 300px) 100vw, 300px\" \/><\/a><p id=\"caption-attachment-398\" class=\"wp-caption-text\">Les S\u00e9r\u00e9nades : \u00c9lodie Fonnard (La Fortune)<\/p><\/div>\n<p style=\"text-align: justify;\">L&rsquo;un des \u00e9l\u00e9ments importants reste bien s\u00fbr la danse et l&rsquo;int\u00e9gration des ballets dans la trame du metteur en sc\u00e8ne. Comme pour <em>Plat\u00e9e<\/em>, Robert Carsen sait tr\u00e8s bien m\u00e9langer les deux \u00e9l\u00e9ments et m\u00eame int\u00e9grer les danses pour donner vraiment sens \u00e0 certains passages, n&rsquo;h\u00e9sitant pas \u00e0 confier certains passages de danse \u00e0 des chanteurs et donc \u00e0 int\u00e9grer les r\u00f4les chant\u00e9s dans la danse. L&rsquo;exemple le plus abouti est la Folie dans le Prologue o\u00f9 la chanteuse (\u00c9milie Renard) se m\u00eale r\u00e9guli\u00e8rement aux autres danseuses pour former un tout d&rsquo;o\u00f9 une voix se d\u00e9gage sans que visuellement il n&rsquo;y ait de rupture. Les chor\u00e9graphies sont assez vari\u00e9es, depuis les inspirations baroques et historiques jusqu&rsquo;\u00e0 un modernisme un peu \u00e9trange mais qui se marie bien avec la musique et les d\u00e9cors. On regrettera juste les quelques cris des danseurs qui semblent bien superflus vu la beaut\u00e9 de la musique.<\/p>\n<div id=\"attachment_395\" style=\"width: 310px\" class=\"wp-caption aligncenter\"><a href=\"http:\/\/erikcarnets.fr\/wp-content\/uploads\/lesfetesvenitiennes13.jpg\"><img loading=\"lazy\" decoding=\"async\" aria-describedby=\"caption-attachment-395\" class=\"size-medium wp-image-395\" src=\"http:\/\/erikcarnets.fr\/wp-content\/uploads\/lesfetesvenitiennes13-300x193.jpg\" alt=\"L'Op\u00e9ra : Cyril Auvity (Adolphe), Marc Mauillon (Damire)\" width=\"300\" height=\"193\" srcset=\"https:\/\/erikcarnets.fr\/wp-content\/uploads\/lesfetesvenitiennes13-300x193.jpg 300w, https:\/\/erikcarnets.fr\/wp-content\/uploads\/lesfetesvenitiennes13.jpg 997w\" sizes=\"auto, (max-width: 300px) 100vw, 300px\" \/><\/a><p id=\"caption-attachment-395\" class=\"wp-caption-text\">L&rsquo;Op\u00e9ra : Cyril Auvity (Adolphe), Marc Mauillon (Damire)<\/p><\/div>\n<p style=\"text-align: justify;\">L&rsquo;interpr\u00e9tation musicale est au niveau de l&rsquo;enjeu et de la mise en sc\u00e8ne. D\u00e8s les premi\u00e8res notes, les Arts Florissants nous rappellent pourquoi ils disposent d&rsquo;une place \u00e0 part dans le panorama des ensembles baroques : la nettet\u00e9 des pupitres, la beaut\u00e9 du son, l&rsquo;absence de mani\u00e9risme\u2026 et la grande ma\u00eetrise technique! William Christie dirige la partition en utilisant toutes les ressources possibles de cet instrument d&rsquo;exception : le continuo est superbe et vari\u00e9, les ensembles larges sans \u00eatre \u00e9pais, de l&rsquo;\u00e9nergie sans d\u00e9bordement\u2026 et un vrai sens de la danse et du th\u00e9\u00e2tre. Chacune des parties est admirablement cisel\u00e9e et construite pour mettre en valeur tant\u00f4t l&rsquo;ambiance, tant\u00f4t le rythme ou tant\u00f4t le drame. Une v\u00e9ritable le\u00e7on! Mais William Christie peut aussi se f\u00e9liciter du travail vocal car il dirige aussi le ch\u0153ur des Arts Florissants qui est un enchantement : la diction est parfaite, les chanteurs tr\u00e8s impliqu\u00e9s tant vocalement que sc\u00e9niquement\u2026 un ensemble remarquable. Et les solistes doivent aussi beaucoup \u00e0 William Christie car nombre d&rsquo;entre eux sont pass\u00e9s par le Jardin des Voix et ont donc eu la formation du ma\u00eetre de la musique baroque fran\u00e7aise.<\/p>\n<div id=\"attachment_394\" style=\"width: 310px\" class=\"wp-caption aligncenter\"><a href=\"http:\/\/erikcarnets.fr\/wp-content\/uploads\/lesfetesvenitiennes14.png\"><img loading=\"lazy\" decoding=\"async\" aria-describedby=\"caption-attachment-394\" class=\"size-medium wp-image-394\" src=\"http:\/\/erikcarnets.fr\/wp-content\/uploads\/lesfetesvenitiennes14-300x203.png\" alt=\"L'Op\u00e9ra : Emmanuelle de Negri (Lucie), Rachel Redmond (L\u00e9ontine)\" width=\"300\" height=\"203\" srcset=\"https:\/\/erikcarnets.fr\/wp-content\/uploads\/lesfetesvenitiennes14-300x203.png 300w, https:\/\/erikcarnets.fr\/wp-content\/uploads\/lesfetesvenitiennes14.png 800w\" sizes=\"auto, (max-width: 300px) 100vw, 300px\" \/><\/a><p id=\"caption-attachment-394\" class=\"wp-caption-text\">L&rsquo;Op\u00e9ra : Emmanuelle de Negri (Lucie), Rachel Redmond (L\u00e9ontine)<\/p><\/div>\n<p style=\"text-align: justify;\">Les seules l\u00e9g\u00e8res d\u00e9ceptions sont Sean Clayton et Geoffroy Buffi\u00e8re dans les deux sages o\u00f9 le trait est un peu forc\u00e9\u2026 sinon on ne sait que saluer le plus dans la distribution\u2026 Beaucoup de fortes personnalit\u00e9s, une diction incisive, un sens du style parfait, une cr\u00e9dibilit\u00e9 sans faille\u2026 tout cela montre un choix dans chaque r\u00f4le assez impressionnant de r\u00e9ussite. Chez ces dames, quatre dessus admirables et assez diff\u00e9renci\u00e9s pour ne pas que la lassitude apparaisse. Ainsi Emilie Renard s&rsquo;impose par une grande pr\u00e9sence et un accent d&rsquo;une belle force : que ce soit en Folie ou dans le r\u00f4le de l&rsquo;amante trahie Isabelle, elle donne vie \u00e0 son personnage de superbe mani\u00e8re. \u00c9lodie Fonnard peine l\u00e9g\u00e8rement \u00e0 s&rsquo;imposer dans la premi\u00e8re entr\u00e9e malgr\u00e9 un beau timbre et un air italien finement men\u00e9, mais sa prestation dans le r\u00f4le de la Fortune par contre emporte l&rsquo;adh\u00e9sion. Rachel Redmond, avec une voix plus ronde, fait la d\u00e9monstration de tout son talent vocal dans la deuxi\u00e8me entr\u00e9e o\u00f9 son air italien impressionne par la facilit\u00e9\u2026 mais elle n&rsquo;en est pas moins superbe dans la d\u00e9clamation de <em>L&rsquo;Op\u00e9ra<\/em> o\u00f9 le tragique prend vie. Mais malgr\u00e9 tous ces bonheurs, Emmanuel de Negri se hisse toujours plus haut. En trois r\u00f4les elle se montre d&rsquo;un naturel confondant et d&rsquo;un style sid\u00e9rant. Sa Raison poss\u00e8de ce qu&rsquo;il faut de ridicule, alors que dans <em>Les S\u00e9r\u00e9nades<\/em> sa Lucile triomphe au bout de trois mots et quelques notes. Enfin quelle agilit\u00e9 et quelle vivacit\u00e9 en Lucie pour la derni\u00e8re entr\u00e9e! La voix rayonne, le mot porte imm\u00e9diatement\u2026 et la libert\u00e9 est totale pour cette artiste vraiment sid\u00e9rante!<\/p>\n<div id=\"attachment_393\" style=\"width: 310px\" class=\"wp-caption aligncenter\"><a href=\"http:\/\/erikcarnets.fr\/wp-content\/uploads\/lesfetesvenitiennes15.jpg\"><img loading=\"lazy\" decoding=\"async\" aria-describedby=\"caption-attachment-393\" class=\"size-medium wp-image-393\" src=\"http:\/\/erikcarnets.fr\/wp-content\/uploads\/lesfetesvenitiennes15-300x174.jpg\" alt=\"L'Op\u00e9ra : Rachel Redmond (L\u00e9ontine)\" width=\"300\" height=\"174\" srcset=\"https:\/\/erikcarnets.fr\/wp-content\/uploads\/lesfetesvenitiennes15-300x174.jpg 300w, https:\/\/erikcarnets.fr\/wp-content\/uploads\/lesfetesvenitiennes15.jpg 1000w\" sizes=\"auto, (max-width: 300px) 100vw, 300px\" \/><\/a><p id=\"caption-attachment-393\" class=\"wp-caption-text\">L&rsquo;Op\u00e9ra : Rachel Redmond (L\u00e9ontine)<\/p><\/div>\n<p style=\"text-align: justify;\">Chez les hautes-contre, l\u00e0 encore \u00e9norm\u00e9ment de bonheur puisque sont r\u00e9unis trois personnalit\u00e9s tr\u00e8s diff\u00e9rentes mais toute aussi marquantes! Dans les r\u00f4les de caract\u00e8re du Ma\u00eetre de Musique et du Ma\u00eetre de Chant, Marcel Beekman montre sa voix \u00e9trange qui lui permet de composer des personnages ridicules \u00e0 souhait sans pour autant malmener le chant : pr\u00e9cieux comme il convient, il donne \u00e0 ces personnages une stature \u00e0 part, usant d&rsquo;effet de voix et de virtuosit\u00e9 d\u00e9brid\u00e9e. Cyril Auvity quand-\u00e0 lui se trouve plus dans un registre de t\u00e9nor pour ses trois r\u00f4les. Son Ma\u00eetre de Danse r\u00e9pond avec gourmandise au personnage de Beekman sans rien lui c\u00e9der sur la virtuosit\u00e9. Le suivant de la fortune ensuite ne dispose que d&rsquo;une apparition, mais admirablement port\u00e9e par un style toujours parfait. Enfin le r\u00f4le d&rsquo;Adolphe dans <em>L&rsquo;Op\u00e9ra<\/em> lui permet de retrouver son complice Marc Mauillon pour un duo parfait. Enfin le plus jeune des trois : Reinoud Van Mechelen. Si la diction est l\u00e9g\u00e8rement moins nette que celle d&rsquo;Auvity, la voix poss\u00e8de plus de l\u00e9g\u00e8ret\u00e9 et de gr\u00e2ce. Son Th\u00e9mir manque d&rsquo;espace pour v\u00e9ritablement se d\u00e9velopper, mais sa prestation en Z\u00e9phir est tout simplement parfaite, usant d&rsquo;un souffle infini pour nous proposer un air d&rsquo;une beaut\u00e9 sid\u00e9rante. L\u00e0 encore donc trois grands interpr\u00e8tes!<\/p>\n<div id=\"attachment_392\" style=\"width: 310px\" class=\"wp-caption aligncenter\"><a href=\"http:\/\/erikcarnets.fr\/wp-content\/uploads\/lesfetesvenitiennes16.jpg\"><img loading=\"lazy\" decoding=\"async\" aria-describedby=\"caption-attachment-392\" class=\"size-medium wp-image-392\" src=\"http:\/\/erikcarnets.fr\/wp-content\/uploads\/lesfetesvenitiennes16-300x190.jpg\" alt=\"L'Op\u00e9ra : Reinoud van Mechelen (Z\u00e9phyre), Rachel Redmond (L\u00e9ontine)\" width=\"300\" height=\"190\" srcset=\"https:\/\/erikcarnets.fr\/wp-content\/uploads\/lesfetesvenitiennes16-300x190.jpg 300w, https:\/\/erikcarnets.fr\/wp-content\/uploads\/lesfetesvenitiennes16.jpg 1000w\" sizes=\"auto, (max-width: 300px) 100vw, 300px\" \/><\/a><p id=\"caption-attachment-392\" class=\"wp-caption-text\">L&rsquo;Op\u00e9ra : Reinoud van Mechelen (Z\u00e9phyre), Rachel Redmond (L\u00e9ontine)<\/p><\/div>\n<p style=\"text-align: justify;\">Puis viennent les deux basses\u2026 ou qualifi\u00e9es comme telles! Pour Fran\u00e7ois Lis, cela ne fait aucun doute d\u00e8s son arriv\u00e9e dans le r\u00f4le de Carnaval! Pr\u00e9sence magistrale, voix sonore et sombre, la basse s&rsquo;affirme ici comme une force de la nature. Sa prestation dans <em>Les S\u00e9r\u00e9nades<\/em> lui permet de nuancer encore plus pour nous distiller de superbes nuances et un personnage finalement attachant. Pour Marc Mauillon, il est plus \u00e9trange de le qualifier de basse tant la voix est claire, et l&rsquo;artiste capable de tenir une tessiture tr\u00e8s haute! Avec deux r\u00f4les (Alamir dans la premi\u00e8re entr\u00e9e, et Damir\/Bor\u00e9e dans la derni\u00e8re), le chanteur se montre \u00e0 son meilleur : comme toujours avec lui, on profite du texte parfaitement. Mais \u00e0 cela s&rsquo;ajoute un vrai instinct dramatique qui lui fait vivre le texte. Vivacit\u00e9 et naturel l\u00e0 aussi se r\u00e9v\u00e8lent les meilleures armes d&rsquo;un chanteur au style si s\u00fbr.<\/p>\n<div id=\"attachment_391\" style=\"width: 310px\" class=\"wp-caption aligncenter\"><a href=\"http:\/\/erikcarnets.fr\/wp-content\/uploads\/lesfetesvenitiennes17.jpg\"><img loading=\"lazy\" decoding=\"async\" aria-describedby=\"caption-attachment-391\" class=\"size-medium wp-image-391\" src=\"http:\/\/erikcarnets.fr\/wp-content\/uploads\/lesfetesvenitiennes17-300x182.jpg\" alt=\"L'Op\u00e9ra : Marc Mauillon (Damire), Rachel Redmond (L\u00e9ontine)\" width=\"300\" height=\"182\" srcset=\"https:\/\/erikcarnets.fr\/wp-content\/uploads\/lesfetesvenitiennes17-300x182.jpg 300w, https:\/\/erikcarnets.fr\/wp-content\/uploads\/lesfetesvenitiennes17.jpg 1000w\" sizes=\"auto, (max-width: 300px) 100vw, 300px\" \/><\/a><p id=\"caption-attachment-391\" class=\"wp-caption-text\">L&rsquo;Op\u00e9ra : Marc Mauillon (Damire), Rachel Redmond (L\u00e9ontine)<\/p><\/div>\n<p style=\"text-align: justify;\">Au final, la repr\u00e9sentation s&rsquo;impose imm\u00e9diatement comme un grand moment : moment de musique, moment de chant, moment de gait\u00e9\u2026 tout est r\u00e9uni ici pour le plus grand plaisir de tous les spectateurs et interpr\u00e8tes si on en juge par les saluts qui cl\u00f4turent ce soir de premi\u00e8re!<\/p>\n<p style=\"text-align: justify;\">La repr\u00e9sentation du 30 janvier sera retransmise en direct que Culturebox\u2026 \u00e0 voir d&rsquo;urgence pour ceux qui n&rsquo;ont pas eu la chance de voir le spectacle en salle!<\/p>\n<ul>\n<li style=\"text-align: justify;\">\u00a0Paris<\/li>\n<li style=\"text-align: justify;\">Op\u00e9ra-Comique<\/li>\n<li style=\"text-align: justify;\">26 janvier 2015<\/li>\n<li style=\"text-align: justify;\">Andr\u00e9 Campra (1660-1744), Les F\u00eates V\u00e9nitiennes, Op\u00e9ra-ballet en un prologue et trois entr\u00e9es<\/li>\n<li style=\"text-align: justify;\">Mise en sc\u00e8ne, Robert Carsen\u00a0; D\u00e9cors, Radu Boruzescu\u00a0; Costumes, Petra Reinhardt\u00a0; Lumi\u00e8res, Robert Carsen \u2013 Peter van Praet\u00a0; Chor\u00e9graphie, Ed Wubbe<\/li>\n<li style=\"text-align: justify;\">Prologue\u00a0: Le Carnaval, Fran\u00e7ois Lys\u00a0; La Folie, \u00c9milie Renard\u00a0; La Raison, Emmanuelle de Negri\u00a0; D\u00e9mocrite, Sean Clayton\u00a0; H\u00e9raclite, Geoffroy Buffi\u00e8re<\/li>\n<li style=\"text-align: justify;\">Le Bal\u00a0: Alamir, Marc Mauillon\u00a0; Th\u00e9mir, Reinoud Van Mechelen\u00a0; Iphise, \u00c9lodie Fonnard\u00a0; Ma\u00eetre de chant, Marcel Beekman\u00a0; Ma\u00eetre de danse, Cyril Auvity\u00a0; Un masque, Reinoud van Mechelen<\/li>\n<li style=\"text-align: justify;\">Les S\u00e9r\u00e9nades\u00a0: L\u00e9andre, Fran\u00e7ois Lis\u00a0; Isabelle, \u00c9milie Renard\u00a0; Lucile, Emmanuelle de Negri\u00a0; Ir\u00e8ne, Rachel Redmond\u00a0; La Fortune, \u00c9lodie Fonnard\u00a0; Un Suivant de la Fortune, Cyril Auvity<\/li>\n<li style=\"text-align: justify;\">L&rsquo;Op\u00e9ra\u00a0: Damire\/Bor\u00e9e, Marc Mauillon\u00a0; Adolphe\/Berger, Cyril Auvity\u00a0; L\u00e9ontine\/Flore, Rachel Redmond\u00a0; Lucie\/Berg\u00e8re, Emmanuelle de Negri\u00a0; Ma\u00eetre de chant, Marcel Beekman\u00a0; Rodolphe, Fran\u00e7ois Lis\u00a0; Z\u00e9phyr, Reinoud Van Mechelen<\/li>\n<li style=\"text-align: justify;\">Les Arts Florissants<\/li>\n<li style=\"text-align: justify;\">William Christie, direction<\/li>\n<\/ul>\n","protected":false},"excerpt":{"rendered":"<p>Grand succ\u00e8s pendant cinquante ans, l&rsquo;op\u00e9ra-ballet Les F\u00eates V\u00e9nitiennes d&rsquo;Andr\u00e9 Campra a depuis disparu des sc\u00e8nes. Mais William Christie et ses Arts Florissants nous proposent de d\u00e9couvrir une nouvelle partition [&hellip;]<\/p>\n","protected":false},"author":1,"featured_media":0,"comment_status":"open","ping_status":"closed","sticky":false,"template":"","format":"standard","meta":{"jetpack_post_was_ever_published":false,"_jetpack_newsletter_access":"","_jetpack_dont_email_post_to_subs":false,"_jetpack_newsletter_tier_id":0,"_jetpack_memberships_contains_paywalled_content":false,"_jetpack_memberships_contains_paid_content":false,"footnotes":"","jetpack_publicize_message":"","jetpack_publicize_feature_enabled":true,"jetpack_social_post_already_shared":true,"jetpack_social_options":{"image_generator_settings":{"template":"highway","default_image_id":0,"font":"","enabled":false},"version":2}},"categories":[28,3],"tags":[15,55,14,23],"class_list":["post-389","post","type-post","status-publish","format-standard","hentry","category-concert","category-musique_classique","tag-campra","tag-epoque_baroque","tag-integrale","tag-opera","clearfix"],"jetpack_publicize_connections":[],"jetpack_featured_media_url":"","jetpack_shortlink":"https:\/\/wp.me\/p4G2uP-6h","jetpack_sharing_enabled":true,"_links":{"self":[{"href":"https:\/\/erikcarnets.fr\/index.php?rest_route=\/wp\/v2\/posts\/389","targetHints":{"allow":["GET"]}}],"collection":[{"href":"https:\/\/erikcarnets.fr\/index.php?rest_route=\/wp\/v2\/posts"}],"about":[{"href":"https:\/\/erikcarnets.fr\/index.php?rest_route=\/wp\/v2\/types\/post"}],"author":[{"embeddable":true,"href":"https:\/\/erikcarnets.fr\/index.php?rest_route=\/wp\/v2\/users\/1"}],"replies":[{"embeddable":true,"href":"https:\/\/erikcarnets.fr\/index.php?rest_route=%2Fwp%2Fv2%2Fcomments&post=389"}],"version-history":[{"count":4,"href":"https:\/\/erikcarnets.fr\/index.php?rest_route=\/wp\/v2\/posts\/389\/revisions"}],"predecessor-version":[{"id":429,"href":"https:\/\/erikcarnets.fr\/index.php?rest_route=\/wp\/v2\/posts\/389\/revisions\/429"}],"wp:attachment":[{"href":"https:\/\/erikcarnets.fr\/index.php?rest_route=%2Fwp%2Fv2%2Fmedia&parent=389"}],"wp:term":[{"taxonomy":"category","embeddable":true,"href":"https:\/\/erikcarnets.fr\/index.php?rest_route=%2Fwp%2Fv2%2Fcategories&post=389"},{"taxonomy":"post_tag","embeddable":true,"href":"https:\/\/erikcarnets.fr\/index.php?rest_route=%2Fwp%2Fv2%2Ftags&post=389"}],"curies":[{"name":"wp","href":"https:\/\/api.w.org\/{rel}","templated":true}]}}