{"id":3475,"date":"2024-09-25T10:38:30","date_gmt":"2024-09-25T08:38:30","guid":{"rendered":"http:\/\/erikcarnets.fr\/?p=3475"},"modified":"2024-09-25T10:38:30","modified_gmt":"2024-09-25T08:38:30","slug":"dans-les-jardins-de-william-christie-retour-en-vendee-baroque","status":"publish","type":"post","link":"https:\/\/erikcarnets.fr\/?p=3475","title":{"rendered":"Dans les Jardins de William Christie, retour en Vend\u00e9e baroque!"},"content":{"rendered":"<p style=\"text-align: justify;\"><a href=\"http:\/\/erikcarnets.fr\/?p=3475\" target=\"_blank\" rel=\"noopener\"><img loading=\"lazy\" decoding=\"async\" class=\"alignleft wp-image-3479\" src=\"http:\/\/erikcarnets.fr\/wp-content\/uploads\/affiche-227x300.jpeg\" alt=\"\" width=\"300\" height=\"397\" srcset=\"https:\/\/erikcarnets.fr\/wp-content\/uploads\/affiche-227x300.jpeg 227w, https:\/\/erikcarnets.fr\/wp-content\/uploads\/affiche.jpeg 641w\" sizes=\"auto, (max-width: 300px) 100vw, 300px\" \/><\/a>Retour chez William Christie cette ann\u00e9e\u2026 mais ce n\u2019\u00e9tait pas gagn\u00e9! Deux jours avant, la m\u00e9t\u00e9o \u00e9tait assez pessimiste pour ce vendredi : de la pluie annonc\u00e9e une grande partie de l\u2019apr\u00e8s-midi ce qui voulait dire des concerts dans les jardins mais sous des tentes\u2026 et un concert du soir non pas dans le cadre enchanteur du miroir d\u2019eau mais dans une salle de concert de Fontenay-le-Comte. Alors toute la matin\u00e9e, durant le trajet sous la pluie, on scrute les diff\u00e9rentes sources d\u2019information. Et puis finalement, on voit que les choses s\u2019am\u00e9liorent doucement, que si le soleil reste discret, la pluie semble ne pas \u00eatre de la partie! L\u2019apr\u00e8s-midi se passe bien et si quelques gouttes de pluie font craindre le pire le soir durant le concert, finalement tout se d\u00e9roule parfaitement bien! Voil\u00e0 donc encore une tr\u00e8s belle journ\u00e9e dans ce cadre splendide \u00e0 Thir\u00e9! Au menu, bien s\u00fbr les fameux concerts dans le jardin dans l\u2019apr\u00e8s-midi, mais aussi l\u2019atelier de chant qui retrouve sa place dans les jardins et puis pour terminer <em>Orph\u00e9e et Eurydice<\/em> de Gluck avec Reinoud van Mechelen dans le r\u00f4le-titre!<!--more--><\/p>\n<p style=\"text-align: justify;\">Comme tous les ans, on reste admiratif devant la beaut\u00e9 des lieux. D\u2019ann\u00e9es en ann\u00e9es, le jardin semble gagner en maturit\u00e9 et en beaut\u00e9. Des \u00e9l\u00e9ments qui pouvaient faire un peu neuf s\u2019\u00e9moussent et se fondent de mieux en mieux dans les diff\u00e9rents d\u00e9cors. Le potager est toujours aussi fleuri, la cour d\u2019honneur splendide, la perspective derri\u00e8re la pi\u00e8ce d\u2019eau toujours plus impressionnante\u2026 Que de beaux lieux! Et puis toujours des d\u00e9couvertes comme ces topiaires avec un oiseau sculpt\u00e9 en haut autour du pigeonnier! Tout de m\u00eame une petite tristesse de voir l\u2019\u00e9tat du Th\u00e9\u00e2tre de Verdure. J\u2019aime tellement ce lieu si calme! C\u2019\u00e9tait mon lieu pr\u00e9f\u00e9r\u00e9 pour le repas du soir en attendant le concert : calme, enchanteur, discret et grandiose en m\u00eame temps. Mais l\u2019\u00e2ge des conif\u00e8res qui le composent semble poser des soucis aux sculpteurs de v\u00e9g\u00e9tation puisqu\u2019on peut voir pour la premi\u00e8re ann\u00e9e des trous et des branches mortes. Esp\u00e9rons que ce n\u2019\u00e9tait que cette ann\u00e9e et que cela n\u2019augure pas un remplacement des v\u00e9g\u00e9taux pour cr\u00e9er un nouveau lieu. Et puis comme tous les ans, un petit mot d\u2019humeur sur le comportement de certaines personnes\u2026 D\u00e9j\u00e0 ceux qui prennent des chaises et autres supports pour assister aux concerts de l\u2019apr\u00e8s-midi. Je peux tout \u00e0 fait comprendre cette n\u00e9cessit\u00e9. Mais dans ce cas, il semble aussi important de comprendre qu\u2019il faut se mettre l\u00e9g\u00e8rement en retrait et non pas tout devant, bloquant la vue des autres spectateurs derri\u00e8re qui se trouvent plus bas. De m\u00eame lors du rassemblement de tous les spectateurs lors des Terrasses : si le but est de rester debout durant tout le concert, il semble logique de se mettre au fond du public et non pas en plein milieu, privant des dizaines de spectateurs de la vue.<\/p>\n<h6 style=\"text-align: justify;\">1 &#8211; Promenade musicale : Ateler chant \u00ab\u00a0Le chant des oiseaux\u00a0\u00bb<\/h6>\n<p style=\"text-align: justify;\">C\u2019est donc sous un ciel voil\u00e9 que nous nous dirigeons vers l\u2019atelier de chant, qui lui se tient sous une tente quel que soit le temps! Cet atelier s\u2019adapte aux petits et aux grands, mais du coup avec une p\u00e9dagogie adapt\u00e9e aux plus petits. Mais chose \u00e9tonnante, il n\u2019y a que tr\u00e8s tr\u00e8s peu d\u2019enfants en ce dernier vendredi des vacances scolaires. Cela ne va pas g\u00e2cher la s\u00e9ance. <strong>Sophie Daneman<\/strong> est comme toujours assez passionnante dans ses explications, p\u00e9dagogue dans sa fa\u00e7on de nous faire comprendre des choses. Ici le th\u00e8me porte sur les oiseaux et nous allons donc entendre diff\u00e9rentes repr\u00e9sentations : \u00e0 la fl\u00fbte, au clavecin, au cornet\u00a0 \u00e0 bouquin et au chant bien s\u00fbr avec par exemple un extrait du \u201cRossignol amoureux\u201d de <em>Hippolyte et Aricie<\/em> de Rameau. Mais nous d\u00e9couvrons aussi des tr\u00e8s belles pi\u00e8ces pour clavecin dont la <em>Poule<\/em> de Rameau. Mais le chant alors? Eh bien de nombreux canons nous sont propos\u00e9s, en fran\u00e7ais ou en anglais. Et voil\u00e0 que l\u2019on se retrouve \u00e0 chanter s\u00e9par\u00e9s en 2, 3 ou 4 groupes! Et avec pour chaque groupe un musicien qui nous maintient dans le rythme. Quelle n\u2019est pas la surprise d\u2019ailleurs de se rendre compte, alors que l\u2019on chante \u00e0 gorge d\u00e9ploy\u00e9e, que notre voisine n\u2019est autre que Maud Gnidzaz, artistes du ch\u0153ur des Arts Florissants mais aussi souvent soliste chez eux! Voici en tout cas un tr\u00e8s bon moment qui nous fait plonger directement dans la musique en la pratiquant!<\/p>\n<div id=\"attachment_3481\" style=\"width: 510px\" class=\"wp-caption aligncenter\"><a href=\"http:\/\/erikcarnets.fr\/wp-content\/uploads\/20240830_153454-scaled.jpg\" target=\"_blank\" rel=\"noopener\"><img loading=\"lazy\" decoding=\"async\" aria-describedby=\"caption-attachment-3481\" class=\"wp-image-3481\" src=\"http:\/\/erikcarnets.fr\/wp-content\/uploads\/20240830_153454-300x135.jpg\" alt=\"\" width=\"500\" height=\"225\" srcset=\"https:\/\/erikcarnets.fr\/wp-content\/uploads\/20240830_153454-300x135.jpg 300w, https:\/\/erikcarnets.fr\/wp-content\/uploads\/20240830_153454-1024x462.jpg 1024w, https:\/\/erikcarnets.fr\/wp-content\/uploads\/20240830_153454-768x346.jpg 768w, https:\/\/erikcarnets.fr\/wp-content\/uploads\/20240830_153454-1536x692.jpg 1536w, https:\/\/erikcarnets.fr\/wp-content\/uploads\/20240830_153454-2048x923.jpg 2048w\" sizes=\"auto, (max-width: 500px) 100vw, 500px\" \/><\/a><p id=\"caption-attachment-3481\" class=\"wp-caption-text\">Atelier \u00ab\u00a0Le Chant des oiseaux\u00a0\u00bb : Rapha\u00ebl Cohen-Akenine (fl\u00fbte \u00e0 bec), B\u00e9atrice Martin (clavecin), Violaine Le Chenaie (soprano), Adrien Mabire (cornet \u00e0 bouquin), Sophie Daneman<\/p><\/div>\n<ul style=\"text-align: justify;\">\n<li aria-level=\"1\">Thir\u00e9<\/li>\n<li aria-level=\"1\">Les Jardins de William Christie, Tente du Pont chinois<\/li>\n<li aria-level=\"1\">30 ao\u00fbt 2024, 14h45<\/li>\n<li aria-level=\"1\">Atelier chant \u201cLe chant des oiseaux\u201d<\/li>\n<li aria-level=\"1\">Sophie Daneman, animation<\/li>\n<li aria-level=\"1\">Violaine Le Ch\u00eanaie, soprano<\/li>\n<li aria-level=\"1\">Rapha\u00ebl Cohen-Akenine, fl\u00fbte \u00e0 bec<\/li>\n<li aria-level=\"1\">Adrien Mabire, cornet \u00e0 bouquin<\/li>\n<li aria-level=\"1\">B\u00e9atrice Martin, clavecin<\/li>\n<\/ul>\n<h6 style=\"text-align: justify;\">2 &#8211; Promenade musicale : Les Dames de Ferrare<\/h6>\n<p style=\"text-align: justify;\">Pour le premier concert, direction la Pin\u00e8de avec ses pins, sa colonne et cette vue superbe sur le pigeonnier. M\u00eame si les dames ici ne sont que deux \u00e0 chanter, ce concert fait r\u00e9f\u00e9rence au Concerto delle donne, ensemble de trois chanteuses de la cour de Ferrare cr\u00e9\u00e9 en 1580 \u00e0 la cour de Ferrare. Tr\u00e8s virtuoses, elles ont fait beaucoup parler d\u2019elles et ont \u00e9t\u00e9 le mod\u00e8le d\u2019un certain nombre d\u2019autres ensembles de cette \u00e9poque. Comme nous l\u2019explique de plus Julie Roset, ces concerts \u00e9taient des concerts \u201csecrets\u201d, dans le sens o\u00f9 il fallait \u00eatre invit\u00e9 d\u00e9j\u00e0 pour pouvoir y assister, mais en plus les partitions n\u2019\u00e9taient pas mises \u00e0 la disposition du public, rang\u00e9es soigneusement apr\u00e8s dans des coffres. Il n\u2019y avait donc pas de trace et de possibilit\u00e9 d\u2019\u00e9couter \u00e0 nouveau ces pi\u00e8ces! Pour cette pr\u00e9sentation, Julie Roset et Ana Vieira Leite se retrouvent apr\u00e8s avoir enregistr\u00e9 un disque au programme similaire en 2022 avec la participation d\u2019une autre soprano, Camille All\u00e9rat. Quatre madrigaux donc de Luzzasco Luzzaschi, chant\u00e9s alternativement par l\u2019une, l\u2019autre ou les deux sopranos ici pr\u00e9sentes. Les deux voix se r\u00e9pondent bien, avec un petit grelot plus marqu\u00e9 et qui sonne brillamment chez <strong>Julie Roset<\/strong> l\u00e0 o\u00f9 la voix d\u2019<strong>Ana Vieira Leite<\/strong> est un petit peu plus mate. Mais les deux chanteuses se montrent redoutables au niveau de la virtuosit\u00e9 d\u00e9brid\u00e9e, se r\u00e9pondant parfaitement, jouant \u00e0 deux sur des partitions touchantes mais souvent avec des passages brillants qu\u2019elles enl\u00e8vent avec brio. Et puis il faut noter aussi la complicit\u00e9 qui unit non seulement ces deux jeunes chanteuses, mais aussi les trois musiciens qui les accompagnent! Deux grandes habitu\u00e9es du festival et des plus grands ensemble, jouant m\u00eame en solistes\u2026 <strong>Marie Van Rhijn<\/strong> fait partie de ces clavecinistes maintenant bien \u00e9tablies qui offrent toujours des choses superbes. <strong>Myriam Rignol<\/strong> \u00e0 la viole de gambe semble \u00eatre tous les \u00e9t\u00e9s \u00e0 Thir\u00e9 pour notre plus grand plaisir : quelle virtuosit\u00e9 et quelle inventivit\u00e9 dans ses parties! Et puis celui qu\u2019on imagine \u00eatre son petit fr\u00e8re, <strong>Gabriel Rignol<\/strong> au th\u00e9orbe. S&rsquo; il n\u2019a pas encore toute la libert\u00e9 de sa s\u0153ur et de Dunford (souvent entendu justement avec Myriam Rignol \u00e0 Thir\u00e9), il se montre parfaitement \u00e0 l\u2019aise et donne toute sa part \u00e0 la partie musicale. Voil\u00e0 qui d\u00e9bute magnifiquement le festival! L&rsquo;interpr\u00e9tation \u00e9tait magnifique, mais \u00e0 cela s\u2019ajoute la d\u00e9couverte de ces pi\u00e8ces de Luzzaschi qui ont directement donn\u00e9 envie d\u2019aller \u00e9couter le disque enregistr\u00e9 r\u00e9cemment!<\/p>\n<div id=\"attachment_3482\" style=\"width: 509px\" class=\"wp-caption aligncenter\"><a href=\"http:\/\/erikcarnets.fr\/wp-content\/uploads\/20240830_161722-scaled.jpg\" target=\"_blank\" rel=\"noopener\"><img loading=\"lazy\" decoding=\"async\" aria-describedby=\"caption-attachment-3482\" class=\"wp-image-3482\" src=\"http:\/\/erikcarnets.fr\/wp-content\/uploads\/20240830_161722-300x135.jpg\" alt=\"\" width=\"499\" height=\"225\" srcset=\"https:\/\/erikcarnets.fr\/wp-content\/uploads\/20240830_161722-300x135.jpg 300w, https:\/\/erikcarnets.fr\/wp-content\/uploads\/20240830_161722-1024x462.jpg 1024w, https:\/\/erikcarnets.fr\/wp-content\/uploads\/20240830_161722-768x346.jpg 768w, https:\/\/erikcarnets.fr\/wp-content\/uploads\/20240830_161722-1536x692.jpg 1536w, https:\/\/erikcarnets.fr\/wp-content\/uploads\/20240830_161722-2048x923.jpg 2048w\" sizes=\"auto, (max-width: 499px) 100vw, 499px\" \/><\/a><p id=\"caption-attachment-3482\" class=\"wp-caption-text\">Les Dames de Ferrare : Myriam Rignol (viol de gambe), Marie Van Rhijn (clavecin), Gabriel Rignol (th\u00e9orbe), Anna Vieira Leite (soprano), Julie Roset (soprano)<\/p><\/div>\n<ul style=\"text-align: justify;\">\n<li aria-level=\"1\">Thir\u00e9<\/li>\n<li aria-level=\"1\">Les jardins de William Christie, La Pin\u00e8de<\/li>\n<li aria-level=\"1\">30 ao\u00fbt 2024, 16h<\/li>\n<li aria-level=\"1\">Les Dames de Ferrare<\/li>\n<li aria-level=\"1\">Luzzasco Luzzaschi (1545-1607) : \u201cO Primavera\u201d &#8211; \u201cDeh vieni\u201d &#8211; \u201cCh\u2019io non t\u2019ami cor moi\u201d &#8211; \u201cIo mi son giovinetta\u201d (extrait)<\/li>\n<li aria-level=\"1\">Julie Roset, soprano<\/li>\n<li aria-level=\"1\">Ana Vieira Leite, soprano<\/li>\n<li aria-level=\"1\">Myriam Rignol, viole de gambe<\/li>\n<li aria-level=\"1\">Gabriel Rignol, th\u00e9orbe<\/li>\n<li aria-level=\"1\">Marie Van Rhijn, clavecin<\/li>\n<\/ul>\n<h6 style=\"text-align: justify;\">3 &#8211; Promenade musicale : Orph\u00e9e, itin\u00e9raire bis<\/h6>\n<p style=\"text-align: justify;\">M\u00eame lieu mais r\u00e9pertoire diff\u00e9rent pour ce deuxi\u00e8me concert. En clin d&rsquo;\u0153il avec le programme du concert du soir, voici donc l\u2019<em>Orph\u00e9e<\/em> de Cl\u00e9rambault. S\u2019il n\u2019en est pas l\u2019inventeur, Cl\u00e9rambault a fait beaucoup pour la cantate fran\u00e7aise, en composant plus de vingt-cinq. L&rsquo;alternance entre r\u00e9citatifs, airs et danses font de ces pi\u00e8ces un condens\u00e9 de trag\u00e9die lyrique en une quinzaine de minutes en g\u00e9n\u00e9ral. Il y a deux ans, Emmanuelle de Negri avait chant\u00e9 la cantate <em>Le Sommeil d\u2019Ulysse<\/em> d\u2019\u00c9lisabeth Jacquet de la Guerre\u2026 On pourrait esp\u00e9rer tous les ans une cantate baroque, permettant d\u2019entendre des raret\u00e9s comme il y a deux ans ou des partitions plus connues comme celle-ci. <strong>Virginie Thomas<\/strong> est une grande habitu\u00e9e du r\u00e9pertoire baroque fran\u00e7ais et se montre particuli\u00e8rement marquante ici. Le nettet\u00e9 de la diction et l\u2019intelligence du texte offrent un petit miracle de pr\u00e9cision, nous faisant vibrer face \u00e0 ce condens\u00e9 d\u2019Orph\u00e9e. La partition file, parfaitement conduite par la chanteuse mais aussi par les quatre instrumentistes qui sont ici r\u00e9unis, chacun accompagnant r\u00e9guli\u00e8rement un air ou une danse avec une partie plus d\u00e9velopp\u00e9e. On retiendra bien s\u00fbr la partie magnifique d\u2019<strong>Emmanuel Resche-Caserta<\/strong> ! Quel plaisir d\u2019entendre un tel petit bijou dans un cadre aussi beau et propice \u00e0 ce r\u00e9pertoire!<\/p>\n<div id=\"attachment_3483\" style=\"width: 509px\" class=\"wp-caption aligncenter\"><a href=\"http:\/\/erikcarnets.fr\/wp-content\/uploads\/20240830_164518-scaled.jpg\" target=\"_blank\" rel=\"noopener\"><img loading=\"lazy\" decoding=\"async\" aria-describedby=\"caption-attachment-3483\" class=\"wp-image-3483\" src=\"http:\/\/erikcarnets.fr\/wp-content\/uploads\/20240830_164518-300x135.jpg\" alt=\"\" width=\"499\" height=\"225\" srcset=\"https:\/\/erikcarnets.fr\/wp-content\/uploads\/20240830_164518-300x135.jpg 300w, https:\/\/erikcarnets.fr\/wp-content\/uploads\/20240830_164518-1024x462.jpg 1024w, https:\/\/erikcarnets.fr\/wp-content\/uploads\/20240830_164518-768x346.jpg 768w, https:\/\/erikcarnets.fr\/wp-content\/uploads\/20240830_164518-1536x692.jpg 1536w, https:\/\/erikcarnets.fr\/wp-content\/uploads\/20240830_164518-2048x923.jpg 2048w\" sizes=\"auto, (max-width: 499px) 100vw, 499px\" \/><\/a><p id=\"caption-attachment-3483\" class=\"wp-caption-text\">Orph\u00e9e, Itin\u00e9raire bis : Elena Andr\u00e9e (violoncelle), B\u00e9atrice Martin (clavecin), Virginie Thomas (soprano), Emmanuel Resche-Caserta (violon), Gabrielle Rubio (fl\u00fbte)<\/p><\/div>\n<ul style=\"text-align: justify;\">\n<li aria-level=\"1\">Thir\u00e9<\/li>\n<li aria-level=\"1\">Les jardins de William Christie, La Pin\u00e8de<\/li>\n<li aria-level=\"1\">30 ao\u00fbt 2024, 16h30<\/li>\n<li aria-level=\"1\">Orph\u00e9e, itin\u00e9raire bis<\/li>\n<li aria-level=\"1\">Louis-Nicolas Cl\u00e9rambault (1676-1749) : Orph\u00e9e<\/li>\n<li aria-level=\"1\">Virginie Thomas, soprano<\/li>\n<li aria-level=\"1\">Emmanuel Resche-Caserta, violon<\/li>\n<li aria-level=\"1\">Elena Andr\u00e9e, violoncelle<\/li>\n<li aria-level=\"1\">Gabrielle Rubio, fl\u00fbte<\/li>\n<li aria-level=\"1\">B\u00e9atrice Martin, clavecin<\/li>\n<\/ul>\n<h6 style=\"text-align: justify;\">4 &#8211; Promenade musicale : Voyages aux Enfers, aller-retour ou aller simple?<\/h6>\n<p style=\"text-align: justify;\">Cette fois, on se dirige vers un autre lieu pour un concert centr\u00e9 sur la descente aux Enfers. L\u00e0 encore, on ressent le lien avec ce qui nous occupera le soir! Direction donc le Mur des Cyclopes, qui semble avoir \u00e9t\u00e9 remani\u00e9 avec un v\u00e9ritable mur qui se dessine de l\u2019autre c\u00f4t\u00e9 de la rivi\u00e8re, mais par contre les bancs qui avaient \u00e9t\u00e9 am\u00e9nag\u00e9s avec des troncs d\u2019arbres ont disparu. Qu\u2019\u00e0 cela ne tienne, on s\u2019assoit donc par terre de nouveau! Face \u00e0 nous, sept chanteurs du ch\u0153ur des Arts Florissants et deux instrumentistes pour un programme baroque\u2026 mais pas que! \u00c0 proximit\u00e9 et avec un effectif aussi r\u00e9duit, le moindre \u00e9cart s\u2019entend et malheureusement, on entend parfois quelques probl\u00e8mes de calage dans le chant de ces sept messieurs. Mais le programme n\u2019est pas simple avec cet encha\u00eenement de grands passages d\u2019op\u00e9ras. Le magnifique ch\u0153ur de Monteverdi par exemple ouvre de belle mani\u00e8re le concert avant que <strong>Laurent Collobert<\/strong> ne chante l\u2019air de Charon dans l\u2019<em>Alceste<\/em> de Lully. Il faut bien avouer que si l\u2019on a l\u2019habitude d\u2019\u00e9couter cet air par des grands (sans remonter forc\u00e9ment \u00e0 Cesare Siepi!), le chant est ici un petit peu r\u00e9duit, sans le timbre truculent que l\u2019on peut attendre m\u00eame si les intentions sont l\u00e0. On retiendra par contre le tr\u00e8s dr\u00f4le air \u201cSur les bords t\u00e9n\u00e9breux du terrible Ach\u00e9ron\u201d o\u00f9 les aboiements des trois t\u00eates de Cerb\u00e8re sont repr\u00e9sent\u00e9s par les trois pupitres! La suite du programme est aussi tr\u00e8s int\u00e9ressante mais plus connue. Et pour finir, voil\u00e0 que l\u2019on aura droit \u00e0 une adaptation du galop infernal d\u2019<em>Orph\u00e9e aux Enfers<\/em> d\u2019Offenbach! Pour accompagner, th\u00e9orbe et basson sont appel\u00e9s. Il est \u00e0 noter que Gabrielle Rubio semble aussi bien jouer du th\u00e9orbe que de la fl\u00fbte (elle en jouait pour l\u2019<em>Orph\u00e9e<\/em> de Cl\u00e9rambault). Au final, un programme tr\u00e8s intelligent mais une r\u00e9alisation l\u00e9g\u00e8rement en dessous du niveau grandiose des deux premiers concerts!<\/p>\n<div id=\"attachment_3484\" style=\"width: 510px\" class=\"wp-caption aligncenter\"><a href=\"http:\/\/erikcarnets.fr\/wp-content\/uploads\/20240830_171815-scaled.jpg\" target=\"_blank\" rel=\"noopener\"><img loading=\"lazy\" decoding=\"async\" aria-describedby=\"caption-attachment-3484\" class=\"wp-image-3484\" src=\"http:\/\/erikcarnets.fr\/wp-content\/uploads\/20240830_171815-300x135.jpg\" alt=\"\" width=\"500\" height=\"225\" srcset=\"https:\/\/erikcarnets.fr\/wp-content\/uploads\/20240830_171815-300x135.jpg 300w, https:\/\/erikcarnets.fr\/wp-content\/uploads\/20240830_171815-1024x462.jpg 1024w, https:\/\/erikcarnets.fr\/wp-content\/uploads\/20240830_171815-768x346.jpg 768w, https:\/\/erikcarnets.fr\/wp-content\/uploads\/20240830_171815-1536x692.jpg 1536w, https:\/\/erikcarnets.fr\/wp-content\/uploads\/20240830_171815-2048x923.jpg 2048w\" sizes=\"auto, (max-width: 500px) 100vw, 500px\" \/><\/a><p id=\"caption-attachment-3484\" class=\"wp-caption-text\">Voyage aux Enfers : \u00c9vol\u00e8ne Kiener (basson), Gabrielle Rubio (th\u00e9orbe), Bruno Le Levreur (contre-t\u00e9nor), Nicolas Kuntzelmann (contre-t\u00e9nor), Christophe Baska (contre-t\u00e9nor), \u00c9douard Hazebroucq (taille), Jean-Yves Ravoux (taille), Simon Dubois (basse), Laurent Collobert (basse), Gabrielle Rubio (th\u00e9orbe)<\/p><\/div>\n<ul style=\"text-align: justify;\">\n<li aria-level=\"1\">Thir\u00e9<\/li>\n<li aria-level=\"1\">Les jardins de William Christie,\u00a0 Mur des Cyclopes<\/li>\n<li aria-level=\"1\">30 ao\u00fbt\u00a0 2024, 17h<\/li>\n<li aria-level=\"1\">Voyage aux Enfers : aller-retour ou aller simple?<\/li>\n<li aria-level=\"1\">Claudio Monteverdi (1567-1643) : Orfeo, Coro di Spirit infernali\u00a0 \u201cNulla impresa per uom\u2019 si tenta in vano\u201d<\/li>\n<li aria-level=\"1\">Jean-Baptiste Lully (1632-1687) : Alceste, \u201cIl faut passer t\u00f4t ou tard\u201d<\/li>\n<li aria-level=\"1\">Anonyme : \u201cSur les bords t\u00e9n\u00e9breux du terrible Ach\u00e9ron\u201d<\/li>\n<li aria-level=\"1\">Marc-Antoine Charpentier (1643-1704) : La Descente d&rsquo;Orph\u00e9e aux Enfers, extraits des sc\u00e8nes 1 et 2 de l\u2019acte II \u201cAffreux tourments, g\u00e8nes cruelles\u201d &#8211; \u201cMortel, qui que tu sois\u201d<\/li>\n<li aria-level=\"1\">Jean-Philippe Rameau (1683-1764) : Hippolyte et Aricie, extraits de la sc\u00e8ne 4 de l&rsquo;acte II<\/li>\n<li aria-level=\"1\">BIS : Variations baroques sur le g\u00e2teau d&rsquo;Orph\u00e9e aux Enfers d&rsquo;Offenbach<\/li>\n<li aria-level=\"1\">Christophe Baska \/ Nicolas Kuntzelmann \/ Bruno Le Levreur, contre-t\u00e9nor<\/li>\n<li aria-level=\"1\">\u00c9douard Hazebroucq \/ Jean-Yves Ravoux, tailles<\/li>\n<li aria-level=\"1\">Laurent Collobert \/ Simon Dubois, basse<\/li>\n<li aria-level=\"1\">\u00c9vol\u00e8ne Kiener, basson<\/li>\n<li aria-level=\"1\">Gabrielle Rubio, th\u00e9orbe<\/li>\n<\/ul>\n<h6 style=\"text-align: justify;\">5 &#8211; Promenade musicale : Une pastorale avec des monstres<\/h6>\n<p style=\"text-align: justify;\">Une petite travers\u00e9e du jardin pour l&rsquo;avant-dernier concert de l\u2019apr\u00e8s-midi : c\u2019est sous un saule pleureur, \u00e0 c\u00f4t\u00e9 d\u2019un petit pont que sont r\u00e9unis trois \u00e9l\u00e8ves de la Julliard School de New-York pour jouer une transcription de l\u2019ouverture de Scylla et Glaucus de Leclair. L\u2019endroit est parfait pour ce genre de musique, au calme, avec le vent qui fait bouger les branches du saule. Sauf que ce vent fait aussi tomber des partitions de la pauvre <strong>Nadia Lesinska<\/strong>! Mais peu importe les pauses, musicalement le rendu est tr\u00e8s beau dans ce lieu calme et bucolique. Reste un souci mineur : avec tous les fauteuils agglutin\u00e9s autour des musiciens, il ne reste que peu de place sous le saule et pour beaucoup le concert sera entendu et vu au travers du rideau de feuilles. Mais ce lieu est vraiment enchanteur!<\/p>\n<div id=\"attachment_3485\" style=\"width: 509px\" class=\"wp-caption aligncenter\"><a href=\"http:\/\/erikcarnets.fr\/wp-content\/uploads\/20240830_174605-scaled.jpg\" target=\"_blank\" rel=\"noopener\"><img loading=\"lazy\" decoding=\"async\" aria-describedby=\"caption-attachment-3485\" class=\"wp-image-3485\" src=\"http:\/\/erikcarnets.fr\/wp-content\/uploads\/20240830_174605-300x135.jpg\" alt=\"\" width=\"499\" height=\"225\" srcset=\"https:\/\/erikcarnets.fr\/wp-content\/uploads\/20240830_174605-300x135.jpg 300w, https:\/\/erikcarnets.fr\/wp-content\/uploads\/20240830_174605-1024x462.jpg 1024w, https:\/\/erikcarnets.fr\/wp-content\/uploads\/20240830_174605-768x346.jpg 768w, https:\/\/erikcarnets.fr\/wp-content\/uploads\/20240830_174605-1536x692.jpg 1536w, https:\/\/erikcarnets.fr\/wp-content\/uploads\/20240830_174605-2048x923.jpg 2048w\" sizes=\"auto, (max-width: 499px) 100vw, 499px\" \/><\/a><p id=\"caption-attachment-3485\" class=\"wp-caption-text\">Une pastorale avec des monstres : Ryan Cheng (violon), Nadia Lesinska (violon), Andrew Koutroubas (violoncelle)<\/p><\/div>\n<ul style=\"text-align: justify;\">\n<li aria-level=\"1\">Thir\u00e9<\/li>\n<li aria-level=\"1\">Les jardins de William Christie,\u00a0 Pont Chinois<\/li>\n<li aria-level=\"1\">30 ao\u00fbt 2024, 17h30<\/li>\n<li aria-level=\"1\">Une pastorale avec des monstres<\/li>\n<li aria-level=\"1\">Jean-Marie Leclair (1697-1764) : Scylla et Glaucus,\u00a0 Ouverture en la majeur, Opus 13 n\u00b03<\/li>\n<li aria-level=\"1\">Ryan Cheng \/ Nadia Lesinska, violon<\/li>\n<li aria-level=\"1\">Andrew Koutroubas, violoncelle<\/li>\n<\/ul>\n<h6 style=\"text-align: justify;\">6 &#8211; Promenade musicale : Carte blanche \u00e0 S\u00e9bastien Marq, Catches &amp; Grounds<\/h6>\n<p style=\"text-align: justify;\">Enfin, direction les Terrasses pour le dernier concert de l\u2019apr\u00e8s-midi. Bien s\u00fbr, il y a foule, bien s\u00fbr, des gens sont debout\u2026 mais forc\u00e9ment, ils vont s&rsquo;asseoir au d\u00e9but du concert. Sauf qu\u2019il n\u2019en sera rien. Voil\u00e0 donc un concert o\u00f9 5 personnes restent debout en plein milieu du public sans m\u00eame penser qu\u2019ils peuvent g\u00eaner les gens derri\u00e8re. Du coup, ce sera un concert \u201c\u00e0 l\u2019aveugle\u201d, ne permettant pas de voir la petite mise en sc\u00e8ne qui semblait pourtant tr\u00e8s bien faite, ne permettant de se rendre compte que tr\u00e8s tardivement que Marie-Ange Petit (percussionniste) utilise des verres et des bouteilles uniquement\u2026 Car pour cette carte blanche laiss\u00e9e \u00e0 <strong>S\u00e9bastien Marq<\/strong>, nous sommes propuls\u00e9s dans une taverne anglaise du XVIIe si\u00e8cle, au temps des Catches et des Grounds. Les catches sont des chansons souvent grivoises ou en rapport avec la boisson que les hommes chantaient dans les tavernes pour \u00e9chapper un petit peu \u00e0 leur quotidien. Le ground est lui une forme uniquement instrumentale qui est proche de l\u2019ostinato, une r\u00e9p\u00e9tition obstin\u00e9e des rythmes et de m\u00e9lodies\u2026 L\u00e0 aussi nous sommes dans la m\u00eame atmosph\u00e8re que les catches. De nombreux musiciens composent un petit orchestre assez vif et bondissant, trouvant parfaitement les rythmes et la sonorit\u00e9 que l\u2019on peut imaginer dans un cadre festif. Au chant, deux t\u00e9nors et une basse. Si cette musique semble \u00eatre totalement famili\u00e8re \u00e0 <strong>Paul Agnew<\/strong> et <strong>Edward Grint<\/strong>, on sent au d\u00e9but un petit manque de naturel chez <strong>Cyril Auvity<\/strong> qui est rapidement gomm\u00e9 par l\u2019\u00e9nergie communicative qui se d\u00e9gage. Les trois chanteurs entrent parfaitement dans leurs r\u00f4les de piliers de bars, se lan\u00e7ant m\u00eame dans une chanson \u00e0 la gloire d\u2019un certain Bill\u2026 h\u00f4te de ces journ\u00e9es! Malheureusement, difficile de voir le jeu qui accompagnait ce chant. Une table de bar avait \u00e9t\u00e9 reconstitu\u00e9e et les trois chanteurs semblaient particuli\u00e8rement gris sc\u00e9niquement!<\/p>\n<div id=\"attachment_3486\" style=\"width: 509px\" class=\"wp-caption aligncenter\"><a href=\"http:\/\/erikcarnets.fr\/wp-content\/uploads\/20240830_182024-scaled.jpg\" target=\"_blank\" rel=\"noopener\"><img loading=\"lazy\" decoding=\"async\" aria-describedby=\"caption-attachment-3486\" class=\"wp-image-3486\" src=\"http:\/\/erikcarnets.fr\/wp-content\/uploads\/20240830_182024-300x135.jpg\" alt=\"\" width=\"499\" height=\"225\" srcset=\"https:\/\/erikcarnets.fr\/wp-content\/uploads\/20240830_182024-300x135.jpg 300w, https:\/\/erikcarnets.fr\/wp-content\/uploads\/20240830_182024-1024x462.jpg 1024w, https:\/\/erikcarnets.fr\/wp-content\/uploads\/20240830_182024-768x346.jpg 768w, https:\/\/erikcarnets.fr\/wp-content\/uploads\/20240830_182024-1536x692.jpg 1536w, https:\/\/erikcarnets.fr\/wp-content\/uploads\/20240830_182024-2048x923.jpg 2048w\" sizes=\"auto, (max-width: 499px) 100vw, 499px\" \/><\/a><p id=\"caption-attachment-3486\" class=\"wp-caption-text\">Catches &amp; Grounds : Marie-Ange Petit (percussions), S\u00e9bastien Marq (fl\u00fbte), Augista McKay Lodge (violon), Cyril Auvity (t\u00e9nor), Eward Grint (basse), Myriam Rignol (viol de gambe), F\u00e9lix Knecht (violoncelle), Paul Agnew (t\u00e9nor), Thomas Dunford (archiluth), Joseph Carver (contrebasse), Gabriel Rignol (th\u00e9orbe)<\/p><\/div>\n<ul style=\"text-align: justify;\">\n<li aria-level=\"1\">Thir\u00e9<\/li>\n<li aria-level=\"1\">Les jardins de William Christie,\u00a0 Les Terrasses<\/li>\n<li aria-level=\"1\">30 ao\u00fbt 2024, 18h<\/li>\n<li aria-level=\"1\">Carte Blanche \u00e0 S\u00e9bastien Marq : Catches &amp; Grounds<\/li>\n<li aria-level=\"1\">\u0152uvres de Purcell, Blow, Aldridge, Playford\u2026<\/li>\n<li aria-level=\"1\">Paul Agnew \/ Cyril Auvity,\u00a0 t\u00e9nor<\/li>\n<li aria-level=\"1\">Edward Grint, basse<\/li>\n<li aria-level=\"1\">Augusta McKay Lodge, violon<\/li>\n<li aria-level=\"1\">F\u00e9lix Knecht, violoncelle<\/li>\n<li aria-level=\"1\">Myriam Rignol, viole de gambe<\/li>\n<li aria-level=\"1\">Joseph Carver, contrebasse<\/li>\n<li aria-level=\"1\">S\u00e9bastien Marq,\u00a0 fl\u00fbte \u00e0 bec<\/li>\n<li aria-level=\"1\">Thomas Dunford,\u00a0 archiluth<\/li>\n<li aria-level=\"1\">Gabriel Rignol, th\u00e9orbe<\/li>\n<li aria-level=\"1\">Marie-Ange Petit, percussions<\/li>\n<\/ul>\n<h6 style=\"text-align: justify;\">7 &#8211; Le concert du soir : Orph\u00e9e et Eurydice<\/h6>\n<p style=\"text-align: justify;\"><em>Orph\u00e9e et Eurydice<\/em> (je ne sais pas pourquoi le programme des Arts Florissants donne le nom en italien avec deux \u201ci\u201d&#8230;) fait partie de ces op\u00e9ras aux versions multiples : trois de la main de Gluck et une de la main d\u2019Hector Berlioz. Bien s\u00fbr, en sp\u00e9cialistes du baroque fran\u00e7ais, les Arts Florissants s\u2019int\u00e9ressent prioritairement \u00e0 la version fran\u00e7aise de 1774 o\u00f9 le r\u00f4le est chant\u00e9 par un haute-contre et non par une voix f\u00e9minine (que ce soit un castrat ou une femme). Depuis quelques ann\u00e9es, cette production a tourn\u00e9 dans diff\u00e9rentes salles de concerts et il y a quelque temps, cet <em>Orph\u00e9e<\/em> a m\u00eame \u00e9t\u00e9 enregistr\u00e9 en studio pour une parution en CD. N\u2019ayant pas vu en salle de concert les pr\u00e9c\u00e9dentes dates, difficile de comparer\u2026 mais il n\u2019y avait s\u00fbrement pas cette magie du coucher de soleil, des \u00e9clairages sur le miroir d\u2019eau et la perspective qui se d\u00e9tache de la nuit derri\u00e8re. Malgr\u00e9 un temps frais et quelques gouttes de pluie en fin de deuxi\u00e8me acte (mais alors vraiment trois), la soir\u00e9e \u00e9tait assez f\u00e9\u00e9rique, avec cette musique d\u2019une beaut\u00e9 rare et un chant tout bonnement admirable. Seul petit reproche que l\u2019on pourrait faire : la direction de Paul Agnew a sembl\u00e9 d\u2019une grande lenteur \u00e0 bien des moments, manquant peut-\u00eatre un peu de rebond dans les parties les plus tristes.<\/p>\n<div id=\"attachment_3487\" style=\"width: 510px\" class=\"wp-caption aligncenter\"><a href=\"http:\/\/erikcarnets.fr\/wp-content\/uploads\/20240830_195920-scaled.jpg\" target=\"_blank\" rel=\"noopener\"><img loading=\"lazy\" decoding=\"async\" aria-describedby=\"caption-attachment-3487\" class=\"wp-image-3487\" src=\"http:\/\/erikcarnets.fr\/wp-content\/uploads\/20240830_195920-300x135.jpg\" alt=\"\" width=\"500\" height=\"225\" srcset=\"https:\/\/erikcarnets.fr\/wp-content\/uploads\/20240830_195920-300x135.jpg 300w, https:\/\/erikcarnets.fr\/wp-content\/uploads\/20240830_195920-1024x462.jpg 1024w, https:\/\/erikcarnets.fr\/wp-content\/uploads\/20240830_195920-768x346.jpg 768w, https:\/\/erikcarnets.fr\/wp-content\/uploads\/20240830_195920-1536x692.jpg 1536w, https:\/\/erikcarnets.fr\/wp-content\/uploads\/20240830_195920-2048x923.jpg 2048w\" sizes=\"auto, (max-width: 500px) 100vw, 500px\" \/><\/a><p id=\"caption-attachment-3487\" class=\"wp-caption-text\">Avant le concert<\/p><\/div>\n<p style=\"text-align: justify;\">Mais revenons rapidement aux diff\u00e9rentes versions\u2026 L&rsquo;\u0153uvre est cr\u00e9\u00e9e en 1762 \u00e0 Vienne en italien et le r\u00f4le-titre est chant\u00e9 par le castrat Gaetano Guadagni. Contrairement \u00e0 nombre de ses coll\u00e8gues, le castrat contralto est r\u00e9put\u00e9 pour un chant assez sobre, loin de guirlandes de vocalises dont d\u2019autres d\u00e9corent les lignes vocales. En cela, il se rapproche des intentions de Gluck qui souhaite d\u00e9j\u00e0 faire \u00e9voluer l\u2019op\u00e9ra avec une conception moins d\u00e9monstrative et plus imm\u00e9diatement touchante. En 1769, l\u2019op\u00e9ra est cr\u00e9\u00e9 dans une version r\u00e9vis\u00e9e \u00e0 Parme en Italie. La partition est r\u00e9duite en un seul acte et cette fois-ci, un autre castrat soprano cette fois : Vito Giuseppe Millico. Si le chanteur semble \u00eatre d\u00e9j\u00e0 plus adepte des d\u00e9corations, il reste reconnu pour son chant toujours sensible et expressif. Mais cela fait dans ce petit <em>Orfeo<\/em> trois voix de soprano (avec Euridice et Amor)! Alors qu\u2019il arrive \u00e0 Paris en 1774, c\u2019est apr\u00e8s la cr\u00e9ation de son <em>Iphig\u00e9nie en Aulide<\/em> cette m\u00eame ann\u00e9e qu\u2019il modifie son op\u00e9ra pour pr\u00e9senter <em>Orph\u00e9e et Eurydice<\/em> avec un haute-contre dans le r\u00f4le titre, se coulant ainsi dans la tradition du h\u00e9ros chant\u00e9 par ces t\u00e9nors aux tessitures assez hautes h\u00e9rit\u00e9es du baroque fran\u00e7ais. Gluck transpose vers le haut m\u00eame certains passages d\u2019un ton, entra\u00eenant le t\u00e9nor jusqu\u2019\u00e0 des contre-r\u00e9 par exemple dans la supplique aux ch\u0153urs infernaux qui ouvre le deuxi\u00e8me acte! Enfin, en 1859, sous l\u2019impulsion d\u2019Hector Berlioz et de Pauline Viardot, une nouvelle version est cr\u00e9\u00e9e, revenant \u00e0 la tessiture originale tout en conservant une bonne partie des ajouts faits pour la version parisienne de 1774. De cette version seront d\u00e9riv\u00e9es par la suite des versions italiennes pour mezzo-soprano et on verra m\u00eame des versions de barytons!<\/p>\n<div id=\"attachment_3488\" style=\"width: 509px\" class=\"wp-caption aligncenter\"><a href=\"http:\/\/erikcarnets.fr\/wp-content\/uploads\/20240830_205555-scaled.jpg\" target=\"_blank\" rel=\"noopener\"><img loading=\"lazy\" decoding=\"async\" aria-describedby=\"caption-attachment-3488\" class=\"wp-image-3488\" src=\"http:\/\/erikcarnets.fr\/wp-content\/uploads\/20240830_205555-300x135.jpg\" alt=\"\" width=\"499\" height=\"225\" srcset=\"https:\/\/erikcarnets.fr\/wp-content\/uploads\/20240830_205555-300x135.jpg 300w, https:\/\/erikcarnets.fr\/wp-content\/uploads\/20240830_205555-1024x462.jpg 1024w, https:\/\/erikcarnets.fr\/wp-content\/uploads\/20240830_205555-768x346.jpg 768w, https:\/\/erikcarnets.fr\/wp-content\/uploads\/20240830_205555-1536x692.jpg 1536w, https:\/\/erikcarnets.fr\/wp-content\/uploads\/20240830_205555-2048x923.jpg 2048w\" sizes=\"auto, (max-width: 499px) 100vw, 499px\" \/><\/a><p id=\"caption-attachment-3488\" class=\"wp-caption-text\">Fin de premi\u00e8re partie<\/p><\/div>\n<p style=\"text-align: justify;\">C\u2019est donc ici comme dit plus haut la version fran\u00e7aise de 1774 qui est propos\u00e9e au public, chose assez logique \u00e9tant donn\u00e9 l\u2019amour des Arts Florissants pour le r\u00e9pertoire baroque fran\u00e7ais. Gluck en est ici l\u2019h\u00e9ritier direct. Et on retrouve du coup la qualit\u00e9 des musiciens et des chanteurs de l\u2019ensemble. <strong>Paul Agnew<\/strong> semble avoir fait des choix assez marquants dans sa direction. D\u00e8s les premi\u00e8res minutes, on entend des tempi assez lents, presque \u00e9tir\u00e9s. Le chef semble vouloir renforcer l\u2019aspect sombre de cette c\u00e9r\u00e9monie fun\u00e8bre du premier acte. En effet, les d\u00e9plorations des ch\u0153urs sont port\u00e9es sur de longues phrases magnifiquement interpr\u00e9t\u00e9es par les <strong>chanteurs des Arts Florissants<\/strong> dans des ensembles tout bonnement parfaits. Les diff\u00e9rentes lignes vocales sont parfaitement nettes et se m\u00ealent magnifiquement. Tout au long de la soir\u00e9e, cet ensemble vocal se montre \u00e0 son plus haut niveau avec des couleurs et des timbres splendides. Car si la d\u00e9ploration est belle, les ch\u0153urs des esprits heureux sont eux aussi d\u2019une pl\u00e9nitude et d\u2019une douceur rare. On retrouve la m\u00eame qualit\u00e9 dans l\u2019<strong>orchestre des Arts Florissants<\/strong> men\u00e9 avec beaucoup d\u2019inspiration par le chef. Mais il faut bien avouer qu\u2019il manque quelque chose par moments. Cette lenteur, ce manque de rebond qui semble \u00eatre volontaire pour accentuer l\u2019aspect sombre de certains passages\u2026 et si les moments plus lumineux trouvent une plus belle \u00e9nergie, il manque tout au long de la soir\u00e9e un petit peu de tension. Tout est splendide, plastiquement admirable\u2026 mais avec un petit manque de tension et de th\u00e9\u00e2tralit\u00e9.<\/p>\n<div id=\"attachment_3489\" style=\"width: 510px\" class=\"wp-caption aligncenter\"><a href=\"http:\/\/erikcarnets.fr\/wp-content\/uploads\/20240830_210727-scaled.jpg\" target=\"_blank\" rel=\"noopener\"><img loading=\"lazy\" decoding=\"async\" aria-describedby=\"caption-attachment-3489\" class=\"wp-image-3489\" src=\"http:\/\/erikcarnets.fr\/wp-content\/uploads\/20240830_210727-300x135.jpg\" alt=\"\" width=\"500\" height=\"225\" srcset=\"https:\/\/erikcarnets.fr\/wp-content\/uploads\/20240830_210727-300x135.jpg 300w, https:\/\/erikcarnets.fr\/wp-content\/uploads\/20240830_210727-1024x462.jpg 1024w, https:\/\/erikcarnets.fr\/wp-content\/uploads\/20240830_210727-768x346.jpg 768w, https:\/\/erikcarnets.fr\/wp-content\/uploads\/20240830_210727-1536x692.jpg 1536w, https:\/\/erikcarnets.fr\/wp-content\/uploads\/20240830_210727-2048x923.jpg 2048w\" sizes=\"auto, (max-width: 500px) 100vw, 500px\" \/><\/a><p id=\"caption-attachment-3489\" class=\"wp-caption-text\">Terrasse du logis durant l&rsquo;entracte.<\/p><\/div>\n<p style=\"text-align: justify;\">Deux sopranes et un t\u00e9nor\u2026 voil\u00e0 la distribution de solistes. <strong>Julie Roset<\/strong> est une grande habitu\u00e9e des r\u00f4les d\u2019amour : de Monteverdi (<em>L\u2019Incoronazione di Poppea<\/em>) \u00e0 Charpentier (<em>M\u00e9d\u00e9e<\/em>), elle excelle dans ces r\u00f4les. Et l\u00e0 encore, elle donne beaucoup de vie \u00e0 ses deux apparitions. La voix est vive, enjou\u00e9e et l\u00e9g\u00e8re tout en \u00e9tant parfaitement projet\u00e9e. Ses trois airs sont des moments pleins de th\u00e9\u00e2tre, la jeune femme jouant avec d\u00e9lectation ce petit Amour qui a finalement toutes les cl\u00e9s! <strong>Ana Vieira Leite<\/strong> est elle une Eurydice assez combattante, donnant \u00e0 sa voix des accents pleins de vie et avec une volont\u00e9 visible. Le r\u00f4le est assez peu d\u00e9velopp\u00e9 mais elle lui donne beaucoup de pr\u00e9sence, chantant d\u2019ailleurs comme il en est l\u2019habitude l\u2019air de l\u2019Ombre Heureuse.<\/p>\n<div id=\"attachment_3490\" style=\"width: 509px\" class=\"wp-caption aligncenter\"><a href=\"http:\/\/erikcarnets.fr\/wp-content\/uploads\/20240830_221750-scaled.jpg\" target=\"_blank\" rel=\"noopener\"><img loading=\"lazy\" decoding=\"async\" aria-describedby=\"caption-attachment-3490\" class=\"wp-image-3490\" src=\"http:\/\/erikcarnets.fr\/wp-content\/uploads\/20240830_221750-300x135.jpg\" alt=\"\" width=\"499\" height=\"225\" srcset=\"https:\/\/erikcarnets.fr\/wp-content\/uploads\/20240830_221750-300x135.jpg 300w, https:\/\/erikcarnets.fr\/wp-content\/uploads\/20240830_221750-1024x462.jpg 1024w, https:\/\/erikcarnets.fr\/wp-content\/uploads\/20240830_221750-768x346.jpg 768w, https:\/\/erikcarnets.fr\/wp-content\/uploads\/20240830_221750-1536x692.jpg 1536w, https:\/\/erikcarnets.fr\/wp-content\/uploads\/20240830_221750-2048x923.jpg 2048w\" sizes=\"auto, (max-width: 499px) 100vw, 499px\" \/><\/a><p id=\"caption-attachment-3490\" class=\"wp-caption-text\">Saluts apr\u00e8s le concert<\/p><\/div>\n<p style=\"text-align: justify;\">Mais bien s\u00fbr, c\u2019est le r\u00f4le-titre qui se taille la part du lion ici. <strong>Reinoud van Mechelen<\/strong> a montr\u00e9 son talent pour le r\u00e9pertoire baroque fran\u00e7ais, allant m\u00eame jusqu\u2019au r\u00e9pertoire de Joseph Legros justement dans un r\u00e9cital. Et d\u00e8s qu\u2019il ouvre la bouche, on est saisi par la beaut\u00e9 du chant, la po\u00e9sie qui s\u2019en d\u00e9gage et la qualit\u00e9 du fran\u00e7ais. Tout ici n\u2019est que po\u00e9sie et d\u00e9licatesse, offrant une vision assez magique d\u2019un personnage po\u00e8te. Mais toutes ces qualit\u00e9s sont aussi la cause d\u2019un petit manque de drame dans son chant. En restant uniquement po\u00e8te et artiste, il ne trouve pas les quelques inflexions qui pourraient encore plus donner du corps \u00e0 son personnage. Entendons-nous bien, cet Orph\u00e9e est splendide et touche\u2026 mais il pourrait sans doute aller un petit peu plus loin dans l\u2019\u00e9quilibre entre le chant et le th\u00e9\u00e2tre. Mais admirons ce chant qui se joue des difficult\u00e9s techniques, de la tessiture tr\u00e8s longue (malgr\u00e9 un extr\u00eame aigu un petit peu tendu) et qui nous offre une le\u00e7on de chant et de po\u00e9sie!<\/p>\n<div id=\"attachment_3491\" style=\"width: 509px\" class=\"wp-caption aligncenter\"><a href=\"http:\/\/erikcarnets.fr\/wp-content\/uploads\/20240830_223028-scaled.jpg\" target=\"_blank\" rel=\"noopener\"><img loading=\"lazy\" decoding=\"async\" aria-describedby=\"caption-attachment-3491\" class=\"wp-image-3491\" src=\"http:\/\/erikcarnets.fr\/wp-content\/uploads\/20240830_223028-300x135.jpg\" alt=\"\" width=\"499\" height=\"225\" srcset=\"https:\/\/erikcarnets.fr\/wp-content\/uploads\/20240830_223028-300x135.jpg 300w, https:\/\/erikcarnets.fr\/wp-content\/uploads\/20240830_223028-1024x462.jpg 1024w, https:\/\/erikcarnets.fr\/wp-content\/uploads\/20240830_223028-768x346.jpg 768w, https:\/\/erikcarnets.fr\/wp-content\/uploads\/20240830_223028-1536x692.jpg 1536w, https:\/\/erikcarnets.fr\/wp-content\/uploads\/20240830_223028-2048x923.jpg 2048w\" sizes=\"auto, (max-width: 499px) 100vw, 499px\" \/><\/a><p id=\"caption-attachment-3491\" class=\"wp-caption-text\">Le miroir d&rsquo;eau apr\u00e8s le concert<\/p><\/div>\n<p style=\"text-align: justify;\">Voil\u00e0 un magnifique moment! L\u2019ouvrage bien s\u00fbr est splendide, la version particuli\u00e8rement r\u00e9ussie, le chant superbe\u2026 et le cadre ! Petit \u00e0 petit, la nuit tombe, les \u00e9clairages se r\u00e9v\u00e8lent, le ciel se d\u00e9couvre aussi\u2026 et comment r\u00e9sister \u00e0 regarder les \u00e9toiles en \u00e9coutant les suppliques d\u2019Orph\u00e9e aux esprits infernaux? Le moment aura \u00e9t\u00e9 magique pour tout cet ensemble de facteurs, mais aussi peut-\u00eatre parce que le matin, on doutait fortement de pouvoir passer un tel moment. Voil\u00e0 en tout cas qui cl\u00f4t une journ\u00e9e comme toujours magnifique, o\u00f9 l\u2019on est baign\u00e9 dans la musique et dans les superbes jardins de William Christie. Toujours d\u00e9paysant, toujours splendide!<\/p>\n<ul>\n<li style=\"text-align: justify;\" aria-level=\"1\">Thir\u00e9<\/li>\n<li style=\"text-align: justify;\" aria-level=\"1\">Les jardins de William Christie,\u00a0 Le Miroir d\u2019Eau<\/li>\n<li style=\"text-align: justify;\" aria-level=\"1\">30 ao\u00fbt 2024, 20h<\/li>\n<li style=\"text-align: justify;\" aria-level=\"1\">Christoph Willibald Gluck (1714-1787) : Orph\u00e9e et Eurydice<\/li>\n<li style=\"text-align: justify;\" aria-level=\"1\">Orph\u00e9e, Renaud Van Mechelen ; Eurydice, Ana Vieira Leite ; Amour, Julie Roset<\/li>\n<li style=\"text-align: justify;\" aria-level=\"1\">Ch\u0153ur et Orchestre des Arts Florissants<\/li>\n<li style=\"text-align: justify;\" aria-level=\"1\">Paul Agnew, direction<\/li>\n<\/ul>\n<p>Et quelques photos pour finir ce petit voyage \u00e0 Thir\u00e9 :<\/p>\n<style id=\"bwg-style-0\">    #bwg_container1_0 #bwg_container2_0 .bwg-container-0.bwg-standard-thumbnails {      width: 1254px;              justify-content: center;        margin:0 auto !important;              background-color: rgba(255, 255, 255, 0.00);            padding-left: 4px;      padding-top: 4px;      max-width: 100%;            }        #bwg_container1_0 #bwg_container2_0 .bwg-container-0.bwg-standard-thumbnails .bwg-item {    justify-content: flex-start;      max-width: 250px;          }    #bwg_container1_0 #bwg_container2_0 .bwg-container-0.bwg-standard-thumbnails .bwg-item a {       margin-right: 4px;       margin-bottom: 4px;    }    #bwg_container1_0 #bwg_container2_0 .bwg-container-0.bwg-standard-thumbnails .bwg-item0 {      padding: 0px;            background-color:rgba(0,0,0, 0.30);      border: 0px none #CCCCCC;      opacity: 1.00;      border-radius: 0;      box-shadow: ;    }    #bwg_container1_0 #bwg_container2_0 .bwg-container-0.bwg-standard-thumbnails .bwg-item1 img {      max-height: none;      max-width: none;      padding: 0 !important;    }         @media only screen and (min-width: 480px) {\t\t#bwg_container1_0 #bwg_container2_0 .bwg-container-0.bwg-standard-thumbnails .bwg-item1 img {\t\t\t-webkit-transition: all .3s; transition: all .3s;\t\t}\t\t#bwg_container1_0 #bwg_container2_0 .bwg-container-0.bwg-standard-thumbnails .bwg-item1 img:hover {\t\t\t-ms-transform: scale(1.08);\t\t\t-webkit-transform: scale(1.08);\t\t\ttransform: scale(1.08);\t\t}\t\t\t\t.bwg-standard-thumbnails .bwg-zoom-effect .bwg-zoom-effect-overlay {\t\t\t\t\t\tbackground-color:rgba(0,0,0, 0.3);\t\t}\t\t.bwg-standard-thumbnails .bwg-zoom-effect:hover img {\t\t\t-ms-transform: scale(1.08);\t\t\t-webkit-transform: scale(1.08);\t\t\ttransform: scale(1.08);\t\t}\t\t      }\t    #bwg_container1_0 #bwg_container2_0 .bwg-container-0.bwg-standard-thumbnails .bwg-item1 {      padding-top: 56%;    }        #bwg_container1_0 #bwg_container2_0 .bwg-container-0.bwg-standard-thumbnails .bwg-title1 {      position: absolute;      top: 0;      z-index: 100;      width: 100%;      height: 100%;      display: flex;      justify-content: center;      align-content: center;      flex-direction: column;      opacity: 0;    }\t      #bwg_container1_0 #bwg_container2_0 .bwg-container-0.bwg-standard-thumbnails .bwg-title2,    #bwg_container1_0 #bwg_container2_0 .bwg-container-0.bwg-standard-thumbnails .bwg-ecommerce2 {      color: #FFFFFF;      font-family: Ubuntu;      font-size: 16px;      font-weight: bold;      padding: 2px;      text-shadow: ;      max-height: 100%;    }    #bwg_container1_0 #bwg_container2_0 .bwg-container-0.bwg-standard-thumbnails .bwg-thumb-description span {    color: #323A45;    font-family: Ubuntu;    font-size: 12px;    max-height: 100%;    word-wrap: break-word;    }    #bwg_container1_0 #bwg_container2_0 .bwg-container-0.bwg-standard-thumbnails .bwg-play-icon2 {      font-size: 32px;    }    #bwg_container1_0 #bwg_container2_0 .bwg-container-0.bwg-standard-thumbnails .bwg-ecommerce2 {      font-size: 19.2px;      color: #323A45;    }    <\/style>    <div id=\"bwg_container1_0\"         class=\"bwg_container bwg_thumbnail bwg_thumbnails \"         data-right-click-protection=\"0\"         data-bwg=\"0\"         data-scroll=\"0\"         data-gallery-type=\"thumbnails\"         data-gallery-view-type=\"thumbnails\"         data-current-url=\"\/index.php?rest_route=%2Fwp%2Fv2%2Fposts%2F3475\"         data-lightbox-url=\"https:\/\/erikcarnets.fr\/wp-admin\/admin-ajax.php?action=GalleryBox&#038;current_view=0&#038;gallery_id=2&#038;tag=0&#038;theme_id=1&#038;shortcode_id=4&#038;sort_by=order&#038;order_by=asc&#038;current_url=%2Findex.php%3Frest_route%3D%252Fwp%252Fv2%252Fposts%252F3475\"         data-gallery-id=\"2\"         data-popup-width=\"800\"         data-popup-height=\"500\"         data-is-album=\"gallery\"         data-buttons-position=\"bottom\">      <div id=\"bwg_container2_0\">             <div id=\"ajax_loading_0\" class=\"bwg_loading_div_1\">      <div class=\"bwg_loading_div_2\">        <div class=\"bwg_loading_div_3\">          <div id=\"loading_div_0\" class=\"bwg_spider_ajax_loading\">          <\/div>        <\/div>      <\/div>    <\/div>            <form id=\"gal_front_form_0\"              class=\"bwg-hidden\"              method=\"post\"              action=\"#\"              data-current=\"0\"              data-shortcode-id=\"4\"              data-gallery-type=\"thumbnails\"              data-gallery-id=\"2\"              data-tag=\"0\"              data-album-id=\"0\"              data-theme-id=\"1\"              data-ajax-url=\"https:\/\/erikcarnets.fr\/wp-admin\/admin-ajax.php?action=bwg_frontend_data\">          <div id=\"bwg_container3_0\" class=\"bwg-background bwg-background-0\">                <div data-max-count=\"5\"         data-thumbnail-width=\"250\"         data-bwg=\"0\"         data-gallery-id=\"2\"         data-lightbox-url=\"https:\/\/erikcarnets.fr\/wp-admin\/admin-ajax.php?action=GalleryBox&amp;current_view=0&amp;gallery_id=2&amp;tag=0&amp;theme_id=1&amp;shortcode_id=4&amp;sort_by=order&amp;order_by=asc&amp;current_url=%2Findex.php%3Frest_route%3D%252Fwp%252Fv2%252Fposts%252F3475\"         id=\"bwg_thumbnails_0\"         class=\"bwg-container-0 bwg-thumbnails bwg-standard-thumbnails bwg-container bwg-border-box\">            <div class=\"bwg-item\">        <a class=\"bwg-a  bwg_lightbox\"  data-image-id=\"27\" href=\"https:\/\/erikcarnets.fr\/wp-content\/uploads\/photo-gallery\/20240830_193705.jpg?bwg=1727253019\" data-elementor-open-lightbox=\"no\">                <div class=\"bwg-item0 \">          <div class=\"bwg-item1 bwg-zoom-effect\">            <div class=\"bwg-item2\">              <img decoding=\"async\" class=\"skip-lazy bwg_standart_thumb_img_0 \"                   data-id=\"27\"                   data-width=\"500.00\"                   data-height=\"225.00\"                   data-src=\"https:\/\/erikcarnets.fr\/wp-content\/uploads\/photo-gallery\/thumb\/20240830_193705.jpg?bwg=1727253019\"                   src=\"https:\/\/erikcarnets.fr\/wp-content\/uploads\/photo-gallery\/thumb\/20240830_193705.jpg?bwg=1727253019\"                   alt=\"La cour d&#039;honneur\"                   title=\"La cour d&#039;honneur\" \/>            <\/div>            <div class=\"bwg-zoom-effect-overlay\">              <div class=\"bwg-title1\"><div class=\"bwg-title2\">La cour d'honneur<\/div><\/div>                                        <\/div>          <\/div>        <\/div>                        <\/a>              <\/div>            <div class=\"bwg-item\">        <a class=\"bwg-a  bwg_lightbox\"  data-image-id=\"28\" href=\"https:\/\/erikcarnets.fr\/wp-content\/uploads\/photo-gallery\/20240830_193529.jpg?bwg=1727253019\" data-elementor-open-lightbox=\"no\">                <div class=\"bwg-item0 \">          <div class=\"bwg-item1 bwg-zoom-effect\">            <div class=\"bwg-item2\">              <img decoding=\"async\" class=\"skip-lazy bwg_standart_thumb_img_0 \"                   data-id=\"28\"                   data-width=\"500.00\"                   data-height=\"225.00\"                   data-src=\"https:\/\/erikcarnets.fr\/wp-content\/uploads\/photo-gallery\/thumb\/20240830_193529.jpg?bwg=1727253019\"                   src=\"https:\/\/erikcarnets.fr\/wp-content\/uploads\/photo-gallery\/thumb\/20240830_193529.jpg?bwg=1727253019\"                   alt=\"D\u00e9tail du Clo\u00eetre\"                   title=\"D\u00e9tail du Clo\u00eetre\" \/>            <\/div>            <div class=\"bwg-zoom-effect-overlay\">              <div class=\"bwg-title1\"><div class=\"bwg-title2\">D\u00e9tail du Clo\u00eetre<\/div><\/div>                                        <\/div>          <\/div>        <\/div>                        <\/a>              <\/div>            <div class=\"bwg-item\">        <a class=\"bwg-a  bwg_lightbox\"  data-image-id=\"9\" href=\"https:\/\/erikcarnets.fr\/wp-content\/uploads\/photo-gallery\/20240830_193343.jpg?bwg=1727194812\" data-elementor-open-lightbox=\"no\">                <div class=\"bwg-item0 \">          <div class=\"bwg-item1 bwg-zoom-effect\">            <div class=\"bwg-item2\">              <img decoding=\"async\" class=\"skip-lazy bwg_standart_thumb_img_0 \"                   data-id=\"9\"                   data-width=\"225.00\"                   data-height=\"500.00\"                   data-src=\"https:\/\/erikcarnets.fr\/wp-content\/uploads\/photo-gallery\/thumb\/20240830_193343.jpg?bwg=1727194812\"                   src=\"https:\/\/erikcarnets.fr\/wp-content\/uploads\/photo-gallery\/thumb\/20240830_193343.jpg?bwg=1727194812\"                   alt=\"Pelouse devant la terrasse\"                   title=\"Pelouse devant la terrasse\" \/>            <\/div>            <div class=\"bwg-zoom-effect-overlay\">              <div class=\"bwg-title1\"><div class=\"bwg-title2\">Pelouse devant la terrasse<\/div><\/div>                                        <\/div>          <\/div>        <\/div>                        <\/a>              <\/div>            <div class=\"bwg-item\">        <a class=\"bwg-a  bwg_lightbox\"  data-image-id=\"10\" href=\"https:\/\/erikcarnets.fr\/wp-content\/uploads\/photo-gallery\/20240830_193542.jpg?bwg=1727194812\" data-elementor-open-lightbox=\"no\">                <div class=\"bwg-item0 \">          <div class=\"bwg-item1 bwg-zoom-effect\">            <div class=\"bwg-item2\">              <img decoding=\"async\" class=\"skip-lazy bwg_standart_thumb_img_0 \"                   data-id=\"10\"                   data-width=\"225.00\"                   data-height=\"500.00\"                   data-src=\"https:\/\/erikcarnets.fr\/wp-content\/uploads\/photo-gallery\/thumb\/20240830_193542.jpg?bwg=1727194812\"                   src=\"https:\/\/erikcarnets.fr\/wp-content\/uploads\/photo-gallery\/thumb\/20240830_193542.jpg?bwg=1727194812\"                   alt=\"D\u00e9tail du Clo\u00eetre\"                   title=\"D\u00e9tail du Clo\u00eetre\" \/>            <\/div>            <div class=\"bwg-zoom-effect-overlay\">              <div class=\"bwg-title1\"><div class=\"bwg-title2\">D\u00e9tail du Clo\u00eetre<\/div><\/div>                                        <\/div>          <\/div>        <\/div>                        <\/a>              <\/div>            <div class=\"bwg-item\">        <a class=\"bwg-a  bwg_lightbox\"  data-image-id=\"24\" href=\"https:\/\/erikcarnets.fr\/wp-content\/uploads\/photo-gallery\/20240830_193617.jpg?bwg=1727252821\" data-elementor-open-lightbox=\"no\">                <div class=\"bwg-item0 \">          <div class=\"bwg-item1 bwg-zoom-effect\">            <div class=\"bwg-item2\">              <img decoding=\"async\" class=\"skip-lazy bwg_standart_thumb_img_0 \"                   data-id=\"24\"                   data-width=\"225.00\"                   data-height=\"500.00\"                   data-src=\"https:\/\/erikcarnets.fr\/wp-content\/uploads\/photo-gallery\/thumb\/20240830_193617.jpg?bwg=1727252821\"                   src=\"https:\/\/erikcarnets.fr\/wp-content\/uploads\/photo-gallery\/thumb\/20240830_193617.jpg?bwg=1727252821\"                   alt=\"Le Clo\u00eetre\"                   title=\"Le Clo\u00eetre\" \/>            <\/div>            <div class=\"bwg-zoom-effect-overlay\">              <div class=\"bwg-title1\"><div class=\"bwg-title2\">Le Clo\u00eetre<\/div><\/div>                                        <\/div>          <\/div>        <\/div>                        <\/a>              <\/div>            <div class=\"bwg-item\">        <a class=\"bwg-a  bwg_lightbox\"  data-image-id=\"11\" href=\"https:\/\/erikcarnets.fr\/wp-content\/uploads\/photo-gallery\/20240830_193805.jpg?bwg=1727194812\" data-elementor-open-lightbox=\"no\">                <div class=\"bwg-item0 \">          <div class=\"bwg-item1 bwg-zoom-effect\">            <div class=\"bwg-item2\">              <img decoding=\"async\" class=\"skip-lazy bwg_standart_thumb_img_0 \"                   data-id=\"11\"                   data-width=\"225.00\"                   data-height=\"500.00\"                   data-src=\"https:\/\/erikcarnets.fr\/wp-content\/uploads\/photo-gallery\/thumb\/20240830_193805.jpg?bwg=1727194812\"                   src=\"https:\/\/erikcarnets.fr\/wp-content\/uploads\/photo-gallery\/thumb\/20240830_193805.jpg?bwg=1727194812\"                   alt=\"La cour d&#039;honneur\"                   title=\"La cour d&#039;honneur\" \/>            <\/div>            <div class=\"bwg-zoom-effect-overlay\">              <div class=\"bwg-title1\"><div class=\"bwg-title2\">La cour d'honneur<\/div><\/div>                                        <\/div>          <\/div>        <\/div>                        <\/a>              <\/div>            <div class=\"bwg-item\">        <a class=\"bwg-a  bwg_lightbox\"  data-image-id=\"12\" href=\"https:\/\/erikcarnets.fr\/wp-content\/uploads\/photo-gallery\/20240830_193852.jpg?bwg=1727194812\" data-elementor-open-lightbox=\"no\">                <div class=\"bwg-item0 \">          <div class=\"bwg-item1 bwg-zoom-effect\">            <div class=\"bwg-item2\">              <img decoding=\"async\" class=\"skip-lazy bwg_standart_thumb_img_0 \"                   data-id=\"12\"                   data-width=\"225.00\"                   data-height=\"500.00\"                   data-src=\"https:\/\/erikcarnets.fr\/wp-content\/uploads\/photo-gallery\/thumb\/20240830_193852.jpg?bwg=1727194812\"                   src=\"https:\/\/erikcarnets.fr\/wp-content\/uploads\/photo-gallery\/thumb\/20240830_193852.jpg?bwg=1727194812\"                   alt=\"Vers le verger\"                   title=\"Vers le verger\" \/>            <\/div>            <div class=\"bwg-zoom-effect-overlay\">              <div class=\"bwg-title1\"><div class=\"bwg-title2\">Vers le verger<\/div><\/div>                                        <\/div>          <\/div>        <\/div>                        <\/a>              <\/div>            <div class=\"bwg-item\">        <a class=\"bwg-a  bwg_lightbox\"  data-image-id=\"25\" href=\"https:\/\/erikcarnets.fr\/wp-content\/uploads\/photo-gallery\/20240830_193933.jpg?bwg=1727252821\" data-elementor-open-lightbox=\"no\">                <div class=\"bwg-item0 \">          <div class=\"bwg-item1 bwg-zoom-effect\">            <div class=\"bwg-item2\">              <img decoding=\"async\" class=\"skip-lazy bwg_standart_thumb_img_0 \"                   data-id=\"25\"                   data-width=\"500.00\"                   data-height=\"225.00\"                   data-src=\"https:\/\/erikcarnets.fr\/wp-content\/uploads\/photo-gallery\/thumb\/20240830_193933.jpg?bwg=1727252821\"                   src=\"https:\/\/erikcarnets.fr\/wp-content\/uploads\/photo-gallery\/thumb\/20240830_193933.jpg?bwg=1727252821\"                   alt=\"Le Th\u00e9\u00e2tre de verdure\"                   title=\"Le Th\u00e9\u00e2tre de verdure\" \/>            <\/div>            <div class=\"bwg-zoom-effect-overlay\">              <div class=\"bwg-title1\"><div class=\"bwg-title2\">Le Th\u00e9\u00e2tre de verdure<\/div><\/div>                                        <\/div>          <\/div>        <\/div>                        <\/a>              <\/div>            <div class=\"bwg-item\">        <a class=\"bwg-a  bwg_lightbox\"  data-image-id=\"26\" href=\"https:\/\/erikcarnets.fr\/wp-content\/uploads\/photo-gallery\/20240830_194034.jpg?bwg=1727252821\" data-elementor-open-lightbox=\"no\">                <div class=\"bwg-item0 \">          <div class=\"bwg-item1 bwg-zoom-effect\">            <div class=\"bwg-item2\">              <img decoding=\"async\" class=\"skip-lazy bwg_standart_thumb_img_0 \"                   data-id=\"26\"                   data-width=\"500.00\"                   data-height=\"225.00\"                   data-src=\"https:\/\/erikcarnets.fr\/wp-content\/uploads\/photo-gallery\/thumb\/20240830_194034.jpg?bwg=1727252821\"                   src=\"https:\/\/erikcarnets.fr\/wp-content\/uploads\/photo-gallery\/thumb\/20240830_194034.jpg?bwg=1727252821\"                   alt=\"Vers le jardin d&#039;hiver et le jardin potager\"                   title=\"Vers le jardin d&#039;hiver et le jardin potager\" \/>            <\/div>            <div class=\"bwg-zoom-effect-overlay\">              <div class=\"bwg-title1\"><div class=\"bwg-title2\">Vers le jardin d'hiver et le jardin potager<\/div><\/div>                                        <\/div>          <\/div>        <\/div>                        <\/a>              <\/div>            <div class=\"bwg-item\">        <a class=\"bwg-a  bwg_lightbox\"  data-image-id=\"15\" href=\"https:\/\/erikcarnets.fr\/wp-content\/uploads\/photo-gallery\/20240830_194115.jpg?bwg=1727194812\" data-elementor-open-lightbox=\"no\">                <div class=\"bwg-item0 \">          <div class=\"bwg-item1 bwg-zoom-effect\">            <div class=\"bwg-item2\">              <img decoding=\"async\" class=\"skip-lazy bwg_standart_thumb_img_0 \"                   data-id=\"15\"                   data-width=\"225.00\"                   data-height=\"500.00\"                   data-src=\"https:\/\/erikcarnets.fr\/wp-content\/uploads\/photo-gallery\/thumb\/20240830_194115.jpg?bwg=1727194812\"                   src=\"https:\/\/erikcarnets.fr\/wp-content\/uploads\/photo-gallery\/thumb\/20240830_194115.jpg?bwg=1727194812\"                   alt=\"Vers le jardin d&#039;hiver\"                   title=\"Vers le jardin d&#039;hiver\" \/>            <\/div>            <div class=\"bwg-zoom-effect-overlay\">              <div class=\"bwg-title1\"><div class=\"bwg-title2\">Vers le jardin d'hiver<\/div><\/div>                                        <\/div>          <\/div>        <\/div>                        <\/a>              <\/div>            <div class=\"bwg-item\">        <a class=\"bwg-a  bwg_lightbox\"  data-image-id=\"16\" href=\"https:\/\/erikcarnets.fr\/wp-content\/uploads\/photo-gallery\/20240830_194314.jpg?bwg=1727194812\" data-elementor-open-lightbox=\"no\">                <div class=\"bwg-item0 \">          <div class=\"bwg-item1 bwg-zoom-effect\">            <div class=\"bwg-item2\">              <img decoding=\"async\" class=\"skip-lazy bwg_standart_thumb_img_0 \"                   data-id=\"16\"                   data-width=\"225.00\"                   data-height=\"500.00\"                   data-src=\"https:\/\/erikcarnets.fr\/wp-content\/uploads\/photo-gallery\/thumb\/20240830_194314.jpg?bwg=1727194812\"                   src=\"https:\/\/erikcarnets.fr\/wp-content\/uploads\/photo-gallery\/thumb\/20240830_194314.jpg?bwg=1727194812\"                   alt=\"Devant le jardin d&#039;hiver\"                   title=\"Devant le jardin d&#039;hiver\" \/>            <\/div>            <div class=\"bwg-zoom-effect-overlay\">              <div class=\"bwg-title1\"><div class=\"bwg-title2\">Devant le jardin d'hiver<\/div><\/div>                                        <\/div>          <\/div>        <\/div>                        <\/a>              <\/div>            <div class=\"bwg-item\">        <a class=\"bwg-a  bwg_lightbox\"  data-image-id=\"17\" href=\"https:\/\/erikcarnets.fr\/wp-content\/uploads\/photo-gallery\/20240830_194359.jpg?bwg=1727194812\" data-elementor-open-lightbox=\"no\">                <div class=\"bwg-item0 \">          <div class=\"bwg-item1 bwg-zoom-effect\">            <div class=\"bwg-item2\">              <img decoding=\"async\" class=\"skip-lazy bwg_standart_thumb_img_0 \"                   data-id=\"17\"                   data-width=\"225.00\"                   data-height=\"500.00\"                   data-src=\"https:\/\/erikcarnets.fr\/wp-content\/uploads\/photo-gallery\/thumb\/20240830_194359.jpg?bwg=1727194812\"                   src=\"https:\/\/erikcarnets.fr\/wp-content\/uploads\/photo-gallery\/thumb\/20240830_194359.jpg?bwg=1727194812\"                   alt=\"D\u00e9tail du jardin potager\"                   title=\"D\u00e9tail du jardin potager\" \/>            <\/div>            <div class=\"bwg-zoom-effect-overlay\">              <div class=\"bwg-title1\"><div class=\"bwg-title2\">D\u00e9tail du jardin potager<\/div><\/div>                                        <\/div>          <\/div>        <\/div>                        <\/a>              <\/div>            <div class=\"bwg-item\">        <a class=\"bwg-a  bwg_lightbox\"  data-image-id=\"18\" href=\"https:\/\/erikcarnets.fr\/wp-content\/uploads\/photo-gallery\/20240830_210606.jpg?bwg=1727194812\" data-elementor-open-lightbox=\"no\">                <div class=\"bwg-item0 \">          <div class=\"bwg-item1 bwg-zoom-effect\">            <div class=\"bwg-item2\">              <img decoding=\"async\" class=\"skip-lazy bwg_standart_thumb_img_0 \"                   data-id=\"18\"                   data-width=\"225.00\"                   data-height=\"500.00\"                   data-src=\"https:\/\/erikcarnets.fr\/wp-content\/uploads\/photo-gallery\/thumb\/20240830_210606.jpg?bwg=1727194812\"                   src=\"https:\/\/erikcarnets.fr\/wp-content\/uploads\/photo-gallery\/thumb\/20240830_210606.jpg?bwg=1727194812\"                   alt=\"Le pigeonnier depuis la Pin\u00e8de\"                   title=\"Le pigeonnier depuis la Pin\u00e8de\" \/>            <\/div>            <div class=\"bwg-zoom-effect-overlay\">              <div class=\"bwg-title1\"><div class=\"bwg-title2\">Le pigeonnier depuis la Pin\u00e8de<\/div><\/div>                                        <\/div>          <\/div>        <\/div>                        <\/a>              <\/div>            <div class=\"bwg-item\">        <a class=\"bwg-a  bwg_lightbox\"  data-image-id=\"19\" href=\"https:\/\/erikcarnets.fr\/wp-content\/uploads\/photo-gallery\/20240830_210948.jpg?bwg=1727194812\" data-elementor-open-lightbox=\"no\">                <div class=\"bwg-item0 \">          <div class=\"bwg-item1 bwg-zoom-effect\">            <div class=\"bwg-item2\">              <img decoding=\"async\" class=\"skip-lazy bwg_standart_thumb_img_0 \"                   data-id=\"19\"                   data-width=\"225.00\"                   data-height=\"500.00\"                   data-src=\"https:\/\/erikcarnets.fr\/wp-content\/uploads\/photo-gallery\/thumb\/20240830_210948.jpg?bwg=1727194812\"                   src=\"https:\/\/erikcarnets.fr\/wp-content\/uploads\/photo-gallery\/thumb\/20240830_210948.jpg?bwg=1727194812\"                   alt=\"Le jardin rouge\"                   title=\"Le jardin rouge\" \/>            <\/div>            <div class=\"bwg-zoom-effect-overlay\">              <div class=\"bwg-title1\"><div class=\"bwg-title2\">Le jardin rouge<\/div><\/div>                                        <\/div>          <\/div>        <\/div>                        <\/a>              <\/div>            <div class=\"bwg-item\">        <a class=\"bwg-a  bwg_lightbox\"  data-image-id=\"20\" href=\"https:\/\/erikcarnets.fr\/wp-content\/uploads\/photo-gallery\/20240830_211141.jpg?bwg=1727194812\" data-elementor-open-lightbox=\"no\">                <div class=\"bwg-item0 \">          <div class=\"bwg-item1 bwg-zoom-effect\">            <div class=\"bwg-item2\">              <img decoding=\"async\" class=\"skip-lazy bwg_standart_thumb_img_0 \"                   data-id=\"20\"                   data-width=\"225.00\"                   data-height=\"500.00\"                   data-src=\"https:\/\/erikcarnets.fr\/wp-content\/uploads\/photo-gallery\/thumb\/20240830_211141.jpg?bwg=1727194812\"                   src=\"https:\/\/erikcarnets.fr\/wp-content\/uploads\/photo-gallery\/thumb\/20240830_211141.jpg?bwg=1727194812\"                   alt=\"Topiaire oiseau pr\u00e8s du pigeonnier\"                   title=\"Topiaire oiseau pr\u00e8s du pigeonnier\" \/>            <\/div>            <div class=\"bwg-zoom-effect-overlay\">              <div class=\"bwg-title1\"><div class=\"bwg-title2\">Topiaire oiseau pr\u00e8s du pigeonnier<\/div><\/div>                                        <\/div>          <\/div>        <\/div>                        <\/a>              <\/div>            <div class=\"bwg-item\">        <a class=\"bwg-a  bwg_lightbox\"  data-image-id=\"21\" href=\"https:\/\/erikcarnets.fr\/wp-content\/uploads\/photo-gallery\/20240830_211722.jpg?bwg=1727194812\" data-elementor-open-lightbox=\"no\">                <div class=\"bwg-item0 \">          <div class=\"bwg-item1 bwg-zoom-effect\">            <div class=\"bwg-item2\">              <img decoding=\"async\" class=\"skip-lazy bwg_standart_thumb_img_0 \"                   data-id=\"21\"                   data-width=\"225.00\"                   data-height=\"500.00\"                   data-src=\"https:\/\/erikcarnets.fr\/wp-content\/uploads\/photo-gallery\/thumb\/20240830_211722.jpg?bwg=1727194812\"                   src=\"https:\/\/erikcarnets.fr\/wp-content\/uploads\/photo-gallery\/thumb\/20240830_211722.jpg?bwg=1727194812\"                   alt=\"Miroir d&#039;eau et sa perspective lors de saluts\"                   title=\"Miroir d&#039;eau et sa perspective lors de saluts\" \/>            <\/div>            <div class=\"bwg-zoom-effect-overlay\">              <div class=\"bwg-title1\"><div class=\"bwg-title2\">Miroir d'eau et sa perspective lors de saluts<\/div><\/div>                                        <\/div>          <\/div>        <\/div>                        <\/a>              <\/div>            <div class=\"bwg-item\">        <a class=\"bwg-a  bwg_lightbox\"  data-image-id=\"22\" href=\"https:\/\/erikcarnets.fr\/wp-content\/uploads\/photo-gallery\/20240830_222405.jpg?bwg=1727194812\" data-elementor-open-lightbox=\"no\">                <div class=\"bwg-item0 \">          <div class=\"bwg-item1 bwg-zoom-effect\">            <div class=\"bwg-item2\">              <img decoding=\"async\" class=\"skip-lazy bwg_standart_thumb_img_0 \"                   data-id=\"22\"                   data-width=\"225.00\"                   data-height=\"500.00\"                   data-src=\"https:\/\/erikcarnets.fr\/wp-content\/uploads\/photo-gallery\/thumb\/20240830_222405.jpg?bwg=1727194812\"                   src=\"https:\/\/erikcarnets.fr\/wp-content\/uploads\/photo-gallery\/thumb\/20240830_222405.jpg?bwg=1727194812\"                   alt=\"Le Clo\u00eetre de nuit\"                   title=\"Le Clo\u00eetre de nuit\" \/>            <\/div>            <div class=\"bwg-zoom-effect-overlay\">              <div class=\"bwg-title1\"><div class=\"bwg-title2\">Le Clo\u00eetre de nuit<\/div><\/div>                                        <\/div>          <\/div>        <\/div>                        <\/a>              <\/div>            <div class=\"bwg-item\">        <a class=\"bwg-a  bwg_lightbox\"  data-image-id=\"23\" href=\"https:\/\/erikcarnets.fr\/wp-content\/uploads\/photo-gallery\/20240830_223009.jpg?bwg=1727194812\" data-elementor-open-lightbox=\"no\">                <div class=\"bwg-item0 \">          <div class=\"bwg-item1 bwg-zoom-effect\">            <div class=\"bwg-item2\">              <img decoding=\"async\" class=\"skip-lazy bwg_standart_thumb_img_0 \"                   data-id=\"23\"                   data-width=\"225.00\"                   data-height=\"500.00\"                   data-src=\"https:\/\/erikcarnets.fr\/wp-content\/uploads\/photo-gallery\/thumb\/20240830_223009.jpg?bwg=1727194812\"                   src=\"https:\/\/erikcarnets.fr\/wp-content\/uploads\/photo-gallery\/thumb\/20240830_223009.jpg?bwg=1727194812\"                   alt=\"Le miroir d&#039;eau\"                   title=\"Le miroir d&#039;eau\" \/>            <\/div>            <div class=\"bwg-zoom-effect-overlay\">              <div class=\"bwg-title1\"><div class=\"bwg-title2\">Le miroir d'eau<\/div><\/div>                                        <\/div>          <\/div>        <\/div>                        <\/a>              <\/div>          <\/div>    <style>      \/*pagination styles*\/      #bwg_container1_0 #bwg_container2_0 .tablenav-pages_0 {\t\t\t\ttext-align: center;\t\t\t\tfont-size: 12px;\t\t\t\tfont-family: Ubuntu;\t\t\t\tfont-weight: bold;\t\t\t\tcolor: #666666;\t\t\t\tmargin: 6px 0 4px;\t\t\t\tdisplay: block;      }      @media only screen and (max-width : 320px) {      #bwg_container1_0 #bwg_container2_0 .displaying-num_0 {     \t display: none;      }      }      #bwg_container1_0 #bwg_container2_0 .displaying-num_0 {\t\t\t\tfont-size: 12px;\t\t\t\tfont-family: Ubuntu;\t\t\t\tfont-weight: bold;\t\t\t\tcolor: #666666;\t\t\t\tmargin-right: 10px;\t\t\t\tvertical-align: middle;      }      #bwg_container1_0 #bwg_container2_0 .paging-input_0 {\t\t\t\tfont-size: 12px;\t\t\t\tfont-family: Ubuntu;\t\t\t\tfont-weight: bold;\t\t\t\tcolor: #666666;\t\t\t\tvertical-align: middle;      }      #bwg_container1_0 #bwg_container2_0 .tablenav-pages_0 a.disabled,      #bwg_container1_0 #bwg_container2_0 .tablenav-pages_0 a.disabled:hover,      #bwg_container1_0 #bwg_container2_0 .tablenav-pages_0 a.disabled:focus,\t\t\t#bwg_container1_0 #bwg_container2_0 .tablenav-pages_0 input.bwg_current_page {\t\t\t\tcursor: default;\t\t\t\tcolor: rgba(102, 102, 102, 0.5);      }      #bwg_container1_0 #bwg_container2_0 .tablenav-pages_0 a,      #bwg_container1_0 #bwg_container2_0 .tablenav-pages_0 input.bwg_current_page {\t\t\t\tcursor: pointer;\t\t\t\ttext-align: center;\t\t\t\tfont-size: 12px;\t\t\t\tfont-family: Ubuntu;\t\t\t\tfont-weight: bold;\t\t\t\tcolor: #666666;\t\t\t\ttext-decoration: none;\t\t\t\tpadding: 3px 6px;\t\t\t\tmargin: 0;\t\t\t\tborder-radius: 0;\t\t\t\tborder-style: solid;\t\t\t\tborder-width: 1px;\t\t\t\tborder-color: #E3E3E3;\t\t\t\t\t\t\t\tbackground-color: rgba(255, 255, 255, 1.00);\t\t\t\tbox-shadow: 0;\t\t\t\ttransition: all 0.3s ease 0s;-webkit-transition: all 0.3s ease 0s;      }      <\/style>      <span class=\"bwg_nav_cont_0\">              <div class=\"tablenav-pages_0\">                  <\/div>                <input type=\"hidden\" id=\"page_number_0\" name=\"page_number_0\" value=\"1\" \/>      <script type=\"text\/javascript\">        if( jQuery('.bwg_nav_cont_0').length > 1 ) {          jQuery('.bwg_nav_cont_0').first().remove()        }        function spider_page_0(cur, x, y, load_more) {          if (typeof load_more == \"undefined\") {            var load_more = false;          }          if (jQuery(cur).hasClass('disabled')) {            return false;          }          var items_county_0 = 1;          switch (y) {            case 1:              if (x >= items_county_0) {                document.getElementById('page_number_0').value = items_county_0;              }              else {                document.getElementById('page_number_0').value = x + 1;              }              break;            case 2:              document.getElementById('page_number_0').value = items_county_0;              break;            case -1:              if (x == 1) {                document.getElementById('page_number_0').value = 1;              }              else {                document.getElementById('page_number_0').value = x - 1;              }              break;            case -2:              document.getElementById('page_number_0').value = 1;              break;\t\t\t\t\t\tcase 0:              document.getElementById('page_number_0').value = x;              break;            default:              document.getElementById('page_number_0').value = 1;          }          bwg_ajax('gal_front_form_0', '0', 'bwg_thumbnails_0', '0', '', 'gallery', 0, '', '', load_more, '', 1);        }                    jQuery('.first-page-0').on('click', function () {              spider_page_0(this, 1, -2, 'numeric');              return false;            });            jQuery('.prev-page-0').on('click', function () {              spider_page_0(this, 1, -1, 'numeric');              return false;            });            jQuery('.next-page-0').on('click', function () {              spider_page_0(this, 1, 1, 'numeric');              return false;            });            jQuery('.last-page-0').on('click', function () {              spider_page_0(this, 1, 2, 'numeric');              return false;            });        \t\t\t\t\/* Change page on input enter. *\/        function bwg_change_page_0( e, that ) {          if (  e.key == 'Enter' ) {            var to_page = parseInt(jQuery(that).val());            var pages_count = jQuery(that).parents(\".pagination-links\").data(\"pages-count\");            var current_url_param = jQuery(that).attr('data-url-info');            if (to_page > pages_count) {              to_page = 1;            }\t \t\t\t\t\t\t\t\t\t\t\t\tspider_page_0(this, to_page, 0, 'numeric');\t\t\t\t\t\t\treturn false;\t\t\t\t\t\t          }          return true;        }        jQuery('.bwg_load_btn_0').on('click', function () {            spider_page_0(this, 1, 1, true);            return false;        });      <\/script>      <\/span>                <\/div>        <\/form>        <style>          #bwg_container1_0 #bwg_container2_0 #spider_popup_overlay_0 {          background-color: #EEEEEE;          opacity: 0.60;          }          <\/style>        <div id=\"bwg_spider_popup_loading_0\" class=\"bwg_spider_popup_loading\"><\/div>        <div id=\"spider_popup_overlay_0\" class=\"spider_popup_overlay\" onclick=\"spider_destroypopup(1000)\"><\/div>        <input type=\"hidden\" id=\"bwg_random_seed_0\" value=\"944402229\">                <\/div>    <\/div>    <script>      if (document.readyState === 'complete') {        if( typeof bwg_main_ready == 'function' ) {          if ( jQuery(\"#bwg_container1_0\").height() ) {            bwg_main_ready(jQuery(\"#bwg_container1_0\"));          }        }      } else {        document.addEventListener('DOMContentLoaded', function() {          if( typeof bwg_main_ready == 'function' ) {            if ( jQuery(\"#bwg_container1_0\").height() ) {             bwg_main_ready(jQuery(\"#bwg_container1_0\"));            }          }        });      }    <\/script>    \n","protected":false},"excerpt":{"rendered":"<p>Retour chez William Christie cette ann\u00e9e\u2026 mais ce n\u2019\u00e9tait pas gagn\u00e9! Deux jours avant, la m\u00e9t\u00e9o \u00e9tait assez pessimiste pour ce vendredi : de la pluie annonc\u00e9e une grande partie [&hellip;]<\/p>\n","protected":false},"author":1,"featured_media":0,"comment_status":"open","ping_status":"closed","sticky":false,"template":"","format":"standard","meta":{"jetpack_post_was_ever_published":false,"_jetpack_newsletter_access":"","_jetpack_dont_email_post_to_subs":false,"_jetpack_newsletter_tier_id":0,"_jetpack_memberships_contains_paywalled_content":false,"_jetpack_memberships_contains_paid_content":false,"footnotes":"","jetpack_publicize_message":"","jetpack_publicize_feature_enabled":true,"jetpack_social_post_already_shared":true,"jetpack_social_options":{"image_generator_settings":{"template":"highway","default_image_id":0,"font":"","enabled":false},"version":2}},"categories":[28,3,1],"tags":[129,89,173,55,56,54,174,72,172,39,23,100],"class_list":["post-3475","post","type-post","status-publish","format-standard","hentry","category-concert","category-musique_classique","category-non-classe","tag-blow","tag-charpentier-marc-antoine","tag-clerambault","tag-epoque_baroque","tag-epoque_classique","tag-gluck","tag-leclair","tag-lully","tag-luzzaschi","tag-monteverdi","tag-opera","tag-purcell","clearfix"],"jetpack_publicize_connections":[],"jetpack_featured_media_url":"","jetpack_shortlink":"https:\/\/wp.me\/p4G2uP-U3","jetpack_sharing_enabled":true,"_links":{"self":[{"href":"https:\/\/erikcarnets.fr\/index.php?rest_route=\/wp\/v2\/posts\/3475","targetHints":{"allow":["GET"]}}],"collection":[{"href":"https:\/\/erikcarnets.fr\/index.php?rest_route=\/wp\/v2\/posts"}],"about":[{"href":"https:\/\/erikcarnets.fr\/index.php?rest_route=\/wp\/v2\/types\/post"}],"author":[{"embeddable":true,"href":"https:\/\/erikcarnets.fr\/index.php?rest_route=\/wp\/v2\/users\/1"}],"replies":[{"embeddable":true,"href":"https:\/\/erikcarnets.fr\/index.php?rest_route=%2Fwp%2Fv2%2Fcomments&post=3475"}],"version-history":[{"count":4,"href":"https:\/\/erikcarnets.fr\/index.php?rest_route=\/wp\/v2\/posts\/3475\/revisions"}],"predecessor-version":[{"id":3497,"href":"https:\/\/erikcarnets.fr\/index.php?rest_route=\/wp\/v2\/posts\/3475\/revisions\/3497"}],"wp:attachment":[{"href":"https:\/\/erikcarnets.fr\/index.php?rest_route=%2Fwp%2Fv2%2Fmedia&parent=3475"}],"wp:term":[{"taxonomy":"category","embeddable":true,"href":"https:\/\/erikcarnets.fr\/index.php?rest_route=%2Fwp%2Fv2%2Fcategories&post=3475"},{"taxonomy":"post_tag","embeddable":true,"href":"https:\/\/erikcarnets.fr\/index.php?rest_route=%2Fwp%2Fv2%2Ftags&post=3475"}],"curies":[{"name":"wp","href":"https:\/\/api.w.org\/{rel}","templated":true}]}}