{"id":3309,"date":"2023-05-16T14:12:09","date_gmt":"2023-05-16T12:12:09","guid":{"rendered":"http:\/\/erikcarnets.fr\/?p=3309"},"modified":"2023-05-16T15:50:07","modified_gmt":"2023-05-16T13:50:07","slug":"toujours-au-service-doffenbach-oya-kephale-nous-propose-les-brigands-a-asnieres","status":"publish","type":"post","link":"https:\/\/erikcarnets.fr\/?p=3309","title":{"rendered":"Toujours au service d&rsquo;Offenbach, Oya Kephale nous propose Les Brigands \u00e0 Asni\u00e8res!"},"content":{"rendered":"<p style=\"text-align: justify;\"><a href=\"http:\/\/erikcarnets.fr\/?p=3309\" target=\"_blank\" rel=\"noopener\"><img loading=\"lazy\" decoding=\"async\" class=\"alignleft wp-image-3318\" src=\"http:\/\/erikcarnets.fr\/wp-content\/uploads\/brigands_LB_Affiche_HD-212x300.jpg\" alt=\"\" width=\"300\" height=\"424\" srcset=\"https:\/\/erikcarnets.fr\/wp-content\/uploads\/brigands_LB_Affiche_HD-212x300.jpg 212w, https:\/\/erikcarnets.fr\/wp-content\/uploads\/brigands_LB_Affiche_HD-724x1024.jpg 724w, https:\/\/erikcarnets.fr\/wp-content\/uploads\/brigands_LB_Affiche_HD-768x1086.jpg 768w, https:\/\/erikcarnets.fr\/wp-content\/uploads\/brigands_LB_Affiche_HD-1086x1536.jpg 1086w, https:\/\/erikcarnets.fr\/wp-content\/uploads\/brigands_LB_Affiche_HD-1448x2048.jpg 1448w, https:\/\/erikcarnets.fr\/wp-content\/uploads\/brigands_LB_Affiche_HD.jpg 1754w\" sizes=\"auto, (max-width: 300px) 100vw, 300px\" \/><\/a>Avec le mois de mai, c\u2019est le traditionnel rendez-vous Offenbach par Oya Kephale qui revient : voici <em>Les Brigands<\/em>! Pour rappel, tous les ans Oya Kephale (un ch\u0153ur et un orchestre d\u2019amateurs) donne deux ou trois concerts en d\u00e9cembre (cette ann\u00e9e <a href=\"http:\/\/erikcarnets.fr\/?p=3232\" target=\"_blank\" rel=\"noopener\">Gounod et Franck<\/a> \u00e9taient \u00e0 l\u2019honneur) puis une \u0153uvre d\u2019Offenbach en mai pour six repr\u00e9sentations sc\u00e9niques! Beaucoup de travail chez tous les membres de la troupe car en plus d\u2019assumer leur travail musical, il faut aussi mettre la main \u00e0 la p\u00e2te pour les d\u00e9cors et les costumes de l\u2019op\u00e9ra sous la direction d\u2019un metteur en sc\u00e8ne. Les solistes sont eux aussi des amateurs, parfois issus du ch\u0153ur ou ext\u00e9rieurs. Le rythme de travail est soutenu au moment de la pr\u00e9paration des concerts avec une r\u00e9p\u00e9tition tous les mercredis soirs et un week-end complet par mois. Mais les retours du public et le plaisir de participer \u00e0 ces projets doivent \u00eatre suffisants pour que tout ce petit monde r\u00e9ussisse \u00e0 adapter sa vie personnelle et professionnelle avec ces contraintes! Et heureusement pour nous qui pouvons assister \u00e0 de superbes moments de musique et d\u2019op\u00e9ra comme l\u2019ann\u00e9e derni\u00e8re pour le rare <em>Barbe-Bleue<\/em> donn\u00e9 au m\u00eame endroit \u00e0 <a href=\"http:\/\/erikcarnets.fr\/?p=3103\" target=\"_blank\" rel=\"noopener\">Asni\u00e8res-sur-Seine<\/a>. Comme tous les ans aussi, les b\u00e9n\u00e9fices sont revers\u00e9s \u00e0 une association et comme lors du concert de d\u00e9cembre dernier, c\u2019est au <a href=\"https:\/\/coursantoinedesaintexupery.esperancebanlieues.org\/\" target=\"_blank\" rel=\"noopener\">Cours Antoine de Saint-Exup\u00e9ry<\/a> que seront revers\u00e9s les b\u00e9n\u00e9fices de ces six repr\u00e9sentations. En ce soir de premi\u00e8re, la salle est presque pleine et cela fait plaisir!<!--more--><\/p>\n<p style=\"text-align: justify;\">Le Cours Antoine de Saint-Exup\u00e9ry m\u00e9rite une petite pr\u00e9sentation. Cette association a \u00e9t\u00e9 cr\u00e9\u00e9e pour venir en aide \u00e0 des \u00e9l\u00e8ves en difficult\u00e9 en offrant une p\u00e9dagogie (primaire et coll\u00e8ge) diff\u00e9rente permettant entre autres aux \u00e9l\u00e8ves en d\u00e9crochage des Hauts d\u2019Asni\u00e8res d\u2019avoir une scolarisation adapt\u00e9e en cas de d\u00e9crochage. Oya Kephale, en plus de financer par les recettes de ses concerts, a aussi r\u00e9alis\u00e9 cette ann\u00e9e des animations musicales mais a aussi int\u00e9gr\u00e9 les \u00e9l\u00e8ves dans la pr\u00e9paration de la mise en sc\u00e8ne avant de les inviter pour la r\u00e9p\u00e9tition g\u00e9n\u00e9rale!<\/p>\n<div id=\"attachment_3322\" style=\"width: 260px\" class=\"wp-caption alignright\"><a href=\"http:\/\/erikcarnets.fr\/wp-content\/uploads\/brigands_affiche_creation.jpg\" target=\"_blank\" rel=\"noopener\"><img loading=\"lazy\" decoding=\"async\" aria-describedby=\"caption-attachment-3322\" class=\"wp-image-3322\" src=\"http:\/\/erikcarnets.fr\/wp-content\/uploads\/brigands_affiche_creation-240x300.jpg\" alt=\"\" width=\"250\" height=\"313\" srcset=\"https:\/\/erikcarnets.fr\/wp-content\/uploads\/brigands_affiche_creation-240x300.jpg 240w, https:\/\/erikcarnets.fr\/wp-content\/uploads\/brigands_affiche_creation.jpg 680w\" sizes=\"auto, (max-width: 250px) 100vw, 250px\" \/><\/a><p id=\"caption-attachment-3322\" class=\"wp-caption-text\">Affiche de la cr\u00e9ation<\/p><\/div>\n<p style=\"text-align: justify;\">Comme dit en introduction, cette ann\u00e9e ce sont <em>Les Brigands<\/em> qui sont donn\u00e9s par la troupe Oya Kephale. La partition fait partie des ouvrages de Jacques Offenbach qui sont rest\u00e9s connus au moins par leurs titres, m\u00eame si elle est beaucoup moins jou\u00e9e que <em>La Belle H\u00e9l\u00e8ne<\/em>, <em>La P\u00e9richole<\/em> ou <em>La Grande-Duchesse de Gerolstein<\/em>. En 1989, Sir John Eliot Gardiner donnait cet op\u00e9ra-bouffe sur la sc\u00e8ne de l\u2019Op\u00e9ra de Lyon et il en est sorti un disque. La partition a pourtant connu un grand succ\u00e8s lors de sa cr\u00e9ation le 10 d\u00e9cembre 1869 au Th\u00e9\u00e2tre des Vari\u00e9t\u00e9s. P\u00e9riode b\u00e9nie pour le compositeur puisque trois jours auparavant il cr\u00e9ait la deuxi\u00e8me version de <em>La Princesse de Tr\u00e9bizonde<\/em> au Th\u00e9\u00e2tre des Bouffes-Parisiennes. La compositions des <em>Brigands<\/em> ne fut pourtant pas de tout repos puisque l\u2019entente entre le musicien et les librettistes Henri Meilhac et Ludovic Hal\u00e9vy n\u2019\u00e9tait pas tr\u00e8s bonne \u00e0 cette \u00e9poque. On peut retrouver de nombreuses lettres o\u00f9 percent des reproches sur la qualit\u00e9 de la musique ou m\u00eame sur la rapidit\u00e9 de l\u2019\u00e9criture du livret. Et auparavant, la composition fut stopp\u00e9e pendant une ann\u00e9e afin de laisser la place \u00e0 la cr\u00e9ation de <em>La P\u00e9richole<\/em> en octobre 1868 \u00e0 la faveur du retour de la grande Hortense Schneider au Th\u00e9\u00e2tre des Vari\u00e9t\u00e9s (elle a cr\u00e9\u00e9 auparavant le r\u00f4le titre de <em>La Belle H\u00e9l\u00e8ne<\/em>, celui de Boulotte dans <em>Barbe-Bleue<\/em>, le r\u00f4le titre de <em>La Grande-Duchesse de G\u00e9rolstein<\/em>). Mais il n\u2019y a pas de r\u00f4le pour elle dans ces <em>Brigands<\/em> et c\u2019est peut-\u00eatre ce qui fera que la partition ne sera pas autant reprise que d\u2019autres titres : s\u2019il y a deux grands r\u00f4les f\u00e9minins, ils ne sont pas aussi marquants que ceux cr\u00e9\u00e9s par la muse d\u2019Offenbach dans d\u2019autres ouvrages. Malgr\u00e9 tout, la partition se maintient \u00e0 l\u2019affiche pour 107 repr\u00e9sentations jusqu\u2019au 25 mars 1870 \u00e0 Paris alors qu\u2019elle part conqu\u00e9rir le monde rapidement. En 1878, le compositeur retravaille sa partition pour la rendre conforme \u00e0 ses nouvelles f\u00e9\u00e9ries. Il ajoute un dernier tableau montrant l\u2019arriv\u00e9e de la v\u00e9ritable ambassade de Grenade. Il augmente aussi l\u2019orchestre, compose trois ballets et ajoute un air \u00e0 Fiorella issu de <em>Ma\u00eetre P\u00e9ronilla<\/em>.<\/p>\n<div id=\"attachment_3310\" style=\"width: 510px\" class=\"wp-caption aligncenter\"><a href=\"http:\/\/erikcarnets.fr\/wp-content\/uploads\/brigands_01.jpg\" target=\"_blank\" rel=\"noopener\"><img loading=\"lazy\" decoding=\"async\" aria-describedby=\"caption-attachment-3310\" class=\"wp-image-3310\" src=\"http:\/\/erikcarnets.fr\/wp-content\/uploads\/brigands_01-300x192.jpg\" alt=\"Acte I : Thierry Mallet (Falsacappa), Marie-C\u00e9cile de Lajudie (Fiametta), Myriam Baconin (Zerlina), Clarisse Tesson (Cicinella), Quitterie Miriel (Cicinella)\" width=\"500\" height=\"320\" srcset=\"https:\/\/erikcarnets.fr\/wp-content\/uploads\/brigands_01-300x192.jpg 300w, https:\/\/erikcarnets.fr\/wp-content\/uploads\/brigands_01-768x492.jpg 768w, https:\/\/erikcarnets.fr\/wp-content\/uploads\/brigands_01.jpg 862w\" sizes=\"auto, (max-width: 500px) 100vw, 500px\" \/><\/a><p id=\"caption-attachment-3310\" class=\"wp-caption-text\">Acte I : Thierry Mallet (Falsacappa), Marie-C\u00e9cile de Lajudie (Fiametta), Myriam Baconin (Zerlina), Clarisse Tesson (Cicinella), Quitterie Miriel (Cicinella) &#8211; \u00a9 photo pehavey<\/p><\/div>\n<p style=\"text-align: justify;\">L\u2019histoire nous montre des brigands, men\u00e9s par leur chef Falsacappa, qui souhaitent prendre la place d\u2019une ambassade de Grenade qui se rend \u00e0 la cour du Duc de Mantoue pour que la princesse de Grenade \u00e9pouse le Prince. Lors de cet \u00e9v\u00e8nement, Mantoue doit rembourser trois millions et Falsacappa compte bien empocher le pactole en pr\u00e9sentant sa fille comme princesse en lieu et place de la vraie. Nous verrons donc la pr\u00e9paration du plan au premier acte, puis l\u2019acte II explique la fa\u00e7on dont les brigands prennent la place des employ\u00e9s d\u2019une auberge \u00e0 la fronti\u00e8re entre l\u2019Espagne et l\u2019Italie (!!) pour accueillir l\u2019ambassade de Mantoue dont ils prennent ensuite la place pour accueillir l\u2019ambassade de Grenade pour prendre enfin leur place avant d\u2019aller chez le Duc. Le troisi\u00e8me acte se trouve passe chez le Duc o\u00f9 l\u2019on apprend qu\u2019il n\u2019a plus un sous pour rembourser Grenade. Falsacappa n\u2019a donc plus rien \u00e0 gagner et lorsque l\u2019arriv\u00e9e de la vraie ambassade de Grenade se fait entendre, les brigands sont d\u00e9masqu\u00e9s mais graci\u00e9s par le Duc. Et tout est bien qui finit bien puisque les brigands d\u00e9cident de se ranger!<\/p>\n<div id=\"attachment_3311\" style=\"width: 510px\" class=\"wp-caption aligncenter\"><a href=\"http:\/\/erikcarnets.fr\/wp-content\/uploads\/brigands_02.jpg\" target=\"_blank\" rel=\"noopener\"><img loading=\"lazy\" decoding=\"async\" aria-describedby=\"caption-attachment-3311\" class=\"wp-image-3311\" src=\"http:\/\/erikcarnets.fr\/wp-content\/uploads\/brigands_02-300x180.jpg\" alt=\"Acte I : Audrey Maignan (Fiorella), Marcel Courau (Barbavano), Jean-Baptiste Leguen (Carmagnola), Daniel Ladaurade (Pietro), Adrien Gorez (Domino), Thierry Mallet (Falsacappa)\" width=\"500\" height=\"300\" srcset=\"https:\/\/erikcarnets.fr\/wp-content\/uploads\/brigands_02-300x180.jpg 300w, https:\/\/erikcarnets.fr\/wp-content\/uploads\/brigands_02-768x461.jpg 768w, https:\/\/erikcarnets.fr\/wp-content\/uploads\/brigands_02.jpg 1000w\" sizes=\"auto, (max-width: 500px) 100vw, 500px\" \/><\/a><p id=\"caption-attachment-3311\" class=\"wp-caption-text\">Acte I : Audrey Maignan (Fiorella), Marcel Courau (Barbavano), Jean-Baptiste Leguen (Carmagnola), Daniel Ladaurade (Pietro), Adrien Gorez (Domino), Thierry Mallet (Falsacappa) &#8211; \u00a9 photo pehavey<\/p><\/div>\n<p style=\"text-align: justify;\">La partition est peut-\u00eatre un petit cran en dessous de <em>Barbe-Bleue<\/em> d\u2019un point de vue purement musical, lorgnant beaucoup plus du c\u00f4t\u00e9 de l\u2019op\u00e9rette que de l\u2019op\u00e9ra-bouffe. En dehors des trois r\u00f4les principaux, les autres personnages ne requi\u00e8rent finalement pas forc\u00e9ment des grandes voix d\u2019op\u00e9ra et la musique, aussi inventive qu\u2019elle soit, n\u2019a pas les m\u00eames richesses que celle d\u2019autres \u0153uvres m\u00eame l\u00e9g\u00e8res d\u2019Offenbach. On notera bien s\u00fbr les inspirations tr\u00e8s dr\u00f4les et riches qui parcourent tout l\u2019ouvrage. Les finales des actes sont intelligemment construits et nous emportent avec facilit\u00e9 vers le burlesque d\u2019Offenbach. Sinon le grand canon de supplication du d\u00e9but du deuxi\u00e8me acte est vraiment un moment \u00e0 part car justement lui particuli\u00e8rement \u00e9crit et compos\u00e9, demandant sans doute un gros travail de mise en place.Mais ne boudons pas notre plaisir car la pi\u00e8ce fonctionne parfaitement bien, l\u2019\u00e9quilibre entre les moments parl\u00e9s ou chant\u00e9s est tr\u00e8s bon et l\u2019on est rapidement emport\u00e9 par ces personnages finalement plus touchants que vraiment brigands. On notera aussi que l\u2019esprit \u00e9grillard des librettistes est toujours pr\u00e9sent ici avec quelques allusions \u201col\u00e9 ol\u00e9\u201d (pas forc\u00e9ment espagnoles!) plus discr\u00e8tes que parfois mais toujours bien l\u00e0! Mont\u00e9e avec \u00e9nergie et bonne humeur, la pi\u00e8ce s\u2019\u00e9coute et se regarde avec beaucoup de plaisir. La partition est \u00e9crite avec beaucoup de fantaisie et plusieurs passages restent pr\u00e9sents dans les oreilles des spectateurs pendants de nombreux jours apr\u00e8s la repr\u00e9sentation!<\/p>\n<div id=\"attachment_3314\" style=\"width: 510px\" class=\"wp-caption aligncenter\"><a href=\"http:\/\/erikcarnets.fr\/wp-content\/uploads\/brigands_05.jpg\" target=\"_blank\" rel=\"noopener\"><img loading=\"lazy\" decoding=\"async\" aria-describedby=\"caption-attachment-3314\" class=\"wp-image-3314\" src=\"http:\/\/erikcarnets.fr\/wp-content\/uploads\/brigands_05-300x180.jpg\" alt=\"Acte I : Audrey Maignan (Fiorella), Marguerite Brault (Fragoletto)\" width=\"500\" height=\"300\" srcset=\"https:\/\/erikcarnets.fr\/wp-content\/uploads\/brigands_05-300x180.jpg 300w, https:\/\/erikcarnets.fr\/wp-content\/uploads\/brigands_05-768x461.jpg 768w, https:\/\/erikcarnets.fr\/wp-content\/uploads\/brigands_05.jpg 1000w\" sizes=\"auto, (max-width: 500px) 100vw, 500px\" \/><\/a><p id=\"caption-attachment-3314\" class=\"wp-caption-text\">Acte I : Audrey Maignan (Fiorella), Marguerite Brault (Fragoletto) &#8211; \u00a9 photo pehavey<\/p><\/div>\n<p style=\"text-align: justify;\">Depuis deux ans, les productions d\u2019Oya Kephale montrent des mises en sc\u00e8nes plus complexes et ambitieuses. Cette ann\u00e9e, c\u2019est <strong>Emmanuel M\u00e9nard<\/strong> qui propose une l\u00e9g\u00e8re actualisation de l\u2019histoire. Les brigands sont repr\u00e9sent\u00e9s comme des personnages des ann\u00e9es vingt alors que les autres sont contemporains. On ne peut \u00e9chapper \u00e0 de petites r\u00e9-\u00e9critures des dialogues mais sans que ce soit g\u00eanant. On peut entendre quelques r\u00e9f\u00e9rences comme ce \u201cOn en a gros\u201d des trois gilets-jaunes Domino, Carmagnola et Barbavano (les bras droits de Falsacappa). Les carabiniers sont ici les gendarmes de Saint-Tropez et les deux ambassades nous sont contemporaines avec en particulier une Princesse de Grenade influenceuse accompagn\u00e9e de Karl Lagarfeld en Pr\u00e9cepteur et le Prince de Mantoue lui est un amateur de sport ne quittant jamais soit son surv\u00eatement soit le maillot de son \u00e9quipe de foot pr\u00e9f\u00e9r\u00e9e. Et puis quelques petits ajouts comme l\u2019arriv\u00e9e par deux fois du \u201cChabada-bada\u201d d\u2019<em>Un Homme et une Femme<\/em>, ou encore une irr\u00e9sistible <em>Tactique du carabinier<\/em> en tant que deuxi\u00e8me entracte! Une belle direction d\u2019acteurs sinon qui demande beaucoup aux chanteurs sur cette production avec aussi des chor\u00e9graphies de <strong>Mathilde Colas<\/strong>. Les costumes de <strong>Marie Leclerc<\/strong> sont particuli\u00e8rement soign\u00e9s avec beaucoup d\u2019inspirations pour nos brigands mais aussi pour permettre les changements rapides de costumes lors des travestissements du deuxi\u00e8me acte. Loin de la simple illustration de l\u2019histoire, cette mise en sc\u00e8ne propose des personnages tr\u00e8s soign\u00e9s et pas si simples que l\u2019on pourrait le penser. Certaines sc\u00e8nes resteront longtemps dans la t\u00eate comme bien s\u00fbr l\u2019arriv\u00e9e de l\u2019ambassade espagnole magnifique et tr\u00e8s dr\u00f4le ou encore le fameux ch\u0153ur des bottes du premier acte! Un grand bravo non seulement pour l\u2019inspiration, mais aussi pour les prestations sc\u00e9niques des diff\u00e9rents acteurs!<\/p>\n<div id=\"attachment_3312\" style=\"width: 510px\" class=\"wp-caption aligncenter\"><a href=\"http:\/\/erikcarnets.fr\/wp-content\/uploads\/brigands_03.jpg\" target=\"_blank\" rel=\"noopener\"><img loading=\"lazy\" decoding=\"async\" aria-describedby=\"caption-attachment-3312\" class=\"wp-image-3312\" src=\"http:\/\/erikcarnets.fr\/wp-content\/uploads\/brigands_03-300x199.jpg\" alt=\"Acte I : Daniel Ladaurade (Pietro), Thierry Mallet (Falsacappa), le ch\u0153ur (les Brigands)\" width=\"500\" height=\"332\" srcset=\"https:\/\/erikcarnets.fr\/wp-content\/uploads\/brigands_03-300x199.jpg 300w, https:\/\/erikcarnets.fr\/wp-content\/uploads\/brigands_03-768x510.jpg 768w, https:\/\/erikcarnets.fr\/wp-content\/uploads\/brigands_03.jpg 827w\" sizes=\"auto, (max-width: 500px) 100vw, 500px\" \/><\/a><p id=\"caption-attachment-3312\" class=\"wp-caption-text\">Acte I : Daniel Ladaurade (Pietro), Thierry Mallet (Falsacappa), le ch\u0153ur (les Brigands) &#8211; \u00a9 photo pehavey<\/p><\/div>\n<p style=\"text-align: justify;\">Musicalement, il faut saluer le choix d\u2019avoir coup\u00e9 si peu de choses\u2026 les morceaux de sorties (de ch\u0153ur principalement) ont \u00e9t\u00e9 coup\u00e9s mais ils n\u2019apportent pas grand chose\u2026 et sinon il n\u2019y a a priori que le Trio des Marmitons de l\u2019acte II qui semble avoir disparu. Il aurait \u00e9t\u00e9 simple de supprimer quelques num\u00e9ros pour faciliter le travail, mais non! Donc l\u00e0 encore un grand bravo. Sur la r\u00e9alisation musicale, <strong>Pierre Boudeville<\/strong> conna\u00eet tr\u00e8s bien son Offenbach et il dirige la partition avec nuances et intelligence. Il est tr\u00e8s simple de faire beaucoup de bruit et d\u2019effet dans ce genre de partition mais ici l\u2019histoire est finement accompagn\u00e9e avec des passages clairs et l\u00e9ger avant d&#8217;embrigader tout le public dans des refrains o\u00f9 l\u2019on sent combien chacun aurait envie de se mettre \u00e0 chanter ou participer (les claquements de mains dans le bis sont assez significatifs!). Il peut pour tout cela s\u2019appuyer sur les forces de l\u2019association d\u2019Oya Kephale!<\/p>\n<div id=\"attachment_3315\" style=\"width: 510px\" class=\"wp-caption aligncenter\"><a href=\"http:\/\/erikcarnets.fr\/wp-content\/uploads\/brigands_06.jpg\" target=\"_blank\" rel=\"noopener\"><img loading=\"lazy\" decoding=\"async\" aria-describedby=\"caption-attachment-3315\" class=\"wp-image-3315\" src=\"http:\/\/erikcarnets.fr\/wp-content\/uploads\/brigands_06-300x148.jpg\" alt=\"Acte I : Marguerite Brault (Fragoletto), Thierry Mallet (Falsacappa)\" width=\"500\" height=\"246\" srcset=\"https:\/\/erikcarnets.fr\/wp-content\/uploads\/brigands_06-300x148.jpg 300w, https:\/\/erikcarnets.fr\/wp-content\/uploads\/brigands_06-768x378.jpg 768w, https:\/\/erikcarnets.fr\/wp-content\/uploads\/brigands_06.jpg 913w\" sizes=\"auto, (max-width: 500px) 100vw, 500px\" \/><\/a><p id=\"caption-attachment-3315\" class=\"wp-caption-text\">Acte I : Marguerite Brault (Fragoletto), Thierry Mallet (Falsacappa) &#8211; \u00a9 photo pehavey<\/p><\/div>\n<p style=\"text-align: justify;\">L\u2019<strong>Orchestre Oya Kephale<\/strong> avait d\u00e9j\u00e0 montr\u00e9 tout son potentiel lors des diff\u00e9rents concerts, mais il semble avoir encore progress\u00e9 par rapport \u00e0 <em>Barbe-Bleue<\/em> l\u2019ann\u00e9e derni\u00e8re. En dehors de quelques petits moments de flottements (dans le pr\u00e9lude ainsi que lors de l\u2019entracte qui ouvre l\u2019acte II), le r\u00e9sultat est assez impressionnant que ce soit sur la sonorit\u00e9 d\u2019ensemble ou dans les pupitres s\u00e9par\u00e9s. Le son semble plus rond, plus profond que l\u2019ann\u00e9e derni\u00e8re pour un accompagnement qui est encore plus prenant. Un grand bravo pour ces artistes dont on ne voit que quelques instruments lors des applaudissements avant qu\u2019ils ne viennent saluer sur la sc\u00e8ne pour recevoir une ovation bien m\u00e9rit\u00e9e! Le <strong>Ch\u0153ur Oya Kephale<\/strong> a un gros r\u00f4le \u00e0 jouer dans ces <em>Brigands<\/em> : apr\u00e8s tout ce sont eux les brigands, mais aussi les marmitons, les gens de la suite, les gens de la cour de Mantoue\u2026 on peut voir certains choristes changer de nombreuses fois de costumes alors qu\u2019ils doivent en plus ma\u00eetriser les chor\u00e9graphies et bien s\u00fbr chanter! Cela va de soi, mais faire tout cela ensemble lorsque ce n\u2019est pas sa profession est \u00e0 saluer. Comme toujours, la qualit\u00e9 de son est superbe, la mise en place pr\u00e9cise permet de comprendre les paroles. Et puis il faut aussi saluer tous ces membres du ch\u0153ur qui sont aussi ici solistes en campant des personnages parfois tr\u00e8s importants. Voil\u00e0 d\u00e9j\u00e0 une des grandes forces ou plut\u00f4t deux grandes forces de ces spectacles propos\u00e9s par Oya Kephale : ch\u0153ur et orchestre sont vraiment totalement impliqu\u00e9s musicalement et dramatiquement, proposant un rendu musical tr\u00e8s beau et propre, chose assez impressionnante car il faut encore une fois rappeler que tous ont un m\u00e9tier \u00e0 c\u00f4t\u00e9 et ne sont en aucun cas professionnels!<\/p>\n<div id=\"attachment_3316\" style=\"width: 510px\" class=\"wp-caption aligncenter\"><a href=\"http:\/\/erikcarnets.fr\/wp-content\/uploads\/brigands_07.jpg\" target=\"_blank\" rel=\"noopener\"><img loading=\"lazy\" decoding=\"async\" aria-describedby=\"caption-attachment-3316\" class=\"wp-image-3316\" src=\"http:\/\/erikcarnets.fr\/wp-content\/uploads\/brigands_07-300x196.jpg\" alt=\"Acte II : Marguerite Brault (Fragoletto), Andrey Maignan (Fiorella), Thierry Mallet (Falsacappa), Daniel Ladaurade (Pietro)\" width=\"500\" height=\"326\" srcset=\"https:\/\/erikcarnets.fr\/wp-content\/uploads\/brigands_07-300x196.jpg 300w, https:\/\/erikcarnets.fr\/wp-content\/uploads\/brigands_07-768x501.jpg 768w, https:\/\/erikcarnets.fr\/wp-content\/uploads\/brigands_07.jpg 920w\" sizes=\"auto, (max-width: 500px) 100vw, 500px\" \/><\/a><p id=\"caption-attachment-3316\" class=\"wp-caption-text\">Acte II : Marguerite Brault (Fragoletto), Andrey Maignan (Fiorella), Thierry Mallet (Falsacappa), Daniel Ladaurade (Pietro) (\u00a9 photo pehavey) &#8211; \u00a9 photo pehavey<\/p><\/div>\n<p style=\"text-align: justify;\">Difficile de tous les citer ici, mais parmi les petits r\u00f4les se d\u00e9tachent sc\u00e9niquement le Pr\u00e9cepteur de <strong>Fran\u00e7ois de Maleissye-Melun<\/strong> ou encore la Princesse de Grenade de <strong>Mathilde Colas<\/strong>. Il faut aussi saluer le trio des bras droits de Falsacappa : Domino, Carmagnola et Barbavano, respectivement chant\u00e9s par <strong>Adrien Gorez<\/strong>, <strong>Jean Baptiste Leguen<\/strong> et <strong>Marcel Courau<\/strong>. Ce dernier avait d\u00e9j\u00e0 impressionn\u00e9 l\u2019ann\u00e9e derni\u00e8re par sa pr\u00e9sence sc\u00e9nique dans le r\u00f4le important de Popolani l\u2019ann\u00e9e derni\u00e8re, mais ici avec ses deux acolytes, ils tiennent la sc\u00e8ne parfaitement, composant des personnages diff\u00e9rents et truculents. Vocalement, le trio fonctionne bien et nous offre de beaux moments! Autre ensemble que les carabiniers men\u00e9s par <strong>Paul Le Calv\u00e9<\/strong>. S\u2019ils chantent peu (ils scandent plut\u00f4t lors de leurs arriv\u00e9es comme indiqu\u00e9 sur la partition), leur chef a le droit de chanter avec son ennemi Falsacappa la fameuse <em>Tacatacatacatique du carabinier<\/em> qui nous montre des qualit\u00e9s d\u00e9j\u00e0 relev\u00e9es dans le concert de d\u00e9cembre dernier.<\/p>\n<div id=\"attachment_3313\" style=\"width: 510px\" class=\"wp-caption aligncenter\"><a href=\"http:\/\/erikcarnets.fr\/wp-content\/uploads\/brigands_04.jpg\" target=\"_blank\" rel=\"noopener\"><img loading=\"lazy\" decoding=\"async\" aria-describedby=\"caption-attachment-3313\" class=\"wp-image-3313\" src=\"http:\/\/erikcarnets.fr\/wp-content\/uploads\/brigands_04-300x180.jpg\" alt=\"Acte II : Damien Sharpin (Le Page), Mathilde Colas (La Princesse de Grenade), Thibaud Mercier (Le Comte de Gloria-Cassis), Fran\u00e7ois de Maleissye-Melun (Le Pr\u00e9cepteur)\" width=\"500\" height=\"300\" srcset=\"https:\/\/erikcarnets.fr\/wp-content\/uploads\/brigands_04-300x180.jpg 300w, https:\/\/erikcarnets.fr\/wp-content\/uploads\/brigands_04-768x460.jpg 768w, https:\/\/erikcarnets.fr\/wp-content\/uploads\/brigands_04.jpg 786w\" sizes=\"auto, (max-width: 500px) 100vw, 500px\" \/><\/a><p id=\"caption-attachment-3313\" class=\"wp-caption-text\">Acte II : Damien Sharpin (Le Page), Mathilde Colas (La Princesse de Grenade), Thibaud Mercier (Le Comte de Gloria-Cassis), Fran\u00e7ois de Maleissye-Melun (Le Pr\u00e9cepteur) &#8211; \u00a9 photo pehavey<\/p><\/div>\n<p style=\"text-align: justify;\">Dans les r\u00f4les secondaires, certaines voix ne sont peut-\u00eatre pas les plus belles, mais la personnification est vraiment pouss\u00e9e loin. Ainsi, le Caissier de <strong>Mathieu Fourticq-Tire<\/strong> est un petit peu en difficult\u00e9 face \u00e0 un r\u00f4le qui monte tr\u00e8s haut, mais quel acteur! Le cr\u00e9ateur L\u00e9once \u00e9tait \u00e0 la fois acteur et chanteur et on se doute que l\u2019on a un profil assez proche ici, \u00e0 savoir un acteur sachant chanter. Et si l\u2019air le pousse dans ses derniers retranchements, les sc\u00e8nes parl\u00e9es sont vraiment impressionnantes! Le profil est un petit peu le m\u00eame pour le r\u00f4le du Baron de Campo-Tasso cr\u00e9\u00e9 l\u00e0 encore par un acteur chansonnier, Charles Blondelet. Mais ici <strong>Fr\u00e9d\u00e9ric Ernst<\/strong> a certes une partition moins complexe \u00e0 chanter, mais il s\u2019en tire de belle mani\u00e8re! Ensuite, on revient \u00e0 des terrains connus avec <strong>Beno\u00eet Valentin<\/strong> et Thibaud Mercier. Le premier chantait le Prince Saphir dans <em>Barbe-Bleue<\/em> alors que le second chantait le Roi Bob\u00e8che! Le premier est ici le Prince de Mantoue. Sc\u00e9niquement parfaitement \u00e0 l\u2019aise dans ce personnage plut\u00f4t peu agr\u00e9able, il chante avec aplomb son air au troisi\u00e8me acte m\u00eame si la voix est peut-\u00eatre un petit peu l\u00e9g\u00e8re pour le personnage propos\u00e9 qui pourrait faire penser \u00e0 un t\u00e9nor plus lyrique. Mais belle prestation, de m\u00eame pour le Comte de Gloria-Cassis! <strong>Thibaud Mercier<\/strong> fait une arriv\u00e9e triomphale avec l\u2019ambassade de Grenade et enl\u00e8ve avec beaucoup d\u2019aplomb son \u201cY a des gens qui se disent espagnols\u201d. La voix passe parfaitement et le personnage plein de morgue est parfaitement rendu! Enfin, en Pietro, <strong>Daniel Ladaurade<\/strong> apporte \u00e0 son personnage une vraie bonhomie et un c\u00f4t\u00e9 paternel tr\u00e8s bien rendu.<\/p>\n<div id=\"attachment_3317\" style=\"width: 510px\" class=\"wp-caption aligncenter\"><a href=\"http:\/\/erikcarnets.fr\/wp-content\/uploads\/brigands_08.jpg\" target=\"_blank\" rel=\"noopener\"><img loading=\"lazy\" decoding=\"async\" aria-describedby=\"caption-attachment-3317\" class=\"wp-image-3317\" src=\"http:\/\/erikcarnets.fr\/wp-content\/uploads\/brigands_08-300x178.jpg\" alt=\"Acte III : Marguerite Braoul (Fragoletto), Audray Maignan (Fiorella)\" width=\"500\" height=\"297\" srcset=\"https:\/\/erikcarnets.fr\/wp-content\/uploads\/brigands_08-300x178.jpg 300w, https:\/\/erikcarnets.fr\/wp-content\/uploads\/brigands_08-768x456.jpg 768w, https:\/\/erikcarnets.fr\/wp-content\/uploads\/brigands_08.jpg 958w\" sizes=\"auto, (max-width: 500px) 100vw, 500px\" \/><\/a><p id=\"caption-attachment-3317\" class=\"wp-caption-text\">Acte III : Marguerite Braoul (Fragoletto), Audray Maignan (Fiorella) &#8211; \u00a9 photo pehavey<\/p><\/div>\n<p style=\"text-align: justify;\">Du c\u00f4t\u00e9 des r\u00f4les principaux, il faut saluer le tr\u00e8s beau trio de t\u00eate. Si <strong>Marguerite Brault<\/strong> en Fragoletto semblait l\u00e9g\u00e8rement sur la r\u00e9serve \u00e0 son arriv\u00e9e, rapidement elle trouve tous ses moyens de soprano pour camper un jeune homme fin, piquant et intelligent. La voix l\u00e9g\u00e8re passe dans les ensembles et l\u2019aigu tinte de belle mani\u00e8re. Elle nous emporte particuli\u00e8rement dans ses couplets du premier acte et bien s\u00fbr dans le tr\u00e8s beau duo du notaire avec Fiorella au deuxi\u00e8me acte. Le r\u00f4le a \u00e9t\u00e9 cr\u00e9\u00e9 par Zulma Bouffar, celle qui \u00e9tait surnomm\u00e9e la Patti de l\u2019op\u00e9rette, et qui a aussi \u00e9t\u00e9 l\u2019amante secr\u00e8te d\u2019Offenbach, lui donnant deux enfants! Reconnue comme l\u2019une des grandes chanteuses de son temps dans le r\u00e9pertoire l\u00e9ger, Offenbach lui a propos\u00e9 de tr\u00e8s beaux moments. Il faut sinon noter que les deux voix de sopranos vont tr\u00e8s bien ensemble se compl\u00e9tant bien. Sc\u00e9niquement la jeune femme est parfaitement \u00e0 l\u2019aise et son costume la transforme parfaitement en Gavroche \u00e9nergique!<\/p>\n<div id=\"attachment_3319\" style=\"width: 510px\" class=\"wp-caption aligncenter\"><a href=\"http:\/\/erikcarnets.fr\/wp-content\/uploads\/brigands_choeur-scaled.jpg\" target=\"_blank\" rel=\"noopener\"><img loading=\"lazy\" decoding=\"async\" aria-describedby=\"caption-attachment-3319\" class=\"wp-image-3319\" src=\"http:\/\/erikcarnets.fr\/wp-content\/uploads\/brigands_choeur-300x135.jpg\" alt=\"\" width=\"500\" height=\"225\" srcset=\"https:\/\/erikcarnets.fr\/wp-content\/uploads\/brigands_choeur-300x135.jpg 300w, https:\/\/erikcarnets.fr\/wp-content\/uploads\/brigands_choeur-1024x462.jpg 1024w, https:\/\/erikcarnets.fr\/wp-content\/uploads\/brigands_choeur-768x346.jpg 768w, https:\/\/erikcarnets.fr\/wp-content\/uploads\/brigands_choeur-1536x692.jpg 1536w, https:\/\/erikcarnets.fr\/wp-content\/uploads\/brigands_choeur-2048x923.jpg 2048w\" sizes=\"auto, (max-width: 500px) 100vw, 500px\" \/><\/a><p id=\"caption-attachment-3319\" class=\"wp-caption-text\">Le Ch\u0153ur Oya Kephale lors des saluts.<\/p><\/div>\n<p style=\"text-align: justify;\">Si Zulma Bouffar \u00e9tait une star \u00e0 Paris, Mlle Aim\u00e9e \u00e9tait une star internationale, triomphant au Br\u00e9sil comme aux \u00c9tats-Unis, repr\u00e9sentant pour beaucoup de pays la d\u00e9licatesse fran\u00e7aise. Artiste de vari\u00e9t\u00e9 \u00e0 la base, elle chanta lors de la cr\u00e9ation d\u2019<em>Orph\u00e9e au Enfers<\/em> au Br\u00e9sil et obtient ainsi une belle reconnaissance. Elle peut ensuite revenir en France toute aur\u00e9ol\u00e9e de gloire pour \u00eatre engag\u00e9e au Th\u00e9\u00e2tre des Vari\u00e9t\u00e9s pour remplacer la fameuse Hortense Schneider. Rapidement, les trois dames (Bouffar, Schneider et Aim\u00e9e) semblent avoir \u00e9t\u00e9 le trio gagnant de Paris dans le r\u00e9pertoire l\u00e9ger. Et quand on \u00e9coute le r\u00f4le de Fiorella, on entend en effet que la voix devait \u00eatre belle et la chanteuse apte aux acrobaties vocales! <strong>Audrey Maignan<\/strong> qui joue et chante ici le r\u00f4le de la fille de Falsacappa se montre magnifique! D\u00e8s les premi\u00e8res notes, on entend un timbre chaud de soprano, des aigus radieux et sonores qu\u2019elle sait bien mettre en valeur m\u00eame avec une petite interpolation! Les parties rapides sont parfaitement ex\u00e9cut\u00e9es et le texte tr\u00e8s clair. La chanteuse est tr\u00e8s tr\u00e8s prometteuse et l\u2019actrice tr\u00e8s \u00e0 l\u2019aise. Vraiment une tr\u00e8s belle d\u00e9couverte ici pour ce r\u00f4le\u2026<\/p>\n<div id=\"attachment_3320\" style=\"width: 509px\" class=\"wp-caption aligncenter\"><a href=\"http:\/\/erikcarnets.fr\/wp-content\/uploads\/brigands_orchestre-scaled.jpg\" target=\"_blank\" rel=\"noopener\"><img loading=\"lazy\" decoding=\"async\" aria-describedby=\"caption-attachment-3320\" class=\"wp-image-3320\" src=\"http:\/\/erikcarnets.fr\/wp-content\/uploads\/brigands_orchestre-300x135.jpg\" alt=\"\" width=\"499\" height=\"225\" srcset=\"https:\/\/erikcarnets.fr\/wp-content\/uploads\/brigands_orchestre-300x135.jpg 300w, https:\/\/erikcarnets.fr\/wp-content\/uploads\/brigands_orchestre-1024x462.jpg 1024w, https:\/\/erikcarnets.fr\/wp-content\/uploads\/brigands_orchestre-768x346.jpg 768w, https:\/\/erikcarnets.fr\/wp-content\/uploads\/brigands_orchestre-1536x692.jpg 1536w, https:\/\/erikcarnets.fr\/wp-content\/uploads\/brigands_orchestre-2048x923.jpg 2048w\" sizes=\"auto, (max-width: 499px) 100vw, 499px\" \/><\/a><p id=\"caption-attachment-3320\" class=\"wp-caption-text\">Orchestre Oya Kephale lors des saluts.<\/p><\/div>\n<p style=\"text-align: justify;\">Enfin, Falsacappa est chant\u00e9 par notre Barbe-Bleue de l\u2019ann\u00e9e derni\u00e8re, <strong>Thierry Mallet<\/strong>. C\u2019est assez logique dans le sens o\u00f9 les deux r\u00f4les ont \u00e9t\u00e9 cr\u00e9\u00e9s par le m\u00eame Jos\u00e9 Dupuis \u00e0 trois ans d&rsquo;intervalle. On retrouve donc ici les difficult\u00e9s du r\u00f4le de Barbe-Bleue, mais le r\u00f4le semble tout de m\u00eame moins \u00e9crasant que celui chant\u00e9 l\u2019ann\u00e9e derni\u00e8re. Bien s\u00fbr Falsacappa reste le r\u00f4le principal, mais il y a moins de moments de bravoure. Et si le r\u00f4le de Barbe-Bleue semblait coller parfaitement au t\u00e9nor, en ce soir de premi\u00e8re il semble plus tendu. Mais la voix reste tr\u00e8s belle, le chanteur assumant parfaitement la tessiture aigu\u00eb avec des aigus mix\u00e9s toujours parfaitement dos\u00e9s. L\u2019acteur aussi sait prendre sa place avec une aisance qui vient sans doute de sa fr\u00e9quentation de ce r\u00e9pertoire depuis quelques ann\u00e9es d\u00e9j\u00e0 dans des productions amateurs telles que celle-ci. Tr\u00e8s belle prestation l\u00e0 aussi m\u00eame si on ne doute pas que les prochaines le trouveront encore plus \u00e0 l\u2019aise!<\/p>\n<div id=\"attachment_3321\" style=\"width: 510px\" class=\"wp-caption aligncenter\"><a href=\"http:\/\/erikcarnets.fr\/wp-content\/uploads\/brigands_solistes-scaled.jpg\" target=\"_blank\" rel=\"noopener\"><img loading=\"lazy\" decoding=\"async\" aria-describedby=\"caption-attachment-3321\" class=\"wp-image-3321\" src=\"http:\/\/erikcarnets.fr\/wp-content\/uploads\/brigands_solistes-300x135.jpg\" alt=\"\" width=\"500\" height=\"225\" srcset=\"https:\/\/erikcarnets.fr\/wp-content\/uploads\/brigands_solistes-300x135.jpg 300w, https:\/\/erikcarnets.fr\/wp-content\/uploads\/brigands_solistes-1024x462.jpg 1024w, https:\/\/erikcarnets.fr\/wp-content\/uploads\/brigands_solistes-768x346.jpg 768w, https:\/\/erikcarnets.fr\/wp-content\/uploads\/brigands_solistes-1536x692.jpg 1536w, https:\/\/erikcarnets.fr\/wp-content\/uploads\/brigands_solistes-2048x923.jpg 2048w\" sizes=\"auto, (max-width: 500px) 100vw, 500px\" \/><\/a><p id=\"caption-attachment-3321\" class=\"wp-caption-text\">Beno\u00eet Valentin (Le Prince de Mantoue), Emmanuel M\u00e9nard (metteur en sc\u00e8ne), Mathilde Colas (Princesse de Grenade et chor\u00e9graphies), Audrey Maignan (Fiorella), Thierry Mallet (Falsacappa), Pierre Boudeville (direction), Marguerite Brault (Fragoletto), Audrey Garcia-Santina (La Marquise et assistante mise en sc\u00e8ne)<\/p><\/div>\n<p style=\"text-align: justify;\">Quelle belle soir\u00e9e avec ces <em>Brigands<\/em> propos\u00e9s par Oya Kephale. Chaque ann\u00e9e le plaisir est le m\u00eame. Si l\u2019ann\u00e9e derni\u00e8re il y avait en plus la joie d\u2019entendre un op\u00e9ra tr\u00e8s rarement donn\u00e9, cette ann\u00e9e on revient \u00e0 une \u0153uvre plus connue mais qui est parfaitement mont\u00e9e. On sent bien quelques tensions en d\u00e9but de soir\u00e9e mais la premi\u00e8re se d\u00e9roule parfaitement et on voit le bonheur de tous lors des saluts. Surtout que pour cette premi\u00e8re, la salle du Th\u00e9\u00e2tre Armande B\u00e9jart \u00e9tait presque pleine! Belle ambiance, applaudissements chaleureux\u2026 Tout le monde ressort avec un grand sourire et une belle \u00e9nergie qui se voit m\u00eame apr\u00e8s quand l\u2019on remarque certaines personnes avec le programme qui ont encore le sourire aux l\u00e8vres en attendant le m\u00e9tro. Un grand bravo \u00e0 tous les participants \u00e0 ce spectacle! Encore une fois, un tel travail et un tel r\u00e9sultat pour des personnes qui ont tout de m\u00eame un v\u00e9ritable travail \u00e0 c\u00f4t\u00e9, c\u2019est admirable! On attend avec impatience de conna\u00eetre le programme de l\u2019ann\u00e9e prochaine!<\/p>\n<p style=\"text-align: justify;\">Et surtout, n\u2019h\u00e9sitez pas \u00e0 courir pour voir ce beau spectacle. Il reste des places pour les prochaines repr\u00e9sentations et le lien est ici : <a href=\"https:\/\/www.oyakephale.fr\/productions\/les-brigands-2023\/\" target=\"_blank\" rel=\"noopener\">https:\/\/www.oyakephale.fr\/productions\/les-brigands-2023\/<\/a>.<\/p>\n<ul>\n<li>\u00a0Asni\u00e8res-sur-Seine<\/li>\n<li>Grand Th\u00e9\u00e2tre Armande B\u00e9jart<\/li>\n<li>12 mai 2023<\/li>\n<li>Jacques Offenbach (1819-1880), Les Brigands, Op\u00e9ra-Bouffe en trois actes<\/li>\n<li>Mise en sc\u00e8ne, Emmanuel M\u00e9nard ; Assistante mise en sc\u00e8ne, Audrey Garcia-Santina ; Chor\u00e9graphie, Mathilde Colas ; D\u00e9cor, Juliette Peign\u00e9 ; Costume, Marie Leclerc<\/li>\n<li>Falsacappa, Thierry Mallet ; Fiorella, Audrey Maignan ; Fragoletto, Marguerite Brault ; Pietro, Daniel Ladaurade ; Le Caissier, Mathieu Fourticq-Tir\u00e9 ; Le Prince de Mantoue, Beno\u00eet Valentin ; Le Comte de Gloria-Cassis, Thibaud Mercier ; Le Chef des Carabiniers, Paul Le Calv\u00e9 ; Domino, Adrien Gorez ; Carmagnola, Jean-Baptiste Leguen ; Barbavano, Marcel Courau ; La Princesse de Grenade, Mathilde Colas ; Le Page, Damien Sharpin; Fiametta, Marie-C\u00e9cile de Lajudie ; Zerlina, Myriam Baconin ; Bianca, Clarisse Tesson ; Cicinella, Quitterie Miriel ; Le Pr\u00e9cepteur, Fran\u00e7ois de Maleissye-Melun ; Pipo, Antoine Roche ; Pipa \/ La Marquise, Audrey Garcia-Santina ; La Duchesse, Fa\u00efrouz Feddal ; Pipetta, C\u00e9cile Dargein<\/li>\n<li>Ch\u0153ur Oya Kephale<\/li>\n<li>Orchestre Oya Kephale<\/li>\n<li>Pierre Boudeville, direction<\/li>\n<\/ul>\n","protected":false},"excerpt":{"rendered":"<p>Avec le mois de mai, c\u2019est le traditionnel rendez-vous Offenbach par Oya Kephale qui revient : voici Les Brigands! Pour rappel, tous les ans Oya Kephale (un ch\u0153ur et un [&hellip;]<\/p>\n","protected":false},"author":1,"featured_media":0,"comment_status":"open","ping_status":"closed","sticky":false,"template":"","format":"standard","meta":{"jetpack_post_was_ever_published":false,"_jetpack_newsletter_access":"","_jetpack_dont_email_post_to_subs":false,"_jetpack_newsletter_tier_id":0,"_jetpack_memberships_contains_paywalled_content":false,"_jetpack_memberships_contains_paid_content":false,"footnotes":"","jetpack_publicize_message":"","jetpack_publicize_feature_enabled":true,"jetpack_social_post_already_shared":true,"jetpack_social_options":{"image_generator_settings":{"template":"highway","default_image_id":0,"font":"","enabled":false},"version":2}},"categories":[28,3],"tags":[57,14,84,23],"class_list":["post-3309","post","type-post","status-publish","format-standard","hentry","category-concert","category-musique_classique","tag-epoque_romantique","tag-integrale","tag-offenbach","tag-opera","clearfix"],"jetpack_publicize_connections":[],"jetpack_featured_media_url":"","jetpack_shortlink":"https:\/\/wp.me\/p4G2uP-Rn","jetpack_sharing_enabled":true,"_links":{"self":[{"href":"https:\/\/erikcarnets.fr\/index.php?rest_route=\/wp\/v2\/posts\/3309","targetHints":{"allow":["GET"]}}],"collection":[{"href":"https:\/\/erikcarnets.fr\/index.php?rest_route=\/wp\/v2\/posts"}],"about":[{"href":"https:\/\/erikcarnets.fr\/index.php?rest_route=\/wp\/v2\/types\/post"}],"author":[{"embeddable":true,"href":"https:\/\/erikcarnets.fr\/index.php?rest_route=\/wp\/v2\/users\/1"}],"replies":[{"embeddable":true,"href":"https:\/\/erikcarnets.fr\/index.php?rest_route=%2Fwp%2Fv2%2Fcomments&post=3309"}],"version-history":[{"count":12,"href":"https:\/\/erikcarnets.fr\/index.php?rest_route=\/wp\/v2\/posts\/3309\/revisions"}],"predecessor-version":[{"id":3334,"href":"https:\/\/erikcarnets.fr\/index.php?rest_route=\/wp\/v2\/posts\/3309\/revisions\/3334"}],"wp:attachment":[{"href":"https:\/\/erikcarnets.fr\/index.php?rest_route=%2Fwp%2Fv2%2Fmedia&parent=3309"}],"wp:term":[{"taxonomy":"category","embeddable":true,"href":"https:\/\/erikcarnets.fr\/index.php?rest_route=%2Fwp%2Fv2%2Fcategories&post=3309"},{"taxonomy":"post_tag","embeddable":true,"href":"https:\/\/erikcarnets.fr\/index.php?rest_route=%2Fwp%2Fv2%2Ftags&post=3309"}],"curies":[{"name":"wp","href":"https:\/\/api.w.org\/{rel}","templated":true}]}}