{"id":3209,"date":"2022-09-05T18:22:26","date_gmt":"2022-09-05T16:22:26","guid":{"rendered":"http:\/\/erikcarnets.fr\/?p=3209"},"modified":"2022-09-05T18:22:26","modified_gmt":"2022-09-05T16:22:26","slug":"dans-les-jardins-de-william-christie-2022","status":"publish","type":"post","link":"https:\/\/erikcarnets.fr\/?p=3209","title":{"rendered":"Dans les Jardins de William Christie 2022"},"content":{"rendered":"<p style=\"text-align: justify;\"><a href=\"http:\/\/erikcarnets.fr\/?p=3209\" target=\"_blank\" rel=\"noopener\"><img loading=\"lazy\" decoding=\"async\" class=\"alignleft wp-image-3210\" src=\"http:\/\/erikcarnets.fr\/wp-content\/uploads\/affiche_2022-217x300.jpg\" alt=\"\" width=\"300\" height=\"416\" srcset=\"https:\/\/erikcarnets.fr\/wp-content\/uploads\/affiche_2022-217x300.jpg 217w, https:\/\/erikcarnets.fr\/wp-content\/uploads\/affiche_2022-739x1024.jpg 739w, https:\/\/erikcarnets.fr\/wp-content\/uploads\/affiche_2022-768x1064.jpg 768w, https:\/\/erikcarnets.fr\/wp-content\/uploads\/affiche_2022-1109x1536.jpg 1109w, https:\/\/erikcarnets.fr\/wp-content\/uploads\/affiche_2022.jpg 1348w\" sizes=\"auto, (max-width: 300px) 100vw, 300px\" \/><\/a>C\u2019est lors de l\u2019\u00e9dition de 2015 que j\u2019avais d\u00e9couvert ces magnifiques jardins de William Christie. C\u2019\u00e9tait alors la quatri\u00e8me \u00e9dition de ce Festival dans les Jardins de William Christie qui redonne vie pendant quelques semaines au petit village de Thir\u00e9, perdu au fond de la Vend\u00e9e. Au cours des ann\u00e9es, on a pu voir quelques \u00e9volutions dans les lieux de repr\u00e9sentations, dans la conception des programmes, dans la mise en avant de certains artistes\u2026 mais on a toujours le m\u00eame magnifique cadre (qui m\u00eame continue \u00e0 s\u2019agrandir et s\u2019embellir), toujours la m\u00eame qualit\u00e9 musicale\u2026 et toujours le grand plaisir de baigner dans la musique de 16h \u00e0 23h\u2026 C\u2019est en g\u00e9n\u00e9ral le programme du soir qui d\u00e9finit la journ\u00e9e de visite. Et cette ann\u00e9e c\u2019est le programme \u201cMoli\u00e8re et ses musiques\u201d qui aura \u00e9t\u00e9 le plus int\u00e9ressant sur le papier. Et la distribution (De Negri, Auvity, Mauillon,&#8230;) promettait des concerts de l\u2019apr\u00e8s-midi int\u00e9ressants! Et ce fut le cas \u00e0 plus d\u2019un titre!<!--more--><\/p>\n<p style=\"text-align: justify;\">Si l\u2019organisation est meilleure d\u2019ann\u00e9e en ann\u00e9e, quelques petites d\u00e9ceptions. Encore une fois, pas beaucoup de lieux de concerts pour l\u2019apr\u00e8s-midi : La Pin\u00e8de, Le Clo\u00eetre, le Mur des Cyclopes et l\u2019Arche Hubert Robert. On regrette que les autres lieux (le Th\u00e9\u00e2tre de Verdure, le Jardin \u00c9ph\u00e9m\u00e8re, le petit bois d\u2019Henry-Claude, les Coulisses du Th\u00e9\u00e2tre ou encore le Pont Chinois) ne soient pas exploit\u00e9s, nous permettant de plus naviguer dans le jardin. Surtout que contrairement aux ann\u00e9es pr\u00e9c\u00e9dentes, il est interdit de se promener dans les jardins durant la pause entre les concerts dans le jardin et le concert du soir. Auparavant, chacun d\u00e9ambulait parmi les bosquets avec qui un sandwich, qui une fl\u00fbte de champagne\u2026 maintenant il faut rester dans la prairie arbor\u00e9e juste apr\u00e8s le petit pont d\u2019entr\u00e9e. Dommage car cela faisait aussi partie du charme cette petite libert\u00e9, ce plaisir de trouver un lieu peu fr\u00e9quent\u00e9 pour profiter du cadre. Voil\u00e0 pour les quelques regrets\u2026 et maintenant il faut saluer aussi tous les points positifs. L\u2019ambiance toujours agr\u00e9able avec les artistes souriants, le public qui ne va pas se jeter sur eux pour les emb\u00eater\u2026 (public par contre qui devrait avoir quelques consignes concernant le respect des autres lors des concerts\u2026) et puis bien s\u00fbr le plaisir d\u2019\u00eatre dans un lieu si calme, si beau et si agr\u00e9able que parfois, on \u00e9coute la musique tout en s\u2019impr\u00e9gnant des paysages!<\/p>\n<div id=\"attachment_3228\" style=\"width: 510px\" class=\"wp-caption aligncenter\"><a href=\"http:\/\/erikcarnets.fr\/wp-content\/uploads\/20220826_153426-scaled.jpg\"><img loading=\"lazy\" decoding=\"async\" aria-describedby=\"caption-attachment-3228\" class=\"wp-image-3228\" src=\"http:\/\/erikcarnets.fr\/wp-content\/uploads\/20220826_153426-300x146.jpg\" alt=\"\" width=\"500\" height=\"243\" srcset=\"https:\/\/erikcarnets.fr\/wp-content\/uploads\/20220826_153426-300x146.jpg 300w, https:\/\/erikcarnets.fr\/wp-content\/uploads\/20220826_153426-1024x498.jpg 1024w, https:\/\/erikcarnets.fr\/wp-content\/uploads\/20220826_153426-768x373.jpg 768w, https:\/\/erikcarnets.fr\/wp-content\/uploads\/20220826_153426-1536x747.jpg 1536w, https:\/\/erikcarnets.fr\/wp-content\/uploads\/20220826_153426-2048x996.jpg 2048w\" sizes=\"auto, (max-width: 500px) 100vw, 500px\" \/><\/a><p id=\"caption-attachment-3228\" class=\"wp-caption-text\">Fond de la pi\u00e8ce d&rsquo;eau.<\/p><\/div>\n<p style=\"text-align: justify;\">Mais commen\u00e7ons la visite musicale!<\/p>\n<h6 style=\"text-align: justify;\">1 &#8211; Promenades musicales : Dans les jardins d&rsquo;Henriette de Coligny<\/h6>\n<p style=\"text-align: justify;\">\u00c9tant donn\u00e9 qu\u2019il y a cet apr\u00e8s-midi deux concerts autour des airs de cours et que les deux se d\u00e9roulent dans ce Clo\u00eetre, on va essayer de les s\u00e9parer pour ne pas rester deux concerts de suite au m\u00eame endroit. Le Clo\u00eetre est assez parfait pour ce r\u00e9pertoire intimiste, avec le grand mur derri\u00e8re, l\u2019atmosph\u00e8re recueillie\u2026 on regrettera juste le manque de savoir-vivre d\u2019une partie du public qui bloque le passage avec leurs fauteuils ou qui n\u2019h\u00e9sitent pas \u00e0 d\u00e9placer un pot de fleur pour mieux voir les musiciens!<\/p>\n<div id=\"attachment_3211\" style=\"width: 510px\" class=\"wp-caption aligncenter\"><a href=\"http:\/\/erikcarnets.fr\/wp-content\/uploads\/Jardin_Mauillon_2.jpg\" target=\"_blank\" rel=\"noopener\"><img loading=\"lazy\" decoding=\"async\" aria-describedby=\"caption-attachment-3211\" class=\"wp-image-3211\" src=\"http:\/\/erikcarnets.fr\/wp-content\/uploads\/Jardin_Mauillon_2-300x200.jpg\" alt=\"\" width=\"500\" height=\"333\" srcset=\"https:\/\/erikcarnets.fr\/wp-content\/uploads\/Jardin_Mauillon_2-300x200.jpg 300w, https:\/\/erikcarnets.fr\/wp-content\/uploads\/Jardin_Mauillon_2-1024x683.jpg 1024w, https:\/\/erikcarnets.fr\/wp-content\/uploads\/Jardin_Mauillon_2-768x512.jpg 768w, https:\/\/erikcarnets.fr\/wp-content\/uploads\/Jardin_Mauillon_2.jpg 1200w\" sizes=\"auto, (max-width: 500px) 100vw, 500px\" \/><\/a><p id=\"caption-attachment-3211\" class=\"wp-caption-text\">Myriam Rignol et Marc Mauillon dans le Clo\u00eetre.<\/p><\/div>\n<p style=\"text-align: justify;\">Deux artistes habitu\u00e9s \u00e0 ce r\u00e9pertoire sont ici rassembl\u00e9s : Marc Mauillon et Myriam Rignol. Les deux avaient d\u00e9j\u00e0 publi\u00e9 un disque consacr\u00e9 aux airs de cours compos\u00e9s sur des po\u00e8mes d\u2019Henriette de Coligny et ils y reviennent ici mais sans Ang\u00e9lique Mauillon. Arri\u00e8re-petite-fille du fameux Amiral de Coligny (dont on parle dans <em>Les Huguenots<\/em>), la jeune femme devient veuve rapidement, est remari\u00e9e \u00e0 un noble protestant, puis d\u00e9cide de se convertir au catholicisme afin de lui \u00e9chapper et ainsi vivre une vie plus l\u00e9g\u00e8re d\u00e9di\u00e9e \u00e0 l\u2019art et la litt\u00e9rature! Femme tr\u00e8s ind\u00e9pendante donc et particuli\u00e8rement moderne! Apr\u00e8s une petite introduction sur la vie mouvement\u00e9e de notre comtesse et quelques explications sur les po\u00e8mes qu\u2019elle composait (toujours galants, mais souvent os\u00e9s pour l\u2019\u00e9poque derri\u00e8re des images na\u00efves!), voici que les deux musiciens s\u2019installent, assis sur un petit muret. Viole de gambe et baryton, voil\u00e0 qui est assez rare pour ce r\u00e9pertoire o\u00f9 on a plus l\u2019habitude d\u2019entendre un th\u00e9orbe ou un luth. Mais rapidement, on entend un accompagnement diff\u00e9rent mais tout aussi passionnant et vif. La viole donne un son plus \u00e9touff\u00e9 et plus li\u00e9 par rapport au th\u00e9orbe mais le jeu virtuose de <strong>Myriam Rignol<\/strong> et son inventivit\u00e9 pour accompagner font merveille avec par exemple \u201cLe doux silence de nos bois\u201d qui est magnifi\u00e9 par cet accompagnement d\u00e9licat. Au chant, on retrouve le grand habitu\u00e9 qu\u2019est <strong>Marc Mauillon<\/strong>. Comme souvent, il choisit la prononciation restitu\u00e9e et non moderne dans ce r\u00e9pertoire. La distance au texte devient forc\u00e9ment plus grande et le sens un petit peu moins ais\u00e9 \u00e0 comprendre, mais la diction est tellement nette que peu de mots nous \u00e9chappent. Grand diseur mais aussi chanteur au style impeccable, il sait donner vie \u00e0 ces diff\u00e9rents airs en variant les effets, en ajoutant quelques d\u00e9corations, quelques variations du plus bel effet sans pour autant faire une d\u00e9monstration. Belle \u00e9motion et tr\u00e8s beau moment de musique pour commencer cet apr\u00e8s-midi!<\/p>\n<ul>\n<li style=\"text-align: justify;\">Thir\u00e9<\/li>\n<li style=\"text-align: justify;\">Les Jardins de William Christie, Le Clo\u00eetre<\/li>\n<li style=\"text-align: justify;\">26 ao\u00fbt 2022, 16h<\/li>\n<li style=\"text-align: justify;\">Dans les jardins d\u2019Henriette de Coligny<\/li>\n<li style=\"text-align: justify;\">S\u00e9bastien Le Camus (1610-1677) : \u201cFor\u00eats solitaires et sombres\u201d &#8211; \u201cBois \u00e9cart\u00e9s, demeures sombres\u201d<\/li>\n<li style=\"text-align: justify;\">Anonyme : \u201cVous ne m\u2019attirez point par vos attraits charmants\u201d<\/li>\n<li style=\"text-align: justify;\">Fran\u00e7ois Campion (1686-1747) : \u201cQu\u2019il est propre \u00e0 se faire aimer\u201d<\/li>\n<li style=\"text-align: justify;\">Honor\u00e9 d\u2019Ambruys (1660 ?-1702 ?) : \u201cLe doux silence de nos bois\u201d &#8211; \u201cAmours cent mille mercis\u201d<\/li>\n<li style=\"text-align: justify;\">Marc Mauillon, voix<\/li>\n<li style=\"text-align: justify;\">Myriam Rignol, viole de gambe<\/li>\n<\/ul>\n<h6 style=\"text-align: justify;\">2 &#8211; Promenades musicales : Le sommeil d&rsquo;Ulysse<\/h6>\n<p style=\"text-align: justify;\">Le premier concert termin\u00e9, direction la Pin\u00e8de pour une cantate d\u2019\u00c9lisabeth Jacquet de la Guerre. Au passage, on red\u00e9couvre la cour d\u2019honneur ainsi que le Jardin Rouge (o\u00f9 j\u2019avais d\u00e9couvert en 2017 la jeune L\u00e9a Desandre et le jeune Carlo Vistoli, alors membres du Jardin des Voix!). Les concerts \u00e0 la Pin\u00e8de avec William Christie sont toujours pris d\u2019assaut, aussi l\u2019on se d\u00e9p\u00eache pour arriver dans les premier, pouvoir s\u2019installer en face des pupitres mais \u00e0 une distance respectable tout de m\u00eame, dans l\u2019alignement des quelques personnes d\u00e9j\u00e0 pr\u00e9sentes. Le public arrive, s\u2019installe qui en chaise pliante qui par terre\u2026 et deux minutes avant le d\u00e9but, bien s\u00fbr deux dames arrivent et s\u2019assoient devant tout le monde sans m\u00eame se retourner ou s\u2019excuser. Bien s\u00fbr elles g\u00e2chent la vue mais non pas le plaisir musical! \u00c9lisabeth Jacquet de la Guerre est une personnalit\u00e9 impressionnante pour l\u2019\u00e9poque : claveciniste virtuose qui joue devant Louis XIV \u00e0 cinq ans, sa formation musicale compl\u00e8te donn\u00e9e par son p\u00e8re (musicien lui-m\u00eame) lui permet de composer toutes formes de musique, depuis les sonates jusqu\u2019\u00e0 une trag\u00e9die lyrique, en passant par des cantates ou un Te Deum. Ce <em>Sommeil d\u2019Ulysse<\/em> est assez repr\u00e9sentatif des cantates profanes de l\u2019\u00e9poque mais on sent toute l\u2019intelligence et le talent de la compositrice qui alterne parfaitement r\u00e9cit, chant et musique pour faire avancer le drame. L\u2019orchestre est toujours porteur de sens et est vraiment complet malgr\u00e9 le peu d\u2019instruments. Et quel beau travail lors du sommeil ou de la temp\u00eate par exemple : composition sobre mais parfaitement d\u00e9monstrative!<\/p>\n<div id=\"attachment_3224\" style=\"width: 510px\" class=\"wp-caption aligncenter\"><a href=\"http:\/\/erikcarnets.fr\/wp-content\/uploads\/20220826_164519-scaled.jpg\" target=\"_blank\" rel=\"noopener\"><img loading=\"lazy\" decoding=\"async\" aria-describedby=\"caption-attachment-3224\" class=\"wp-image-3224\" src=\"http:\/\/erikcarnets.fr\/wp-content\/uploads\/20220826_164519-300x146.jpg\" alt=\"\" width=\"500\" height=\"243\" srcset=\"https:\/\/erikcarnets.fr\/wp-content\/uploads\/20220826_164519-300x146.jpg 300w, https:\/\/erikcarnets.fr\/wp-content\/uploads\/20220826_164519-1024x498.jpg 1024w, https:\/\/erikcarnets.fr\/wp-content\/uploads\/20220826_164519-768x373.jpg 768w, https:\/\/erikcarnets.fr\/wp-content\/uploads\/20220826_164519-1536x747.jpg 1536w, https:\/\/erikcarnets.fr\/wp-content\/uploads\/20220826_164519-2048x996.jpg 2048w\" sizes=\"auto, (max-width: 500px) 100vw, 500px\" \/><\/a><p id=\"caption-attachment-3224\" class=\"wp-caption-text\">Myriam Rignol, William Christie, Emmanuelle De Negri et Tami Troman dans La Pin\u00e8de.<\/p><\/div>\n<p style=\"text-align: justify;\">Ici on retrouve <strong>Myriam Rignol<\/strong> \u00e0 la viole de gambe totalement investie, tout comme <strong>William Christie<\/strong> (qui chante et vit la musique comme on l\u2019a rarement vu dans ce r\u00e9pertoire!) et <strong>Tami Troman<\/strong> au violon. Mais la grande triomphatrice est sans nul doute <strong>Emmanuelle De Negri<\/strong>. Celle qui fut une Sangaride miraculeuse dans <em>Atys<\/em> il y a maintenant <a href=\"http:\/\/erikcarnets.fr\/?p=2648\" target=\"_blank\" rel=\"noopener\">onze ans<\/a> est toujours aussi fascinante dans ce r\u00e9pertoire baroque. La diction est tout bonnement parfaite et la chanteuse a gagn\u00e9 en expressivit\u00e9 depuis pour vraiment mordre le texte et lui donner toute sa force que ce soit dans les moments dramatiques ou plus na\u00effs. La voix sonne, pleine et nette alors que le style est parfait. Que dire si ce n\u2019est que ce moment \u00e9tait vraiment miraculeux? On regrette que de tels moments n\u2019aient pas \u00e9t\u00e9 pr\u00e9serv\u00e9s par une captation tant le r\u00e9sultat \u00e9tait grandiose : la rencontre entre une chanteuse et une partition qui n\u2019est pas sans rappeler le succ\u00e8s d\u2019Agn\u00e8s Mellon dans ce r\u00e9pertoire bien des ann\u00e9es apr\u00e8s sa superbe Sangaride elle aussi. Les voix ont l\u00e9g\u00e8rement \u00e9volu\u00e9 en perdant en brillant mais en gagnant en densit\u00e9, et l\u2019art du chant et du dire sont toujours aussi parfaits et donnent encore plus de force au chant!<\/p>\n<ul>\n<li style=\"text-align: justify;\">Thir\u00e9<\/li>\n<li style=\"text-align: justify;\">Les Jardins de William Christie, La Pin\u00e8de<\/li>\n<li style=\"text-align: justify;\">26 ao\u00fbt 2022, 16h30<\/li>\n<li style=\"text-align: justify;\">Le sommeil d\u2019Ulysse<\/li>\n<li style=\"text-align: justify;\">\u00c9lisabeth Jacquet de la Guerre (1665-1729) : Le Sommeil d\u2019Ulysse<\/li>\n<li style=\"text-align: justify;\">Emmanuelle De Negri, soprano<\/li>\n<li style=\"text-align: justify;\">Tami Troman, violon<\/li>\n<li style=\"text-align: justify;\">Myriam Rignol, viole de gambe<\/li>\n<li style=\"text-align: justify;\">William Christie, clavecin<\/li>\n<\/ul>\n<h6 style=\"text-align: justify;\">3 &#8211; Promenades musicales : Aimer ou boire, faut-il choisir?<\/h6>\n<div id=\"attachment_3225\" style=\"width: 510px\" class=\"wp-caption aligncenter\"><a href=\"http:\/\/erikcarnets.fr\/wp-content\/uploads\/20220826_171619-scaled.jpg\" target=\"_blank\" rel=\"noopener\"><img loading=\"lazy\" decoding=\"async\" aria-describedby=\"caption-attachment-3225\" class=\"wp-image-3225\" src=\"http:\/\/erikcarnets.fr\/wp-content\/uploads\/20220826_171619-300x146.jpg\" alt=\"\" width=\"500\" height=\"243\" srcset=\"https:\/\/erikcarnets.fr\/wp-content\/uploads\/20220826_171619-300x146.jpg 300w, https:\/\/erikcarnets.fr\/wp-content\/uploads\/20220826_171619-1024x498.jpg 1024w, https:\/\/erikcarnets.fr\/wp-content\/uploads\/20220826_171619-768x373.jpg 768w, https:\/\/erikcarnets.fr\/wp-content\/uploads\/20220826_171619-1536x747.jpg 1536w, https:\/\/erikcarnets.fr\/wp-content\/uploads\/20220826_171619-2048x996.jpg 2048w\" sizes=\"auto, (max-width: 500px) 100vw, 500px\" \/><\/a><p id=\"caption-attachment-3225\" class=\"wp-caption-text\">Emmanuel Resche, Kako Miura, Tsutomu William Cpoeland, Alyssa Campbell, Virginie Thomas, Cyril Costanzo, Jean-Yves Ravoux, Juliette Perret, Cullen O&rsquo;Neil, Neils Coppalle et Diego Salamanca au Mur des Cyclopes.<\/p><\/div>\n<p style=\"text-align: justify;\">Le troisi\u00e8me concert nous emm\u00e8ne vers le Mur des Cyclopes, espace beaucoup plus ouvert qui s\u2019est agr\u00e9ment\u00e9 depuis l\u2019ann\u00e9e derni\u00e8re de quelques troncs d\u2019arbres permettant de s\u2019installer confortablement pour une partie du public. On plonge ici dans le r\u00e9pertoire qui sera au c\u0153ur du concert du soir avec le prologue de <em>Georges Dandin<\/em> de Lully, sur un texte de Moli\u00e8re bien s\u00fbr. Il faut l\u2019avouer tout de suite, ce concert ne sera pas le plus passionnant de l\u2019apr\u00e8s-midi surtout apr\u00e8s la fabuleuse interpr\u00e9tation de la cantate juste avant. Musicalement, nous sommes sur des ensembles comiques o\u00f9 l\u2019on se demande si Amour ou Bacchus sont les dieux les plus importants pour vivre\u2026 avant de conclure qu\u2019il faut les deux. Les musiciens offrent un bel accompagnement musical mais les chanteurs ne sont pas tout \u00e0 fait au niveau. Si <strong>Juliette Perret<\/strong> et <strong>Virginie Thomas<\/strong> se sortent bien de leurs r\u00f4les malgr\u00e9 un volume et un impact l\u00e9g\u00e8rement limit\u00e9s, <strong>Cyril Costanzo<\/strong> semble avoir un souci car r\u00e9guli\u00e8rement la voix s\u2019\u00e9raille et un graillon l\u2019emp\u00eache de faire ce qu\u2019il veut. Il s\u2019amuse beaucoup et nous amuse aussi avec son personnage comique, mais on sent une g\u00eane vocale. \u00c0 ses c\u00f4t\u00e9s, <strong>Jean-Yves Ravoux<\/strong> semble vraiment d\u00e9pass\u00e9 par le r\u00f4le qui lui est attribu\u00e9. Chanteur du ch\u0153ur comme les deux sopranes, je garde un souvenir impressionn\u00e9 il y a quelques ann\u00e9es lors d\u2019un atelier de chant ici m\u00eame o\u00f9 il \u00e9tait juste \u00e0 c\u00f4t\u00e9 de moi et o\u00f9 la voix sortait tr\u00e8s bien. Ici elle semble r\u00e9duite \u00e0 une trame, les aigus sont atteints avec beaucoup de peine et les graves ne sont pas sonores. En esp\u00e9rant que ce soit le jour qui n\u2019\u00e9tait pas bon pour le chanteur!<\/p>\n<ul>\n<li style=\"text-align: justify;\">Thir\u00e9<\/li>\n<li style=\"text-align: justify;\">Les Jardins de William Christie, Le Mur des Cyclopes<\/li>\n<li style=\"text-align: justify;\">26 ao\u00fbt 2022, 17h<\/li>\n<li style=\"text-align: justify;\">Aimer ou boire, faut-il choisir ?<\/li>\n<li style=\"text-align: justify;\">Jean-Baptiste Lully (1632-1687), Georges Dandin : Prologue<\/li>\n<li style=\"text-align: justify;\">Juliette Perret, dessus<\/li>\n<li style=\"text-align: justify;\">Virginie Thomas, dessus<\/li>\n<li style=\"text-align: justify;\">Jean-Yves Ravoux, taille<\/li>\n<li style=\"text-align: justify;\">Cyril Costanzo, basse<\/li>\n<li style=\"text-align: justify;\">Kako Miura, dessus de violon<\/li>\n<li style=\"text-align: justify;\">Alyssa Campbell, haute-contre de violon<\/li>\n<li style=\"text-align: justify;\">Deirdre Dowling, taille de violon<\/li>\n<li style=\"text-align: justify;\">Tsutomu William Copeland, quinte de violon<\/li>\n<li style=\"text-align: justify;\">Niels Coppalle, basson et fl\u00fbte<\/li>\n<li style=\"text-align: justify;\">Cullen O\u2019Neil, violoncelle<\/li>\n<li style=\"text-align: justify;\">Diego Salamanca, th\u00e9orbe<\/li>\n<\/ul>\n<h6 style=\"text-align: justify;\">4 &#8211; Promenades musicales : Promenade champ\u00eatre et amoureuse<\/h6>\n<div id=\"attachment_3214\" style=\"width: 510px\" class=\"wp-caption aligncenter\"><a href=\"http:\/\/erikcarnets.fr\/wp-content\/uploads\/Jardin_Debono_1.jpg\" target=\"_blank\" rel=\"noopener\"><img loading=\"lazy\" decoding=\"async\" aria-describedby=\"caption-attachment-3214\" class=\"wp-image-3214\" src=\"http:\/\/erikcarnets.fr\/wp-content\/uploads\/Jardin_Debono_1-300x200.jpg\" alt=\"\" width=\"500\" height=\"333\" srcset=\"https:\/\/erikcarnets.fr\/wp-content\/uploads\/Jardin_Debono_1-300x200.jpg 300w, https:\/\/erikcarnets.fr\/wp-content\/uploads\/Jardin_Debono_1-1024x683.jpg 1024w, https:\/\/erikcarnets.fr\/wp-content\/uploads\/Jardin_Debono_1-768x512.jpg 768w, https:\/\/erikcarnets.fr\/wp-content\/uploads\/Jardin_Debono_1.jpg 1200w\" sizes=\"auto, (max-width: 500px) 100vw, 500px\" \/><\/a><p id=\"caption-attachment-3214\" class=\"wp-caption-text\">Claire Debono et Diego Salamanca au Clo\u00eetre.<\/p><\/div>\n<p style=\"text-align: justify;\">Retour dans le Clo\u00eetre (dans la galerie cette fois, alors qu\u2019en d\u00e9but d\u2019apr\u00e8s-midi j\u2019\u00e9tais au-dessus du Clo\u00eetre) pour un autre concert d\u2019airs de cours. Ici le th\u00e8me est champ\u00eatre et galant. On retrouve une formation plus habituelle avec une soprano et un th\u00e9orbe. Le choix est fait aussi d\u2019utiliser le fran\u00e7ais moderne. Et je ne sais si c\u2019est la comparaison obligatoire entre ce concert et celui de Marc Mauillon, mais malgr\u00e9 quelques beaux moments, on reste un petit peu frustr\u00e9. D\u00e9j\u00e0 il faut souligner les conditions : le vent \u00e9tait de la partie et r\u00e9guli\u00e8rement les partitions ont fait des leurs, d\u00e9concentrant la pauvre <strong>Claire Debono<\/strong> qui se perd quelque peu dans le texte. Mais il y a aussi l\u2019aisance dans cet exercice. Sous le regard de Marc Mauillon qui assistait au concert, on entend un fran\u00e7ais parfait, mais une voix presque trop puissante, un chant presque trop lyrique pour ces petites miniatures. Au th\u00e9orbe, <strong>Diego Salamanca<\/strong> se montre un bon accompagnateur mais qui semble manquer lui aussi de l\u2019habitude que peuvent avoir d\u2019autres musiciens. On est heureux d\u2019entendre de superbes m\u00e9lodies comme le \u201cSans frayeur dans ce bois\u201d par exemple, mais le concert peine \u00e0 totalement d\u00e9coller.<\/p>\n<ul>\n<li style=\"text-align: justify;\">Thir\u00e9<\/li>\n<li style=\"text-align: justify;\">Les Jardins de William Christie, Le Clo\u00eetre<\/li>\n<li style=\"text-align: justify;\">26 ao\u00fbt 2022, 17h30<\/li>\n<li style=\"text-align: justify;\">Promenade champ\u00eatre et amoureuse<\/li>\n<li style=\"text-align: justify;\">Marc-Antoine Charpentier (1643-1704) : \u201cSans frayeur dans ce bois\u201d &#8211; \u201cAupr\u00e8s du feu l\u2019on fait l\u2019amour\u201d &#8211; \u201cAh! Qu\u2019ils sont courts les beaux jours\u201d<\/li>\n<li style=\"text-align: justify;\">S\u00e9bastien Le Camus (1610-1677) : \u201cQue vous flattez mes r\u00eaveries\u201d<\/li>\n<li style=\"text-align: justify;\">Jean-Baptiste Lully (1632-1687), Le Bourgeois gentilhomme : \u201cJe languis nuit et jour\u201d<\/li>\n<li style=\"text-align: justify;\">Jean-Baptiste de Bousset (1662-1725) : \u00ab\u00a0Pourquoy, doux rossignol\u201d<\/li>\n<li style=\"text-align: justify;\">Claire Debono, soprano<\/li>\n<li style=\"text-align: justify;\">Diego Salamanca, th\u00e9orbe<\/li>\n<\/ul>\n<h6 style=\"text-align: justify;\">5 &#8211; Promenades : Lully le jardinier<\/h6>\n<div id=\"attachment_3223\" style=\"width: 510px\" class=\"wp-caption aligncenter\"><a href=\"http:\/\/erikcarnets.fr\/wp-content\/uploads\/20220826_180657-scaled.jpg\" target=\"_blank\" rel=\"noopener\"><img loading=\"lazy\" decoding=\"async\" aria-describedby=\"caption-attachment-3223\" class=\"wp-image-3223\" src=\"http:\/\/erikcarnets.fr\/wp-content\/uploads\/20220826_180657-300x146.jpg\" alt=\"\" width=\"500\" height=\"243\" srcset=\"https:\/\/erikcarnets.fr\/wp-content\/uploads\/20220826_180657-300x146.jpg 300w, https:\/\/erikcarnets.fr\/wp-content\/uploads\/20220826_180657-1024x498.jpg 1024w, https:\/\/erikcarnets.fr\/wp-content\/uploads\/20220826_180657-768x373.jpg 768w, https:\/\/erikcarnets.fr\/wp-content\/uploads\/20220826_180657-1536x747.jpg 1536w, https:\/\/erikcarnets.fr\/wp-content\/uploads\/20220826_180657-2048x996.jpg 2048w\" sizes=\"auto, (max-width: 500px) 100vw, 500px\" \/><\/a><p id=\"caption-attachment-3223\" class=\"wp-caption-text\">La Terrasse.<\/p><\/div>\n<p style=\"text-align: justify;\">Dernier concert de l\u2019apr\u00e8s-midi avec la r\u00e9union de tout le public devant la terrasse o\u00f9 le public s\u2019installe sur l\u2019herbe, \u00e0 l\u2019ombre ou au soleil, se pla\u00e7ant au milieu des topiaires qui pars\u00e8ment le jardin \u00e0 cet endroit. Cette ann\u00e9e, William Christie c\u00e8de sa place pour laisser carte blanche \u00e0 <strong>Emmanuel Resche<\/strong>. Le violoniste fait partie de l\u2019ensemble depuis de nombreuses ann\u00e9es et dirige lui-m\u00eame son ensemble La Concordia. Il est donc ma\u00eetre de ces terrasses o\u00f9 l\u2019on ne retrouve m\u00eame pas le ma\u00eetre des jardins au clavecin puisqu\u2019il est remplac\u00e9 par Marie Van Rhijn. Au programme, du Lully comme lors de toutes ces terrasses, mais cette fois plac\u00e9 sous le signe du jardin. En effet, beaucoup de la musique de Lully a \u00e9t\u00e9 jou\u00e9e dans les jardins royaux et m\u00eame si cela n\u2019implique pas une relation forte, de nombreuses pi\u00e8ces font r\u00e9f\u00e9rence \u00e0 la nature ou m\u00eame aux jardiniers! Avec un ensemble r\u00e9duit mais particuli\u00e8rement investi, le violoniste nous fait d\u00e9couvrir de tr\u00e8s beaux moments de musique comme la Chaconne des Arlequins ou la pi\u00e8ce nomm\u00e9e \u201cLes Jardiniers\u201d extraite du <em>Ballet de Flore<\/em>. Au passage, deux airs chant\u00e9s par <strong>Virginie Thomas<\/strong> qui semble ici plus \u00e0 l\u2019aise que dans le concert avec les extraits de <em>Georges Dandin<\/em>. L\u2019ambiance printani\u00e8re et bucolique de ces pi\u00e8ces ainsi que l\u2019entrain des musiciens font de ce moment un beau bouquet final de cet apr\u00e8s-midi de promenade dans le jardin.<\/p>\n<ul>\n<li style=\"text-align: justify;\">Thir\u00e9<\/li>\n<li style=\"text-align: justify;\">Les Jardins de William Christie, La Terrasse<\/li>\n<li style=\"text-align: justify;\">26 ao\u00fbt 2022, 18h<\/li>\n<li style=\"text-align: justify;\">Carte blanche \u00e0 Emmanuel Resche : Lully le jardinier<\/li>\n<li style=\"text-align: justify;\">Jean-Baptiste Lully (1632-1687), Georges Dandin : Rondeau pour les Bergers &#8211; Air \u201cIcy l\u2019ombre des ormeaux\u201d<\/li>\n<li style=\"text-align: justify;\">Jean-Baptiste Lully (1632-1687), Ballet de Flore : Entr\u00e9e de Vertumme &#8211; Les Jardiniers &#8211; Menuet pour les m\u00eames<\/li>\n<li style=\"text-align: justify;\">Jean-Baptiste Lully (1632-1687), Le Bourgeois Gentilhomme : Chaconne des Arlequins<\/li>\n<li style=\"text-align: justify;\">Marc-Antoine Charpentier (1643-1704), La Couronne de Fleurs : Air de Flore<\/li>\n<li style=\"text-align: justify;\">Virginie Thomas, soprano<\/li>\n<li style=\"text-align: justify;\">Emmanuel Resche, violon<\/li>\n<li style=\"text-align: justify;\">Tami Troman, violon<\/li>\n<li style=\"text-align: justify;\">Deirdre Dowling, alto<\/li>\n<li style=\"text-align: justify;\">Simon Heyrick, alto<\/li>\n<li style=\"text-align: justify;\">S\u00e9bastien Marq, fl\u00fbte \u00e0 bec<\/li>\n<li style=\"text-align: justify;\">Evol\u00e8ne Kiener, basson<\/li>\n<li style=\"text-align: justify;\">Cyril Poulet, violoncelle<\/li>\n<li style=\"text-align: justify;\">Douglas Balliett, contrebasse<\/li>\n<li style=\"text-align: justify;\">Marie Van Rhijn, clavecin<\/li>\n<\/ul>\n<h6 style=\"text-align: justify;\">6 &#8211; Le concert du soir : Moli\u00e8re et ses musiques<\/h6>\n<p style=\"text-align: justify;\">Apr\u00e8s un petit repas, retour dans les Jardins de William Christie pour le programme du soir. En cette ann\u00e9e c\u00e9l\u00e9brant les 400 ans de la naissance de Moli\u00e8re, les Arts Florissants se penchent sur ses collaborations avec Jean-Baptiste Lully et Marc-Antoine Charpentier. Car il y a nombre de com\u00e9dies-ballets, de com\u00e9dies galantes, de com\u00e9dies et m\u00eame une trag\u00e9die-ballet. Les plus connus sont bien s\u00fbr <em>Le Bourgeois Gentilhomme<\/em> avec Lully et <em>Le Malade Imaginaire<\/em> avec Charpentier mais on trouve pas moins de quinze pi\u00e8ces o\u00f9 la musique avait un r\u00f4le important. Il est d\u2019ailleurs \u00e9tonnant de voir les compositeurs qui par la suite ont repris ces pi\u00e8ces pour leur donner de nouvelles musiques : Richard Strauss pour <em>Le Bourgeois Gentilhomme<\/em>, Camille Saint-Sa\u00ebns pour <em>Le Malade Imaginaire<\/em> ou encore Charles Gounod pour <em>Le M\u00e9decin Malgr\u00e9 Lui<\/em>. Mais pour le concert de ce soir, on restera uniquement baroque avec Lully et Charpentier, sans m\u00eame une escapade plus tardive chez Dauvergne qui avait pourtant repris <em>Le Sicilien ou l\u2019Amour peintre<\/em>.<\/p>\n<div id=\"attachment_3215\" style=\"width: 510px\" class=\"wp-caption aligncenter\"><a href=\"http:\/\/erikcarnets.fr\/wp-content\/uploads\/Moliere_et_ses_musiques_1.jpg\" target=\"_blank\" rel=\"noopener\"><img loading=\"lazy\" decoding=\"async\" aria-describedby=\"caption-attachment-3215\" class=\"wp-image-3215\" src=\"http:\/\/erikcarnets.fr\/wp-content\/uploads\/Moliere_et_ses_musiques_1-300x200.jpg\" alt=\"\" width=\"500\" height=\"333\" srcset=\"https:\/\/erikcarnets.fr\/wp-content\/uploads\/Moliere_et_ses_musiques_1-300x200.jpg 300w, https:\/\/erikcarnets.fr\/wp-content\/uploads\/Moliere_et_ses_musiques_1-1024x683.jpg 1024w, https:\/\/erikcarnets.fr\/wp-content\/uploads\/Moliere_et_ses_musiques_1-768x512.jpg 768w, https:\/\/erikcarnets.fr\/wp-content\/uploads\/Moliere_et_ses_musiques_1.jpg 1200w\" sizes=\"auto, (max-width: 500px) 100vw, 500px\" \/><\/a><p id=\"caption-attachment-3215\" class=\"wp-caption-text\">Marc Mauillon<\/p><\/div>\n<p style=\"text-align: justify;\">Nous assistons \u00e0 une sorte de pasticcio ici avec un personnage principal metteur en sc\u00e8ne en proie avec la troupe de Moli\u00e8re apr\u00e8s sa mort. Face \u00e0 tous ces acteurs et aux musiciens, le pauvre metteur en sc\u00e8ne interpr\u00e9t\u00e9 par St\u00e9phane Facco se trouve souvent malmen\u00e9. \u00c9merge de cette troupe Mademoiselle Moli\u00e8re, \u00e9pouse de Moli\u00e8re, comme diva. Sinon les personnages sont peu diff\u00e9renci\u00e9s et permettent d\u2019\u00e9pouser les diff\u00e9rents r\u00f4les des extraits choisis. Musicalement justement, William Christie a pioch\u00e9 dans les grands standards que sont <em>Le Malade Imaginaire<\/em> et <em>Le Bourgeois Gentilhomme<\/em> respectivement de Charpentier et Lully, mais propose aussi des extraits de <em>George Dandin<\/em> (Lully), <em>La Pastorale comique<\/em> (Lully), <em>Le Mariage Forc\u00e9<\/em> (Lully, puis Charpentier pour les <em>Interm\u00e8des nouveaux du Mariage Forc\u00e9<\/em>), <em>Monsieur de Pourceaugnac<\/em> (Lully) et <em>Les Amants Magnifiques<\/em> (Lully).<\/p>\n<div id=\"attachment_3216\" style=\"width: 510px\" class=\"wp-caption aligncenter\"><a href=\"http:\/\/erikcarnets.fr\/wp-content\/uploads\/Moliere_et_ses_musiques_2.jpg\" target=\"_blank\" rel=\"noopener\"><img loading=\"lazy\" decoding=\"async\" aria-describedby=\"caption-attachment-3216\" class=\"wp-image-3216\" src=\"http:\/\/erikcarnets.fr\/wp-content\/uploads\/Moliere_et_ses_musiques_2-300x200.jpg\" alt=\"\" width=\"500\" height=\"333\" srcset=\"https:\/\/erikcarnets.fr\/wp-content\/uploads\/Moliere_et_ses_musiques_2-300x200.jpg 300w, https:\/\/erikcarnets.fr\/wp-content\/uploads\/Moliere_et_ses_musiques_2-1024x683.jpg 1024w, https:\/\/erikcarnets.fr\/wp-content\/uploads\/Moliere_et_ses_musiques_2-768x512.jpg 768w, https:\/\/erikcarnets.fr\/wp-content\/uploads\/Moliere_et_ses_musiques_2.jpg 1200w\" sizes=\"auto, (max-width: 500px) 100vw, 500px\" \/><\/a><p id=\"caption-attachment-3216\" class=\"wp-caption-text\">Marius Lamothe, St\u00e9phane Facco.<\/p><\/div>\n<p style=\"text-align: justify;\">La premi\u00e8re partie montre donc notre metteur en sc\u00e8ne essayer de diriger une r\u00e9p\u00e9tition durant le Prologue du <em>Malade Imaginaire<\/em> mais il faut faire avec les personnalit\u00e9s des acteurs. M\u00eame les musiciens finissent par mettre leur nez dans la direction et finalement il y a comme une r\u00e9volte \u00e0 partir de <em>La Pastorale Comique<\/em> avant que la grande C\u00e9r\u00e9monie des Turcs du <em>Bourgeois Gentilhomme<\/em> ne tourne presque en s\u00e9ance de bizutage pour notre metteur en sc\u00e8ne. De retour pour la deuxi\u00e8me partie avec <em>Le Malade Imaginaire<\/em>, il semble s\u2019int\u00e9grer dans la troupe tout comme ce nouveau m\u00e9decin s\u2019int\u00e8gre. La suite de la soir\u00e9e est dramatiquement plus complexe \u00e0 suivre m\u00eame si on peut comprendre \u00e0 un moment un hommage au d\u00e9funt Moli\u00e8re. Mais malgr\u00e9 ce petit rel\u00e2chement dans le th\u00e9\u00e2tre, il faut souligner la qualit\u00e9 de la musique ici propos\u00e9e. Que ce soit la folie de Lully qui s\u2019en donne \u00e0 c\u0153ur joie dans la loufoquerie ou un plus grand s\u00e9rieux de Charpentier, on est totalement embarqu\u00e9 par la composition o\u00f9 le texte se coule parfaitement dans la musique\u2026 ou l\u2019inverse.<\/p>\n<div id=\"attachment_3217\" style=\"width: 510px\" class=\"wp-caption aligncenter\"><a href=\"http:\/\/erikcarnets.fr\/wp-content\/uploads\/Moliere_et_ses_musiques_3.jpg\" target=\"_blank\" rel=\"noopener\"><img loading=\"lazy\" decoding=\"async\" aria-describedby=\"caption-attachment-3217\" class=\"wp-image-3217\" src=\"http:\/\/erikcarnets.fr\/wp-content\/uploads\/Moliere_et_ses_musiques_3-300x200.jpg\" alt=\"\" width=\"500\" height=\"333\" srcset=\"https:\/\/erikcarnets.fr\/wp-content\/uploads\/Moliere_et_ses_musiques_3-300x200.jpg 300w, https:\/\/erikcarnets.fr\/wp-content\/uploads\/Moliere_et_ses_musiques_3-1024x683.jpg 1024w, https:\/\/erikcarnets.fr\/wp-content\/uploads\/Moliere_et_ses_musiques_3-768x512.jpg 768w, https:\/\/erikcarnets.fr\/wp-content\/uploads\/Moliere_et_ses_musiques_3.jpg 1200w\" sizes=\"auto, (max-width: 500px) 100vw, 500px\" \/><\/a><p id=\"caption-attachment-3217\" class=\"wp-caption-text\">Cyril Costanzo, durant la C\u00e9r\u00e9monie des Turcs du Bourgeois Gentilhomme.<\/p><\/div>\n<p style=\"text-align: justify;\">La mise en sc\u00e8ne est assez sobre, mais tr\u00e8s vivante. <strong>Marie Lambert-Le Bihan<\/strong> peut se reposer sur des personnages d\u00e9j\u00e0 habitu\u00e9s \u00e0 ces st\u00e9r\u00e9otypes du th\u00e9\u00e2tre et elle semble avoir beaucoup jou\u00e9 avec leurs personnalit\u00e9s. Mais elle compose aussi de tr\u00e8s beaux tableaux comme ce Shiva aux gants rouges, ou cette c\u00e9r\u00e9monie d\u2019intronisation du nouveau m\u00e9decin men\u00e9e tambour battant. Beaucoup de d\u00e9tails et une grande fluidit\u00e9 pour cette mise en espace qui r\u00e9jouit et laisse tout son espace \u00e0 la musique.<\/p>\n<div id=\"attachment_3218\" style=\"width: 510px\" class=\"wp-caption aligncenter\"><a href=\"http:\/\/erikcarnets.fr\/wp-content\/uploads\/Moliere_et_ses_musiques_4.jpg\" target=\"_blank\" rel=\"noopener\"><img loading=\"lazy\" decoding=\"async\" aria-describedby=\"caption-attachment-3218\" class=\"wp-image-3218\" src=\"http:\/\/erikcarnets.fr\/wp-content\/uploads\/Moliere_et_ses_musiques_4-300x200.jpg\" alt=\"\" width=\"500\" height=\"333\" srcset=\"https:\/\/erikcarnets.fr\/wp-content\/uploads\/Moliere_et_ses_musiques_4-300x200.jpg 300w, https:\/\/erikcarnets.fr\/wp-content\/uploads\/Moliere_et_ses_musiques_4-1024x683.jpg 1024w, https:\/\/erikcarnets.fr\/wp-content\/uploads\/Moliere_et_ses_musiques_4-768x512.jpg 768w, https:\/\/erikcarnets.fr\/wp-content\/uploads\/Moliere_et_ses_musiques_4.jpg 1200w\" sizes=\"auto, (max-width: 500px) 100vw, 500px\" \/><\/a><p id=\"caption-attachment-3218\" class=\"wp-caption-text\">Durant la C\u00e9r\u00e9monie des Turcs du Bourgeois Gentilhomme.<\/p><\/div>\n<p style=\"text-align: justify;\">L\u2019orchestre des <strong>Arts Florissants<\/strong> est sur le c\u00f4t\u00e9, serr\u00e9 pour laisser de la place au th\u00e9\u00e2tre mais parfois s\u2019int\u00e8gre habilement \u00e0 ce qui se passe. Musicalement, les douze instrumentistes auxquels s\u2019ajoute <strong>William Christie<\/strong> au clavecin sont irr\u00e9prochables tant dans les individualit\u00e9s que dans les ensembles. Jamais trop sonores, toujours parfaitement color\u00e9s et vivants, ils donnent corps \u00e0 cette musique avec bonheur et beaucoup de savoir-faire. ll faut dire que quelques noms sont loin d\u2019\u00eatre inconnus comme <strong>Emmanuel Resche<\/strong> vu plus t\u00f4t dans l\u2019apr\u00e8s-midi au violon, <strong>Myriam Rignol<\/strong> \u00e0 la viole de Gambe, <strong>Cyril Poulet<\/strong> \u00e0 la basse de violon (violoncelle), <strong>S\u00e9bastien Marq<\/strong> \u00e0 la fl\u00fbte, <strong>Marie-Ange Petit<\/strong> aux percussions ou encore <strong>Thomas Dunford<\/strong> \u00e0 l\u2019archiluth\u2026 voil\u00e0 qui ferait presque un orchestre de solistes s\u2019ils n\u2019avaient pas l\u2019habitude de jouer ensemble dans ces fameux Arts Florissants. Les quelques interventions solistes sont bien s\u00fbr parfaites\u2026 et on les trouve aussi tr\u00e8s \u00e0 l\u2019aise dans quelques moments o\u00f9 ils se doivent de jouer totalement faux : on entend certes quelque chose de faux, mais pas un capharna\u00fcm\u2026 quelque chose de travaill\u00e9 tout de m\u00eame!<\/p>\n<div id=\"attachment_3219\" style=\"width: 510px\" class=\"wp-caption aligncenter\"><a href=\"http:\/\/erikcarnets.fr\/wp-content\/uploads\/Moliere_et_ses_musiques_5.jpg\" target=\"_blank\" rel=\"noopener\"><img loading=\"lazy\" decoding=\"async\" aria-describedby=\"caption-attachment-3219\" class=\"wp-image-3219\" src=\"http:\/\/erikcarnets.fr\/wp-content\/uploads\/Moliere_et_ses_musiques_5-300x200.jpg\" alt=\"\" width=\"500\" height=\"333\" srcset=\"https:\/\/erikcarnets.fr\/wp-content\/uploads\/Moliere_et_ses_musiques_5-300x200.jpg 300w, https:\/\/erikcarnets.fr\/wp-content\/uploads\/Moliere_et_ses_musiques_5-1024x683.jpg 1024w, https:\/\/erikcarnets.fr\/wp-content\/uploads\/Moliere_et_ses_musiques_5-768x512.jpg 768w, https:\/\/erikcarnets.fr\/wp-content\/uploads\/Moliere_et_ses_musiques_5.jpg 1200w\" sizes=\"auto, (max-width: 500px) 100vw, 500px\" \/><\/a><p id=\"caption-attachment-3219\" class=\"wp-caption-text\">William Christie et les musiciens sous le regardes des chanteurs, durant le troisi\u00e8me interm\u00e8de du Malade Imaginaire.<\/p><\/div>\n<p style=\"text-align: justify;\">Le <strong>Ch\u0153ur des Arts Florissants<\/strong> est au m\u00eame niveau d\u2019excellence et d\u2019investissement. Si l\u2019on a pu avoir quelques petits reproches lorsqu\u2019ils doivent chanter en soliste, ici en ensemble le r\u00e9sultat est extraordinaire de pr\u00e9cision et de nettet\u00e9. Le style bien s\u00fbr est parfait, mais aussi la diction et les couleurs encore une fois. C\u2019est sans nul doute l\u2019un de meilleur ensemble choral baroque\u2026 et m\u00eame en nombre restreint comme ici (3 dessus, 2 hautes-contres, 4 tailles, 1 basse-taille et 1 basse), on retrouve ce velout\u00e9 habituel. Il faut aussi saluer la pr\u00e9sence des plusieurs chanteurs qui sortent du ch\u0153ur pour des passages solistes ou en duo\/trio comme <strong>Virginie Thomas<\/strong>, <strong>David Tricou<\/strong> (quelle voix!!), <strong>Bastien Rimond<\/strong>i, <strong>Matthieu Walendzik<\/strong> et <strong>Julien Neyer<\/strong>.<\/p>\n<div id=\"attachment_3220\" style=\"width: 510px\" class=\"wp-caption aligncenter\"><a href=\"http:\/\/erikcarnets.fr\/wp-content\/uploads\/Moliere_et_ses_musiques_6.jpg\" target=\"_blank\" rel=\"noopener\"><img loading=\"lazy\" decoding=\"async\" aria-describedby=\"caption-attachment-3220\" class=\"wp-image-3220\" src=\"http:\/\/erikcarnets.fr\/wp-content\/uploads\/Moliere_et_ses_musiques_6-300x200.jpg\" alt=\"\" width=\"500\" height=\"333\" srcset=\"https:\/\/erikcarnets.fr\/wp-content\/uploads\/Moliere_et_ses_musiques_6-300x200.jpg 300w, https:\/\/erikcarnets.fr\/wp-content\/uploads\/Moliere_et_ses_musiques_6-1024x683.jpg 1024w, https:\/\/erikcarnets.fr\/wp-content\/uploads\/Moliere_et_ses_musiques_6-768x512.jpg 768w, https:\/\/erikcarnets.fr\/wp-content\/uploads\/Moliere_et_ses_musiques_6.jpg 1200w\" sizes=\"auto, (max-width: 500px) 100vw, 500px\" \/><\/a><p id=\"caption-attachment-3220\" class=\"wp-caption-text\">Durant le troisi\u00e8me interm\u00e8de du Malade Imaginaire.<\/p><\/div>\n<p style=\"text-align: justify;\">Il ne faut pas oublier aussi les danseurs de la <strong>Compagnie Les Corps \u00c9loquents<\/strong> qui \u00e0 quatre occupent parfaitement la sc\u00e8ne durant les danses. Avec des chor\u00e9graphies qui rappellent la gestique baroque (les chanteurs les reprennent aussi parfois), ils nous offrent de superbes moments et entra\u00eenent toute la troupe des chanteurs parfois dans les ensembles ou viennent les renforcer \u00e0 d\u2019autres pour un effet plus impressionnant de la foule.<\/p>\n<p style=\"text-align: justify;\">En ma\u00eetre de c\u00e9r\u00e9monie, <strong>St\u00e9phane Facco<\/strong> est tr\u00e8s \u00e0 l\u2019aise sur sc\u00e8ne et n\u2019\u00e9tait une sonorisation un petit peu forte (qui parfois d\u2019ailleurs semble sonoriser aussi les chanteurs trop proches de lui), sa prestation emporte totalement l\u2019adh\u00e9sion. La voix est bien pos\u00e9e, la diction parfaite\u2026 et le personnage cr\u00e9\u00e9 savoureux dans sa couardise ou son comique. Il est le liant dans cet assemblage de pi\u00e8ces souvent disparates et permet de donner une trame au spectacle. On retiendra aussi les interventions de <strong>William Christie<\/strong> qui donne de sa personne en arrivant en criant sur sc\u00e8ne ou lors de la c\u00e9r\u00e9monie des m\u00e9decins o\u00f9 il va dire en latin une partie du texte (comme il le faisait en 1990 dans l\u2019enregistrement paru chez Harmonia Mundi). Le seul petit d\u00e9faut pour ce grand musicien est que sa diction est loin d\u2019\u00eatre parfaite en fran\u00e7ais. Lui qui a form\u00e9 des g\u00e9n\u00e9rations de chanteurs \u00e0 l\u2019art de dire le fran\u00e7ais et de le chanter se montre beaucoup moins net voir m\u00eame \u00e0 peine compr\u00e9hensible par moments\u2026 et encore plus en latin!<\/p>\n<div id=\"attachment_3221\" style=\"width: 510px\" class=\"wp-caption aligncenter\"><a href=\"http:\/\/erikcarnets.fr\/wp-content\/uploads\/Moliere_et_ses_musiques_7.jpg\" target=\"_blank\" rel=\"noopener\"><img loading=\"lazy\" decoding=\"async\" aria-describedby=\"caption-attachment-3221\" class=\"wp-image-3221\" src=\"http:\/\/erikcarnets.fr\/wp-content\/uploads\/Moliere_et_ses_musiques_7-300x200.jpg\" alt=\"\" width=\"500\" height=\"333\" srcset=\"https:\/\/erikcarnets.fr\/wp-content\/uploads\/Moliere_et_ses_musiques_7-300x200.jpg 300w, https:\/\/erikcarnets.fr\/wp-content\/uploads\/Moliere_et_ses_musiques_7-1024x683.jpg 1024w, https:\/\/erikcarnets.fr\/wp-content\/uploads\/Moliere_et_ses_musiques_7-768x512.jpg 768w, https:\/\/erikcarnets.fr\/wp-content\/uploads\/Moliere_et_ses_musiques_7.jpg 1200w\" sizes=\"auto, (max-width: 500px) 100vw, 500px\" \/><\/a><p id=\"caption-attachment-3221\" class=\"wp-caption-text\">Emmanuelle de Negri (au centre) durant la plainte de George Dandin \u00ab\u00a0O mortelle douleur\u00a0\u00bb.<\/p><\/div>\n<p style=\"text-align: justify;\">Et justement on en vient aux chanteurs solistes! Il a \u00e9t\u00e9 signal\u00e9 plus haut la qualit\u00e9 des interventions de membres du ch\u0153ur, mais la lecture des noms des solistes est assez impressionnante aussi! Si <strong>Cyril Costanzo<\/strong> n\u2019avait pas \u00e9t\u00e9 tr\u00e8s \u00e0 l\u2019aise dans le concert de l\u2019apr\u00e8s-midi, il est ici en pleine possession de ses moyens notamment dans la grande C\u00e9r\u00e9monie des Turcs o\u00f9 il s\u2019en donne \u00e0 c\u0153ur joie, laissant tonner sa voix sur une longue tessiture. Sc\u00e9niquement tr\u00e8s pr\u00e9sent, il tient particuli\u00e8rement bien cette grande sc\u00e8ne en en faisant beaucoup, mais en conservant aussi une diction exemplaire! <strong>Claire Debono<\/strong> se montre plus discr\u00e8te tout au long du spectacle, n\u2019ayant finalement que peu de moments o\u00f9 briller. Mais la voix qui semblait un petit peu trop large pour les airs de cours semble beaucoup plus calibr\u00e9e ici dans un lieu plus grand et un r\u00e9pertoire plus lyrique. Mais ceux qui brillent vraiment d\u2019un bout \u00e0 l\u2019autre sont Emmanuelle De Negri, Cyril Auvity et <strong>Marc Mauillon<\/strong>. Ce dernier semble particuli\u00e8rement \u00e0 l\u2019aise en sc\u00e8ne et s\u2019il en fait des tonnes dans la gestuelle, il semble vraiment s\u2019amuser et caract\u00e9rise \u00e0 merveille ses personnages avec une voix toujours aussi sonore et bien projet\u00e9e. Son comp\u00e8re <strong>Cyril Auvity<\/strong> n\u2019est pas en reste. Moins expansif sc\u00e9niquement, il est tout de m\u00eame tr\u00e8s impliqu\u00e9 et on retrouve ce timbre si beau, cette finesse dans les d\u00e9corations, cette diction splendide\u2026 et un caract\u00e8re joueur qu\u2019on lui voit rarement (mais les deux chanteurs rappellent fortement le duo qu\u2019ils formaient dans <em>Plat\u00e9e<\/em> \u00e0 l\u2019Op\u00e9ra-Comique!). Enfin, celle qui est mise en avant dans la premi\u00e8re partie et revient par la suite de mani\u00e8re \u00e9pisodique mais toujours brillante : <strong>Emmanuelle De Negri<\/strong>. La soprano joue un r\u00f4le de diva alors qu\u2019elle ne semble vraiment pas en \u00eatre une! Et donc elle s\u2019amuse sc\u00e9niquement tout en conservant cette rigueur vocale qu\u2019on lui conna\u00eet. Que le timbre est beau, la projection certaine, la diction et le sens du texte comme toujours parfait. Elle illumine bien des moments par son chant!<\/p>\n<div id=\"attachment_3222\" style=\"width: 510px\" class=\"wp-caption aligncenter\"><a href=\"http:\/\/erikcarnets.fr\/wp-content\/uploads\/Moliere_et_ses_musiques_8.jpg\" target=\"_blank\" rel=\"noopener\"><img loading=\"lazy\" decoding=\"async\" aria-describedby=\"caption-attachment-3222\" class=\"wp-image-3222\" src=\"http:\/\/erikcarnets.fr\/wp-content\/uploads\/Moliere_et_ses_musiques_8-300x200.jpg\" alt=\"\" width=\"500\" height=\"333\" srcset=\"https:\/\/erikcarnets.fr\/wp-content\/uploads\/Moliere_et_ses_musiques_8-300x200.jpg 300w, https:\/\/erikcarnets.fr\/wp-content\/uploads\/Moliere_et_ses_musiques_8-1024x683.jpg 1024w, https:\/\/erikcarnets.fr\/wp-content\/uploads\/Moliere_et_ses_musiques_8-768x512.jpg 768w, https:\/\/erikcarnets.fr\/wp-content\/uploads\/Moliere_et_ses_musiques_8.jpg 1200w\" sizes=\"auto, (max-width: 500px) 100vw, 500px\" \/><\/a><p id=\"caption-attachment-3222\" class=\"wp-caption-text\">Lors des saluts.<\/p><\/div>\n<p style=\"text-align: justify;\">Quel magnifique spectacle! La mise en espace est fine et laisse libre court au caract\u00e8re des chanteurs\u2026 et surtout il y a ce cadre qui reste toujours aussi enchanteur. Le spectacle d\u00e9bute alors que le soleil est encore bien pr\u00e9sent\u2026 l\u2019entracte se fait alors qu\u2019il commence \u00e0 dispara\u00eetre\u2026 et le final dans la nuit, avec les \u00e9clairages au fond de la grande arche v\u00e9g\u00e9tale et de la perspective\u2026 et puis cette pi\u00e8ce d\u2019eau \u00e9clair\u00e9e par des bougies, les arbres eux aussi habill\u00e9s de lumi\u00e8re. Le moment est magique surtout quand tout est r\u00e9uni comme ici! Le spectacle doit \u00eatre repris \u00e0 la Philharmonie de Paris cette saison, mais le cadre ne pourra \u00eatre identique!<\/p>\n<ul>\n<li style=\"text-align: justify;\">Thir\u00e9<\/li>\n<li style=\"text-align: justify;\">Les Jardins de William Christie, Le Miroir d\u2019Eau<\/li>\n<li style=\"text-align: justify;\">Moli\u00e8re et ses musiques<\/li>\n<li style=\"text-align: justify;\">26 ao\u00fbt 2022, 20h<\/li>\n<li style=\"text-align: justify;\">Jean-Baptiste Lully (1632-1687), George Dandin : Ouverture<\/li>\n<li style=\"text-align: justify;\">Marc-Antoine Charpentier (1643-1704), Le Malade imaginaire &#8211; Prologue : Ouverture &#8211; \u201cQuittez vos troupeaux\u201d &#8211; \u201cBerger, laissons l\u00e0\u201d &#8211; Ritournelle &#8211; \u201cQuelle nouvelle parmi nous\u201d &#8211; Ch\u0153ur \u201cAh, quelle douce nouvelle\u201d &#8211; Rondeau [Joie des Bergers] &#8211; \u201cMon jeune amant\u201d &#8211; Combat &#8211; \u201cQuand la neige fondue\u201d &#8211; Bourr\u00e9e &#8211; \u201cLe foudre mena\u00e7ant\u201d &#8211; Ritournelle [Gavotte] &#8211; [Reprise de l\u2019Air de combat] &#8211; Les Z\u00e9phirs &#8211; Ch\u0153ur \u201cJoignons tous dans ces bois\u201d<\/li>\n<li style=\"text-align: justify;\">Jean-Baptiste Lully (1632-1687), La Pastorale Comique : Entr\u00e9e des Magiciens &#8211; Trois Sorci\u00e8res \u201cD\u00e9esse des appas\u201d &#8211; Chaconne des Magiciens &#8211; Trois Sorci\u00e8res \u201cAh! qu\u2019il est beau, le jouvenceau\u201d<\/li>\n<li style=\"text-align: justify;\">Jean-Baptiste Lully (1632-1687), Le Bourgeois gentilhomme, Marche pour la c\u00e9r\u00e9monie des Turcs : \u201cAlla, alla\u201d &#8211; \u201cSe ti sabir\u201d &#8211; \u201cDice, mi Turque\u201d &#8211; \u201cMahometta per Giourdina\u201d &#8211; Star bon turqua Giourdina\u201d &#8211; Deuxi\u00e8me Air &#8211; \u201cOu, ou, ou\u201d &#8211; \u201cTi non star furba?\u201d &#8211; Troisi\u00e8me Air &#8211; \u201cTi star nobil\u00e9\u201d &#8211; Quatri\u00e8me Air &#8211; \u201cDara, dara, bastonara\u201d &#8211; Da capo Troisi\u00e8me Air &#8211; \u201cNon tener honta\u201d &#8211; Da capo Deuxi\u00e8me Air &#8211; \u201cStar bon turqua Giourdina?\u201d<\/li>\n<li style=\"text-align: justify;\">Marc-Antoine-Charpentier (1643-1704), Le malade Imaginaire, Troisi\u00e8me interm\u00e8de : La Marche &#8211; Ch\u0153ur \u201cBene respondere\u201d &#8211; Air des r\u00e9v\u00e9rences &#8211; Ch\u0153ur \u201cVivat\u201d &#8211; Chirurgiens et Apothicaires &#8211; Air \u201cPuisse-t-il voir\u201d &#8211; Ch\u0153ur \u201cVivat\u201d &#8211; Air \u201cPuissent toti anni\u201d &#8211; Chirurgiens et Apothicaires &#8211; Ch\u0153ur \u201cVivat\u201d<\/li>\n<li style=\"text-align: justify;\">Jean-Baptiste Lully (1632-1687), Le Mariage forc\u00e9, Sc\u00e8ne du Magicien (Deuxi\u00e8me interm\u00e8de) : Dialogue \u201cHol\u00e0, qui va l\u00e0?\u201d &#8211; Entr\u00e9e des D\u00e9mons<\/li>\n<li style=\"text-align: justify;\">Marc-Antoine Charpentier (1643-1704), Interm\u00e8des nouveaux du Mariage forc\u00e9 : Air \u201cBelle ou laide\u201d<\/li>\n<li style=\"text-align: justify;\">Jean-Baptiste Lully (1632-1687), Le Mariage forc\u00e9, Sc\u00e8ne du Magicien (Deuxi\u00e8me interm\u00e8de) : Gavotte pour quatre galants cajolant la femme de Sganarelle<\/li>\n<li style=\"text-align: justify;\">Jean-Baptiste Lully (1632-1687), George Dandin : Plainte de George Dandin \u201cO mortelle douleur\u201d<\/li>\n<li style=\"text-align: justify;\">Jean-Baptiste Lully (1632-1687), Le Bourgeois gentilhomme : Premier Air des Espagnols<\/li>\n<li style=\"text-align: justify;\">Jean-Baptiste Lully (1632-1687), Monsieur de Pourceaugnac : Air \u201cSortez de ces lieux\u201d<br \/>\nMarc-Antoine Charpentier (1643-1704), Interm\u00e8des nouveaux du Mariage forc\u00e9 : Trio \u201cLa la la\u201d &#8211; Les Grotesques &#8211; Trio \u201c\u00d4 la belle symphonie\u201d &#8211; Ch\u0153ur \u201c\u00d4 le joli concert\u201d<\/li>\n<li style=\"text-align: justify;\">Jean-Baptiste Lully (1632-1687), Les Amants magnifiques (Les Jeux Pithiens) : Menuet pour les Faunes et les Dryades &#8211; Ritournelle pour les fl\u00fbtes des Jeux Pytiens &#8211; Duo \u201cJouissons des plaisirs innocents\u201d<\/li>\n<li style=\"text-align: justify;\">Jean-Baptiste Lully (1632-1687), Monsieur de Pourceaugnac : Ch\u0153ur \u201cSus, sus, chantons tous ensemble\u201d<\/li>\n<li style=\"text-align: justify;\">Mise en espace, Marie Lambert-Le Bihan<\/li>\n<li style=\"text-align: justify;\">Chor\u00e9graphie, Hubert Hazebroucq<\/li>\n<li style=\"text-align: justify;\">Choix des textes et dramaturgie, Vincent Boussard<\/li>\n<li style=\"text-align: justify;\">St\u00e9phane Facco, r\u00e9citant et basse<\/li>\n<li style=\"text-align: justify;\">Emmanuelle De Negri, dessus<\/li>\n<li style=\"text-align: justify;\">Claire Debono, dessus<\/li>\n<li style=\"text-align: justify;\">Cyril Auvity, haute-contre<\/li>\n<li style=\"text-align: justify;\">Marc Mauillon, basse-taille<\/li>\n<li style=\"text-align: justify;\">Cyril Costanzo, basse<\/li>\n<li style=\"text-align: justify;\">Danseurs de la Compagnie Les Corps Eloquents : Hubert Hazebroucq, Antonin Pinget, Guillaume Jablonka, Marius Lamothe<\/li>\n<li style=\"text-align: justify;\">Les Arts Florissants<\/li>\n<li style=\"text-align: justify;\">William Christie, direction<\/li>\n<\/ul>\n<h6 style=\"text-align: justify;\">7 &#8211; M\u00e9ditations \u00e0 l&rsquo;aube de la nuit : Le Lay de la Fonteinne<\/h6>\n<div id=\"attachment_3227\" style=\"width: 260px\" class=\"wp-caption alignright\"><a href=\"http:\/\/erikcarnets.fr\/wp-content\/uploads\/20220826_221510-scaled.jpg\" target=\"_blank\" rel=\"noopener\"><img loading=\"lazy\" decoding=\"async\" aria-describedby=\"caption-attachment-3227\" class=\"wp-image-3227\" src=\"http:\/\/erikcarnets.fr\/wp-content\/uploads\/20220826_221510-146x300.jpg\" alt=\"\" width=\"250\" height=\"514\" srcset=\"https:\/\/erikcarnets.fr\/wp-content\/uploads\/20220826_221510-146x300.jpg 146w, https:\/\/erikcarnets.fr\/wp-content\/uploads\/20220826_221510-498x1024.jpg 498w, https:\/\/erikcarnets.fr\/wp-content\/uploads\/20220826_221510-768x1580.jpg 768w, https:\/\/erikcarnets.fr\/wp-content\/uploads\/20220826_221510-747x1536.jpg 747w, https:\/\/erikcarnets.fr\/wp-content\/uploads\/20220826_221510-996x2048.jpg 996w, https:\/\/erikcarnets.fr\/wp-content\/uploads\/20220826_221510-scaled.jpg 1244w\" sizes=\"auto, (max-width: 250px) 100vw, 250px\" \/><\/a><p id=\"caption-attachment-3227\" class=\"wp-caption-text\">Porche de l&rsquo;\u00e9glise de Thir\u00e9.<\/p><\/div>\n<p style=\"text-align: justify;\">Apr\u00e8s une petite d\u00e9ambulation nocturne dans les rues de Thir\u00e9, voici une partie du public qui se retrouve devant l\u2019\u00e9glise pour attendre le dernier concert : les fameuses M\u00e9ditations \u00e0 l\u2019aube de la nuit. Les ann\u00e9es passent mais le b\u00e2timent ne semble pas encore b\u00e9n\u00e9ficier des restaurations qui fleurissent dans le centre ville o\u00f9 William Christie installe son quartier des artistes par exemple. L\u2019\u00e9glise pourrait sans doute \u00eatre plus belle avec soit une r\u00e9fection des peintures blanches, soit encore mieux une recherche des \u00e9ventuels vestiges d\u2019une d\u00e9coration murale. Mais peu importe car le but est d\u2019\u00e9couter avant tout. Et ce soir, c\u2019est \u00e0 priori une premi\u00e8re pour le festival avec une pi\u00e8ce de Guillaume de Machaut. Compositeur du XIVe si\u00e8cle mais aussi po\u00e8te, il a codifi\u00e9 et fix\u00e9 une partie des pratiques de l\u2019\u00e9poque tout en apportant sa vision de la musique et des textes. Ce soir, c\u2019est <em>Le Lay de la Fonteinne<\/em> qui nous est propos\u00e9, grand po\u00e8me sur l\u2019amour. Chant\u00e9 par trois \u201cvoix \u00e9gales\u201d, le principe ainsi que nous l\u2019explique Paul Agnew est de faire chanter le premier couplet par un chanteur, puis les trois chantent en canon la m\u00eame m\u00e9lodie, puis un autre chanteur chante seul le couplet suivant, puis les trois, puis le dernier chanteur\u2026 et ainsi de suite. Il s\u2019en suit un c\u00f4t\u00e9 assez hypnotique dans le chant, surtout avec les trois chanteurs pr\u00e9sents. <strong>Marc Mauillon<\/strong> a beaucoup chant\u00e9 ce r\u00e9pertoire et semble l\u2019instigateur de cette initiative. Sa voix raide, pr\u00e9cise et au chant tr\u00e8s net impressionne imm\u00e9diatement. Mais ce qui fascine c\u2019est d\u2019entendre aussi les fa\u00e7ons qu\u2019ont Cyril Auvity et Paul Agnew de chanter apr\u00e8s. <strong>Cyril Auvit<\/strong>y a une voix plus claire, plus ronde aussi et se montre peut-\u00eatre moins stricte dans son chant que le sp\u00e9cialiste mais tout en conservant une certaine rectitude vocale n\u00e9cessaire \u00e0 ce r\u00e9pertoire. <strong>Paul Agnew<\/strong> enfin donne \u00e0 entendre cette voix l\u00e9g\u00e8rement \u00e9touff\u00e9e, l\u00e9g\u00e8rement ouat\u00e9e\u2026 et l\u00e0 aussi une rigueur dans le chant. Les parties solistes sont magnifiques car bien diff\u00e9renci\u00e9es \u00e0 la fois par le timbre et par la fa\u00e7on de faire de chacun. Mais ils se rassemblent dans les trios et l\u00e0 on est fascin\u00e9 par le m\u00e9lange de ces trois voix diff\u00e9rentes mais qui se r\u00e9pondent admirablement, cr\u00e9ant des harmonies sublimes et des effets de voix superbes! Malheureusement aucune captation ne semble avoir eu lieu. Et m\u00eame visuellement, les trois assis en carr\u00e9 dont un c\u00f4t\u00e9 serait le public, chacun totalement concentr\u00e9 sur son chant et sur le rythme. Immense moment de musique et d\u00e9couverte d\u2019une \u0153uvre superbe.<\/p>\n<div id=\"attachment_3226\" style=\"width: 510px\" class=\"wp-caption aligncenter\"><a href=\"http:\/\/erikcarnets.fr\/wp-content\/uploads\/Meditations_machaut_6.jpg\" target=\"_blank\" rel=\"noopener\"><img loading=\"lazy\" decoding=\"async\" aria-describedby=\"caption-attachment-3226\" class=\"wp-image-3226\" src=\"http:\/\/erikcarnets.fr\/wp-content\/uploads\/Meditations_machaut_6-300x200.jpg\" alt=\"\" width=\"500\" height=\"333\" srcset=\"https:\/\/erikcarnets.fr\/wp-content\/uploads\/Meditations_machaut_6-300x200.jpg 300w, https:\/\/erikcarnets.fr\/wp-content\/uploads\/Meditations_machaut_6-1024x683.jpg 1024w, https:\/\/erikcarnets.fr\/wp-content\/uploads\/Meditations_machaut_6-768x512.jpg 768w, https:\/\/erikcarnets.fr\/wp-content\/uploads\/Meditations_machaut_6.jpg 1200w\" sizes=\"auto, (max-width: 500px) 100vw, 500px\" \/><\/a><p id=\"caption-attachment-3226\" class=\"wp-caption-text\">Marc Mauillon, Cyril Auvity et Paul Agnew dans l&rsquo;\u00e9glise de Thir\u00e9.<\/p><\/div>\n<p>Bien s\u00fbr, le public ne sera pas aussi calme que souhait\u00e9 pour sortir, surtout apr\u00e8s une telle prestation\u2026 mais finalement, on commence \u00e0 avoir l\u2019habitude de ce manque de retenue, les gens parlant imm\u00e9diatement ou presque apr\u00e8s la sortie des chanteurs, n\u2019attendant m\u00eame pas d\u2019\u00eatre hors de l\u2019\u00e9glise.<\/p>\n<p>&nbsp;<\/p>\n<ul>\n<li style=\"text-align: justify;\">Thir\u00e9<\/li>\n<li style=\"text-align: justify;\">Les Jardins de William Christie, \u00c9glise de Thir\u00e9<\/li>\n<li style=\"text-align: justify;\">26 ao\u00fbt 2022, 22h45<\/li>\n<li style=\"text-align: justify;\">M\u00e9ditations \u00e0 l\u2019aube de la nuit<\/li>\n<li style=\"text-align: justify;\">Guillaume de Machaut (1300-1377), Le Lay de la Fonteinne<\/li>\n<li style=\"text-align: justify;\">Paul Agnew<\/li>\n<li style=\"text-align: justify;\">Cyril Auvity<\/li>\n<li style=\"text-align: justify;\">Marc Mauillon<\/li>\n<\/ul>\n<p style=\"text-align: justify;\">Voil\u00e0 encore un bien beau s\u00e9jour dans ce magnifique cadre. Et quel programme\u2026 du baroque fran\u00e7ais, rien que \u00e7a\u2026 et pas n\u2019importe lequel puisque le plus r\u00e9cent n\u2019\u00e9tait autre que Charpentier. Donc la premi\u00e8re \u00e9cole et m\u00eame des incursions vers les si\u00e8cles pr\u00e9c\u00e9dents avec des airs de cours mais surtout ce Machaut qui termine la journ\u00e9e. Splendide et comme toujours totalement d\u00e9paysant!<\/p>\n","protected":false},"excerpt":{"rendered":"<p>C\u2019est lors de l\u2019\u00e9dition de 2015 que j\u2019avais d\u00e9couvert ces magnifiques jardins de William Christie. C\u2019\u00e9tait alors la quatri\u00e8me \u00e9dition de ce Festival dans les Jardins de William Christie qui [&hellip;]<\/p>\n","protected":false},"author":1,"featured_media":0,"comment_status":"open","ping_status":"closed","sticky":false,"template":"","format":"standard","meta":{"jetpack_post_was_ever_published":false,"_jetpack_newsletter_access":"","_jetpack_dont_email_post_to_subs":false,"_jetpack_newsletter_tier_id":0,"_jetpack_memberships_contains_paywalled_content":false,"_jetpack_memberships_contains_paid_content":false,"footnotes":"","jetpack_publicize_message":"","jetpack_publicize_feature_enabled":true,"jetpack_social_post_already_shared":true,"jetpack_social_options":{"image_generator_settings":{"template":"highway","default_image_id":0,"font":"","enabled":false},"version":2}},"categories":[28,59],"tags":[168,166,89,126,55,167,124,72,169,18,23,13],"class_list":["post-3209","post","type-post","status-publish","format-standard","hentry","category-concert","category-musique","tag-bousset","tag-campion","tag-charpentier-marc-antoine","tag-dambruis","tag-epoque_baroque","tag-jacquet-de-la-guerre","tag-le-camus","tag-lully","tag-machaut","tag-melodies","tag-opera","tag-recital","clearfix"],"jetpack_publicize_connections":[],"jetpack_featured_media_url":"","jetpack_shortlink":"https:\/\/wp.me\/p4G2uP-PL","jetpack_sharing_enabled":true,"_links":{"self":[{"href":"https:\/\/erikcarnets.fr\/index.php?rest_route=\/wp\/v2\/posts\/3209","targetHints":{"allow":["GET"]}}],"collection":[{"href":"https:\/\/erikcarnets.fr\/index.php?rest_route=\/wp\/v2\/posts"}],"about":[{"href":"https:\/\/erikcarnets.fr\/index.php?rest_route=\/wp\/v2\/types\/post"}],"author":[{"embeddable":true,"href":"https:\/\/erikcarnets.fr\/index.php?rest_route=\/wp\/v2\/users\/1"}],"replies":[{"embeddable":true,"href":"https:\/\/erikcarnets.fr\/index.php?rest_route=%2Fwp%2Fv2%2Fcomments&post=3209"}],"version-history":[{"count":3,"href":"https:\/\/erikcarnets.fr\/index.php?rest_route=\/wp\/v2\/posts\/3209\/revisions"}],"predecessor-version":[{"id":3480,"href":"https:\/\/erikcarnets.fr\/index.php?rest_route=\/wp\/v2\/posts\/3209\/revisions\/3480"}],"wp:attachment":[{"href":"https:\/\/erikcarnets.fr\/index.php?rest_route=%2Fwp%2Fv2%2Fmedia&parent=3209"}],"wp:term":[{"taxonomy":"category","embeddable":true,"href":"https:\/\/erikcarnets.fr\/index.php?rest_route=%2Fwp%2Fv2%2Fcategories&post=3209"},{"taxonomy":"post_tag","embeddable":true,"href":"https:\/\/erikcarnets.fr\/index.php?rest_route=%2Fwp%2Fv2%2Ftags&post=3209"}],"curies":[{"name":"wp","href":"https:\/\/api.w.org\/{rel}","templated":true}]}}