{"id":2959,"date":"2021-09-07T19:18:28","date_gmt":"2021-09-07T17:18:28","guid":{"rendered":"https:\/\/erikcarnets.fr\/?p=2959"},"modified":"2021-09-07T19:18:28","modified_gmt":"2021-09-07T17:18:28","slug":"bayreuth-delocalise-a-paris-pour-une-soiree","status":"publish","type":"post","link":"https:\/\/erikcarnets.fr\/?p=2959","title":{"rendered":"Bayreuth d\u00e9localis\u00e9 \u00e0 Paris pour une soir\u00e9e!"},"content":{"rendered":"<p style=\"text-align: justify;\"><a href=\"https:\/\/erikcarnets.fr\/?p=2959\" target=\"_blank\" rel=\"noopener\"><img loading=\"lazy\" decoding=\"async\" class=\"alignleft wp-image-2960 size-medium\" src=\"http:\/\/erikcarnets.fr\/wp-content\/uploads\/wagner_bayreuth_festspielhaus-300x300.jpg\" alt=\"\" width=\"300\" height=\"300\" srcset=\"https:\/\/erikcarnets.fr\/wp-content\/uploads\/wagner_bayreuth_festspielhaus-300x300.jpg 300w, https:\/\/erikcarnets.fr\/wp-content\/uploads\/wagner_bayreuth_festspielhaus-150x150.jpg 150w, https:\/\/erikcarnets.fr\/wp-content\/uploads\/wagner_bayreuth_festspielhaus-200x200.jpg 200w, https:\/\/erikcarnets.fr\/wp-content\/uploads\/wagner_bayreuth_festspielhaus.jpg 720w\" sizes=\"auto, (max-width: 300px) 100vw, 300px\" \/><\/a>Quelle surprise lors de l\u2019ouverture du programme de la premi\u00e8re partie de la saison de la Philharmonie de Paris que de voir une soir\u00e9e donn\u00e9e par l\u2019orchestre du Festival de Bayreuth! Cet ensemble compos\u00e9 de musiciens faisant partie des meilleurs orchestres d\u2019Europe ne joue habituellement jamais en dehors du cadre du Festival. Et m\u00eame l\u00e0 il est tr\u00e8s tr\u00e8s rare de le voir sur sc\u00e8ne, \u00e9tant avant tout un orchestre de fosse, et m\u00eame de fosse couverte vu la sp\u00e9cificit\u00e9 du Festspielhaus. Avec les jauges r\u00e9duites lors de l\u2019ouverture des r\u00e9servations, difficile d\u2019avoir une place ou du moins une bonne place. Il y a quelques semaines, devant l\u2019am\u00e9lioration des conditions sanitaires, la jauge a pu \u00eatre supprim\u00e9e et de nombreuses (tr\u00e8s bonnes) places ont pu ainsi ravir ceux qui n\u2019avaient pas r\u00e9ussi \u00e0 prendre des places auparavant (mais sans pour autant faire b\u00e9n\u00e9ficier de meilleures places \u00e0 ceux qui avaient r\u00e9ussi!). C\u2019est donc dans une salle quasi pleine et avec des musiciens non masqu\u00e9s que se d\u00e9roule ce concert, presque dans des conditions habituelles n\u2019\u00e9taient les masques du public.<!--more--><\/p>\n<p style=\"text-align: justify;\">Le wagn\u00e9rien \u00e9tait globalement tiraill\u00e9 entre deux id\u00e9es pour ce concert\u2026 D\u2019un c\u00f4t\u00e9 il y avait la venue exceptionnelle de l\u2019orchestre du Festival de Bayreuth avec Andris Nelsons \u00e0 sa t\u00eate ainsi que deux habitu\u00e9s du r\u00e9pertoire wagn\u00e9riens pour quelques pages chant\u00e9es. Mais d\u2019un autre c\u00f4t\u00e9, comment cautionner ce concert qui ne donne que des petits bouts des \u0153uvres du ma\u00eetre? Alors disons-le tout de suite, sur le principe, faire un r\u00e9cital Wagner comme pour ce concert ne me pose aucun probl\u00e8me. On fait bien de m\u00eame pour d\u2019autres compositeurs, je ne vois pas pourquoi l\u2019on ne ferait pas cela pour Wagner. D\u2019autant plus que le compositeur lui-m\u00eame a propos\u00e9 des arrangements pour isoler des parties de ses op\u00e9ras comme le duo entre Isolde et Tristan de l\u2019acte II o\u00f9 il a am\u00e9nag\u00e9 une fin permettant de terminer avant l\u2019arriv\u00e9e de Mark et de donner donc juste le duo avec l\u2019intervention de Brang\u00e4ne. Donc pourquoi pas ce programme puisque la pratique \u00e9tait valid\u00e9e par Wagner lui-m\u00eame. Par contre, il faut bien avouer que souvent, les r\u00e9solutions sont \u00e9tranges et manquent d\u2019inspiration. L\u2019exemple typique est la fin de cette <em>Marche fun\u00e8bre<\/em> qui n\u2019en finit pas de finir avec des accords qui se r\u00e9p\u00e8tent en s\u2019\u00e9puisant doucement. Difficile de savoir si ces arrangements sont de la main de Wagner ou des modifications faites par d\u2019autres compositeurs ou chefs\u2026 mais souvent le r\u00e9sultat n\u2019est vraiment pas \u00e0 la hauteur de la musique qui pr\u00e9c\u00e8de. On en viendrait presque \u00e0 pr\u00e9f\u00e9rer un arr\u00eat net et brutal. Car c\u2019est l\u00e0 la principale limite de donner des morceaux de Wagner : souvent le compositeur encha\u00eene directement sans arr\u00eat et donc il faut savoir comment couper la musique.<\/p>\n<div id=\"attachment_2963\" style=\"width: 510px\" class=\"wp-caption aligncenter\"><a href=\"http:\/\/erikcarnets.fr\/wp-content\/uploads\/wagner_bayreuth_orchestre.jpg\" target=\"_blank\" rel=\"noopener\"><img loading=\"lazy\" decoding=\"async\" aria-describedby=\"caption-attachment-2963\" class=\"wp-image-2963\" src=\"http:\/\/erikcarnets.fr\/wp-content\/uploads\/wagner_bayreuth_orchestre-300x200.jpg\" alt=\"\" width=\"500\" height=\"333\" srcset=\"https:\/\/erikcarnets.fr\/wp-content\/uploads\/wagner_bayreuth_orchestre-300x200.jpg 300w, https:\/\/erikcarnets.fr\/wp-content\/uploads\/wagner_bayreuth_orchestre-1024x682.jpg 1024w, https:\/\/erikcarnets.fr\/wp-content\/uploads\/wagner_bayreuth_orchestre-768x512.jpg 768w, https:\/\/erikcarnets.fr\/wp-content\/uploads\/wagner_bayreuth_orchestre-1536x1024.jpg 1536w, https:\/\/erikcarnets.fr\/wp-content\/uploads\/wagner_bayreuth_orchestre.jpg 2000w\" sizes=\"auto, (max-width: 500px) 100vw, 500px\" \/><\/a><p id=\"caption-attachment-2963\" class=\"wp-caption-text\">L&rsquo;Orchestre du Festival de Bayreuth, le 3 septembre 2021 \u00e0 Bayreuth dans le m\u00eame programme.<\/p><\/div>\n<p style=\"text-align: justify;\">L\u2019<strong>orchestre du Festival de Bayreuth<\/strong> est bien connu de par les nombreuses captations qui sont r\u00e9alis\u00e9es tous les ans. On retrouve donc ici toutes les qualit\u00e9s de cet ensemble de circonstance : une grande vari\u00e9t\u00e9 de couleurs, des nuances folles, des pupitres particuli\u00e8rement engag\u00e9s et une grande coh\u00e9rence du tout. On ne sait ce qu\u2019il faut louer ici : la qualit\u00e9 des instruments \u00e0 vents, l\u2019implication expressive des contrebasses, la nettet\u00e9 des cordes\u2026 Mais la grande diff\u00e9rence est qu\u2019ici nous les voyons. \u00c0 Bayreuth, la fosse est couverte et nous ne voyons donc jamais les instrumentistes. Ils sont ici les stars de la soir\u00e9e, bien \u00e0 la vue de tous sur la sc\u00e8ne de la Philharmonie de Paris. Et c\u2019est peut-\u00eatre justement l\u00e0 le souci\u2026 habitu\u00e9s \u00e0 jouer dans le cadre si particulier du Festspielhaus (avec sa fosse couverte), l\u2019orchestre sonne un peu brutal avec quelques soucis d\u2019\u00e9quilibre entre les pupitres. L\u2019acoustique totalement diff\u00e9rente et s\u00fbrement aussi le placement font que les cuivres couvrent souvent l\u2019orchestre alors que jou\u00e9s de la m\u00eame fa\u00e7on \u00e0 Bayreuth l\u2019\u00e9quilibre serait sans doute parfait.<\/p>\n<p style=\"text-align: justify;\"><strong>Andris Nelsons<\/strong> conna\u00eet bien Bayreuth pour y avoir dirig\u00e9 non seulement quelques concerts du m\u00eame format que celui de ce soir, mais surtout pour avoir dirig\u00e9 pendant cinq ans la fameuse production de Neuenfels de <em>Lohengrin<\/em>. Et cette proximit\u00e9 entre l\u2019orchestre, le chef et <em>Lohengrin<\/em> est particuli\u00e8rement visible dans ce d\u00e9but de concert. Les nuances, la finesse du d\u00e9tail, l\u2019intelligence de la direction\u2026 tout ici est parfaitement dos\u00e9 et ma\u00eetris\u00e9, retrouvant sans doute les habitudes de cinq ans de succ\u00e8s musical. Le pr\u00e9lude est un mod\u00e8le de d\u00e9licatesse au d\u00e9but, les cordes sortant comme du n\u00e9ant avant que la partition ne s&rsquo;enflamme par le suite. Tout <em>Lohengrin<\/em> baigne dans cette m\u00eame facilit\u00e9, dans ce naturel qui magnifie la partition sans l\u2019alourdir. <em>Parsifal<\/em> sera dans la m\u00eame veine m\u00eame si l\u2019on sent une moins grande proximit\u00e9 entre le chef et cette partition. Aucune faute de go\u00fbt pour le pr\u00e9lude ou l\u2019Enchantement du Vendredi Saint, tout y est parfaitement en place. Mais on n\u2019y retrouve pas l\u2019inspiration pr\u00e9c\u00e9dente. Ainsi l\u2019Enchantement par exemple manque d\u2019emphase religieuse et reste un peu trop plat. La Chevauch\u00e9e qui ouvre la deuxi\u00e8me partie au contraire est pleine d\u2019\u00e9nergie, d\u00e9bordant un peu du cadre mais permettant d&rsquo;appr\u00e9cier cette pi\u00e8ce m\u00eame en l\u2019absence des fi\u00e8res voix qui devraient chanter. Pour les extraits de <em>G\u00f6tterd\u00e4mmerung<\/em>, la baguette pr\u00e9cise et intelligence de Nelsons permet d\u2019entendre beaucoup de d\u00e9tails et de bien suivre le discours. On appr\u00e9cie la construction claire, permettant de voir o\u00f9 se trouve chacun des th\u00e8mes \u00e0 l\u2019orchestre. Dramatiquement la Marche Fun\u00e8bre suit une superbe progression \u00e9motionnelle malheureusement bris\u00e9e par ce final dont il est question plus haut. Pour terminer, il faut avouer que l\u2019Immolation est assez fascinante d\u2019un bout \u00e0 l\u2019autre, un vrai plaisir orchestral. Dommage que la soprano ne soit pas au niveau d\u2019un orchestre d\u00e9cha\u00een\u00e9 et survitamin\u00e9!<\/p>\n<div id=\"attachment_2962\" style=\"width: 510px\" class=\"wp-caption aligncenter\"><a href=\"http:\/\/erikcarnets.fr\/wp-content\/uploads\/wagner_bayreuth_nelsons.jpg\" target=\"_blank\" rel=\"noopener\"><img loading=\"lazy\" decoding=\"async\" aria-describedby=\"caption-attachment-2962\" class=\"wp-image-2962\" src=\"http:\/\/erikcarnets.fr\/wp-content\/uploads\/wagner_bayreuth_nelsons-300x200.jpg\" alt=\"\" width=\"500\" height=\"334\" srcset=\"https:\/\/erikcarnets.fr\/wp-content\/uploads\/wagner_bayreuth_nelsons-300x200.jpg 300w, https:\/\/erikcarnets.fr\/wp-content\/uploads\/wagner_bayreuth_nelsons-1024x683.jpg 1024w, https:\/\/erikcarnets.fr\/wp-content\/uploads\/wagner_bayreuth_nelsons-768x512.jpg 768w, https:\/\/erikcarnets.fr\/wp-content\/uploads\/wagner_bayreuth_nelsons-1536x1025.jpg 1536w, https:\/\/erikcarnets.fr\/wp-content\/uploads\/wagner_bayreuth_nelsons.jpg 2000w\" sizes=\"auto, (max-width: 500px) 100vw, 500px\" \/><\/a><p id=\"caption-attachment-2962\" class=\"wp-caption-text\">Andris Nelsons, le 3 septembre 2021 \u00e0 Bayreuth dans le m\u00eame programme.<\/p><\/div>\n<p style=\"text-align: justify;\">Justement, venons-en aux chanteurs\u2026 mais d\u2019abord \u00e0 la place qu\u2019ils occupent! Depuis quelques ann\u00e9es et quelques essais de diff\u00e9rents orchestres, il a \u00e9t\u00e9 assez d\u00e9montr\u00e9 que les chanteurs sont bien plus audibles dans cette vaste salle quand ils sont plus au milieu voir au fond de l\u2019orchestre. Les nombreuses venues du Mariinsky sous la direction de Gergiev par exemple nous ont donn\u00e9 <a href=\"https:\/\/erikcarnets.fr\/?p=1754\" target=\"_blank\" rel=\"noopener\">des<\/a> <a href=\"https:\/\/erikcarnets.fr\/?p=1988\" target=\"_blank\" rel=\"noopener\">Wagner<\/a> <a href=\"https:\/\/erikcarnets.fr\/?p=2321\" target=\"_blank\" rel=\"noopener\">superbes<\/a> o\u00f9 le placement des chanteurs permettait d\u2019avoir un bel \u00e9quilibre. La voix semble en effet s\u2019\u00e9lever plus facilement et cela permet aussi aux spectateurs sur le c\u00f4t\u00e9 de mieux profiter des chanteurs. Mais il est tout de m\u00eame bien rare qu\u2019un tel choix soit fait. Pour ce concert de Bayreuth, non seulement les chanteurs sont devant l\u2019orchestre, mais en plus l\u2019orchestre occupe encore plus de place qu\u2019\u00e0 l\u2019habitude, grignotant deux ou trois rangs sur l\u2019orchestre. Forc\u00e9ment, les chanteurs sont encore plus avanc\u00e9s! Donc encore plus de public sur les c\u00f4t\u00e9s qui sont frustr\u00e9s\u2026 et m\u00eame au deuxi\u00e8me balcon de face, on sent que la voix peine \u00e0 monter.. Il semble aussi que m\u00eame au fond du balcon l\u2019acoustique ne soit pas tr\u00e8s bonne (sans doute car les chanteurs sont du coup \u00e0 la m\u00eame hauteur que le premier rang de fauteuils). D\u00e9j\u00e0 que l\u2019orchestre \u00e9tait un peu puissant et prenait beaucoup de place, les pauvres chanteurs doivent lutter en plus avec cette position tr\u00e8s en avant qui les fait se retrouver \u00e0 la limite du grand r\u00e9flecteur central au plafond.<\/p>\n<div id=\"attachment_2961\" style=\"width: 510px\" class=\"wp-caption aligncenter\"><a href=\"http:\/\/erikcarnets.fr\/wp-content\/uploads\/wagner_bayreuth_goerke.jpg\" target=\"_blank\" rel=\"noopener\"><img loading=\"lazy\" decoding=\"async\" aria-describedby=\"caption-attachment-2961\" class=\"wp-image-2961\" src=\"http:\/\/erikcarnets.fr\/wp-content\/uploads\/wagner_bayreuth_goerke-300x200.jpg\" alt=\"\" width=\"500\" height=\"334\" srcset=\"https:\/\/erikcarnets.fr\/wp-content\/uploads\/wagner_bayreuth_goerke-300x200.jpg 300w, https:\/\/erikcarnets.fr\/wp-content\/uploads\/wagner_bayreuth_goerke-1024x683.jpg 1024w, https:\/\/erikcarnets.fr\/wp-content\/uploads\/wagner_bayreuth_goerke-768x512.jpg 768w, https:\/\/erikcarnets.fr\/wp-content\/uploads\/wagner_bayreuth_goerke-1536x1025.jpg 1536w, https:\/\/erikcarnets.fr\/wp-content\/uploads\/wagner_bayreuth_goerke.jpg 2000w\" sizes=\"auto, (max-width: 500px) 100vw, 500px\" \/><\/a><p id=\"caption-attachment-2961\" class=\"wp-caption-text\">Christine Goerke, le 3 septembre 2021 \u00e0 Bayreuth dans le m\u00eame programme.<\/p><\/div>\n<p style=\"text-align: justify;\">Pour l\u2019Immolation, c\u2019est <strong>Christine Goerke<\/strong> qui a \u00e9t\u00e9 appel\u00e9e. Le choix est assez \u00e9trange car a priori la chanteuse n\u2019a jamais foul\u00e9 les planches du Festspielhaus de Bayreuth. Peut-\u00eatre est-ce un premier contact pour une prochaine participation. Mais en tout \u00e9tat de cause, on esp\u00e8re que ce ne sera pas en Br\u00fcnnhilde. La chanteuse a pour elle un m\u00e9dium solide et rond ainsi qu\u2019une certaine aisance sc\u00e9nique pour habiter son personnage. Mais malheureusement le grave est assez pauvre et l\u2019aigu tr\u00e8s petit. Difficile pour elle \u00e9tant donn\u00e9 les conditions acoustiques de se faire entendre tout au long de la pi\u00e8ce. De plus, on sent en d\u00e9but d\u2019air que la voix est assez instable avec une ligne qui se d\u00e9robe, des aigus souvent bien bas\u2026 bref rien qui ne fasse une grande Br\u00fcnnhilde. Au fur et \u00e0 mesure, la justesse revient et la ligne se fait plus ferme mais les d\u00e9buts auront \u00e9t\u00e9 tr\u00e8s compliqu\u00e9s. Et la projection ne permet pas de passer le mur de son cr\u00e9\u00e9 par l\u2019orchestre. Il aurait mieux valu vu l\u2019acoustique de la salle une voix moins ronde et ample mais plus m\u00e9tallique pour percer l\u2019espace.<\/p>\n<div id=\"attachment_2964\" style=\"width: 510px\" class=\"wp-caption aligncenter\"><a href=\"http:\/\/erikcarnets.fr\/wp-content\/uploads\/wagner_bayreuth_vogt.jpg\" target=\"_blank\" rel=\"noopener\"><img loading=\"lazy\" decoding=\"async\" aria-describedby=\"caption-attachment-2964\" class=\"wp-image-2964\" src=\"http:\/\/erikcarnets.fr\/wp-content\/uploads\/wagner_bayreuth_vogt-300x200.jpg\" alt=\"\" width=\"500\" height=\"334\" srcset=\"https:\/\/erikcarnets.fr\/wp-content\/uploads\/wagner_bayreuth_vogt-300x200.jpg 300w, https:\/\/erikcarnets.fr\/wp-content\/uploads\/wagner_bayreuth_vogt-1024x683.jpg 1024w, https:\/\/erikcarnets.fr\/wp-content\/uploads\/wagner_bayreuth_vogt-768x512.jpg 768w, https:\/\/erikcarnets.fr\/wp-content\/uploads\/wagner_bayreuth_vogt-1536x1025.jpg 1536w, https:\/\/erikcarnets.fr\/wp-content\/uploads\/wagner_bayreuth_vogt.jpg 2000w\" sizes=\"auto, (max-width: 500px) 100vw, 500px\" \/><\/a><p id=\"caption-attachment-2964\" class=\"wp-caption-text\">Klaus Florian Vogt, le 3 septembre 2021 \u00e0 Bayreuth dans le m\u00eame programme.<\/p><\/div>\n<p style=\"text-align: justify;\">Et la d\u00e9monstration avait eu lieu juste avant avec <strong>Klaus Florian Vogt<\/strong>. J\u2019avoue que commen\u00e7ant par <em>Lohengrin<\/em>, j\u2019aurai r\u00eav\u00e9 d\u2019entendre \u00e0 nous la voix du t\u00e9nor s\u2019\u00e9lever d\u2019on ne sait o\u00f9 dans la salle pour sa premi\u00e8re entr\u00e9e, comme dans l\u2019ouvrage et particuli\u00e8rement \u00e0 Bayreuth dans la production dirig\u00e9e par Nelsons. Mais nous commen\u00e7ons par un air assez peu repr\u00e9sentatif qui lui permet sans doute de sentir la salle, de se chauffer. Car ensuite on retrouve tout l\u2019art du t\u00e9nor dans \u201cIn fernem Land\u201d. La voix ne semble pas avoir boug\u00e9 depuis bien des ann\u00e9es. Elle reste toujours aussi ferme et douce \u00e0 la fois, capable de nuances irr\u00e9elles mais aussi d\u2019un h\u00e9ro\u00efsme certain. Il conna\u00eet parfaitement le r\u00f4le qu\u2019il prom\u00e8ne sur toutes les plus grandes sc\u00e8nes du monde. Et \u00e0 l\u2019\u00e9coute on comprend combien il est totalement immerg\u00e9 dans ce personnage, combien il en conna\u00eet toutes les facettes musicales. Le d\u00e9but de \u201cMein lieber Schwan\u201d retrouve le c\u00f4t\u00e9 irr\u00e9el qu\u2019il avait d\u00e9j\u00e0 il y a dix ans. \u00c0 peine sent-on que la tenue est l\u00e9g\u00e8rement \u00e9court\u00e9e par s\u00e9curit\u00e9. Mais sinon, tout reste d\u2019une limpidit\u00e9 parfaite, d\u2019un engagement de tous les instants\u2026 et ce timbre toujours aussi fascinant. Certains le trouvent inexistant\u2026 personnellement je reste charm\u00e9 par la qualit\u00e9 musicale et les nuances qu\u2019il apporte, la clart\u00e9 de cette voix magnifique. Dans les deux extraits de <em>Parsifal<\/em>, on retrouve les m\u00eames qualit\u00e9s de souffle, de nuance, de caract\u00e9risation. Peut-\u00eatre un peu moins d\u2019imm\u00e9diatet\u00e9 dans l\u2019adh\u00e9sion au personnage propos\u00e9 par Vogt, mais apr\u00e8s quelques mesures on est comme toujours submerg\u00e9s par l\u2019\u00e9motion. On retrouve vraiment ce chaste fol, jeune et un peu na\u00eff. Loin des hommes faits et s\u00fbrs d\u2019eux, il y a quelque chose d\u2019adolescent dans le Parsifal de Vogt. Que ce soit le doute du \u201cAmfortas! Die Wunde!\u201d ou la hauteur du \u201cNur eine Waffe taugt\u201d, tout est l\u00e0 chez ce t\u00e9nor qui chante aussi depuis quelques ann\u00e9es ce r\u00f4le. Malgr\u00e9 un placement pas optimum pour cette premi\u00e8re partie, la voix r\u00e9sonne et sonne tout de m\u00eame parfaitement bien depuis le plus l\u00e9ger pianissimo jusqu\u2019au forte! Un vrai bonheur de retrouver ce t\u00e9nor qui nous change tellement des t\u00e9nors un peu brutaux ou sombres qui peuplent habituellement le r\u00e9pertoire wagn\u00e9rien!<\/p>\n<p style=\"text-align: justify;\">Alors bien s\u00fbr, apr\u00e8s des moments dramatiques comme le \u201cAmfortas! Die Wunde!\u201d port\u00e9 au plus haut par Klaus Florian Vogt, on attendait l\u2019arriv\u00e9e de Kundry et ce genre de moments est un peu frustrant. Mais quel plaisir tout de m\u00eame d\u2019entendre l\u2019ensemble de ces artistes jouer une musique qui leur est totalement naturelle car si souvent jou\u00e9e depuis des ann\u00e9es. On ressort baign\u00e9s de Wagner et avec une seule envie : \u00e9couter <em>Lohengrin<\/em>, <em>Parsifal<\/em> et <em>G\u00f6tterd\u00e4mmerung<\/em>!<\/p>\n<p style=\"text-align: justify;\">Le concert du 3 septembre \u00e0 Riga a \u00e9t\u00e9 diffus\u00e9 et est actuellement encore en \u00e9coute <a href=\"https:\/\/klasika.lsm.lv\/lv\/lr\/arhivs\/?adv=1&amp;d=3&amp;m=9&amp;y=2021&amp;d2&amp;m2&amp;y2&amp;channel=3&amp;keyword&amp;fbclid=IwAR38_Mys9-SzBaL12AdOUlxQRa6t0zOd60pY7RFZvgMXxIfkkqu0H3aRkV8\" target=\"_blank\" rel=\"noopener\">ICI<\/a> (\u00e0 19h). Celui du lendemain (premier acte de {Die Walk\u00fcre} avec les deux m\u00eames chanteurs auquel s&rsquo;ajoute G\u00fcnther Groissb\u00f6ck est aussi \u00e9coutable <a href=\"https:\/\/klasika.lsm.lv\/lv\/lr\/arhivs\/?channel=3&amp;y=2021&amp;m=9&amp;d=4&amp;fbclid=IwAR3mJcaJMGH43X8O3tb-PysNBy7vScCusEt-uSohah4_CG3HhmnJbF8lTiI\" target=\"_blank\" rel=\"noopener\">ICI<\/a> (\u00e0 19h).<\/p>\n<ul>\n<li>Paris<\/li>\n<li>Grande salle Pierre Boulez, Philharmonie de Paris<\/li>\n<li>1er septembre 2021<\/li>\n<li>Richard Wagner (1813-1883), Lohengrin : \u201cH\u00f6chtes Vertrau\u2019n hast du mir schon zu danken\u201d &#8211; \u201cIn fernem Land\u201d &#8211; \u201cMein lieber Schwan\u201d<\/li>\n<li>Richard Wagner (1813-1883), Parsifal : Pr\u00e9lude de l\u2019acte I &#8211; \u201cAmfortas! Die Wunde\u201d &#8211; Enchantement du Vendredi Saint &#8211; \u201cNur eine Waffe taugt\u201d<\/li>\n<li>Richard Wagner (1813-1883), Die Walk\u00fcre : Chevauch\u00e9e des Walkyries<\/li>\n<li>Richard Wagner (1813-1883), G\u00f6tterd\u00e4mmerung : Voyage de Siegfried sur le Rhin &#8211; Marche fun\u00e8bre de Siegfried &#8211; Immolation de Br\u00fcnnhilde<\/li>\n<li>Klaus Florian Vogt, t\u00e9nor<\/li>\n<li>Christine Goerke, soprano<\/li>\n<li>Orchestre du Festival de Bayreuth<\/li>\n<li>Andris Nelsons, direction<\/li>\n<\/ul>\n","protected":false},"excerpt":{"rendered":"<p>Quelle surprise lors de l\u2019ouverture du programme de la premi\u00e8re partie de la saison de la Philharmonie de Paris que de voir une soir\u00e9e donn\u00e9e par l\u2019orchestre du Festival de [&hellip;]<\/p>\n","protected":false},"author":1,"featured_media":0,"comment_status":"open","ping_status":"closed","sticky":false,"template":"","format":"standard","meta":{"jetpack_post_was_ever_published":false,"_jetpack_newsletter_access":"","_jetpack_dont_email_post_to_subs":false,"_jetpack_newsletter_tier_id":0,"_jetpack_memberships_contains_paywalled_content":false,"_jetpack_memberships_contains_paid_content":false,"footnotes":"","jetpack_publicize_message":"","jetpack_publicize_feature_enabled":true,"jetpack_social_post_already_shared":true,"jetpack_social_options":{"image_generator_settings":{"template":"highway","default_image_id":0,"font":"","enabled":false},"version":2}},"categories":[28,3],"tags":[57,23,13,10],"class_list":["post-2959","post","type-post","status-publish","format-standard","hentry","category-concert","category-musique_classique","tag-epoque_romantique","tag-opera","tag-recital","tag-wagner","clearfix"],"jetpack_publicize_connections":[],"jetpack_featured_media_url":"","jetpack_shortlink":"https:\/\/wp.me\/p4G2uP-LJ","jetpack_sharing_enabled":true,"_links":{"self":[{"href":"https:\/\/erikcarnets.fr\/index.php?rest_route=\/wp\/v2\/posts\/2959","targetHints":{"allow":["GET"]}}],"collection":[{"href":"https:\/\/erikcarnets.fr\/index.php?rest_route=\/wp\/v2\/posts"}],"about":[{"href":"https:\/\/erikcarnets.fr\/index.php?rest_route=\/wp\/v2\/types\/post"}],"author":[{"embeddable":true,"href":"https:\/\/erikcarnets.fr\/index.php?rest_route=\/wp\/v2\/users\/1"}],"replies":[{"embeddable":true,"href":"https:\/\/erikcarnets.fr\/index.php?rest_route=%2Fwp%2Fv2%2Fcomments&post=2959"}],"version-history":[{"count":1,"href":"https:\/\/erikcarnets.fr\/index.php?rest_route=\/wp\/v2\/posts\/2959\/revisions"}],"predecessor-version":[{"id":2965,"href":"https:\/\/erikcarnets.fr\/index.php?rest_route=\/wp\/v2\/posts\/2959\/revisions\/2965"}],"wp:attachment":[{"href":"https:\/\/erikcarnets.fr\/index.php?rest_route=%2Fwp%2Fv2%2Fmedia&parent=2959"}],"wp:term":[{"taxonomy":"category","embeddable":true,"href":"https:\/\/erikcarnets.fr\/index.php?rest_route=%2Fwp%2Fv2%2Fcategories&post=2959"},{"taxonomy":"post_tag","embeddable":true,"href":"https:\/\/erikcarnets.fr\/index.php?rest_route=%2Fwp%2Fv2%2Ftags&post=2959"}],"curies":[{"name":"wp","href":"https:\/\/api.w.org\/{rel}","templated":true}]}}