{"id":2905,"date":"2021-07-29T13:56:41","date_gmt":"2021-07-29T11:56:41","guid":{"rendered":"http:\/\/erikcarnets.fr\/?p=2905"},"modified":"2021-07-30T15:56:37","modified_gmt":"2021-07-30T13:56:37","slug":"le-cygne-noir-monteverdi-et-ses-contemporains-au-festival-daix-en-provence-par-sebastien-dauce","status":"publish","type":"post","link":"https:\/\/erikcarnets.fr\/?p=2905","title":{"rendered":"Le Cygne Noir : Monteverdi et ses contemporains au Festival d&rsquo;Aix-en-Provence"},"content":{"rendered":"<p style=\"text-align: justify;\"><a href=\"http:\/\/erikcarnets.fr\/?p=2905\" target=\"_blank\" rel=\"noopener\"><img loading=\"lazy\" decoding=\"async\" class=\"alignleft wp-image-2911 size-medium\" src=\"http:\/\/erikcarnets.fr\/wp-content\/uploads\/cygne_noir6-300x300.jpg\" alt=\"\" width=\"300\" height=\"300\" srcset=\"https:\/\/erikcarnets.fr\/wp-content\/uploads\/cygne_noir6-300x300.jpg 300w, https:\/\/erikcarnets.fr\/wp-content\/uploads\/cygne_noir6-150x150.jpg 150w, https:\/\/erikcarnets.fr\/wp-content\/uploads\/cygne_noir6-200x200.jpg 200w, https:\/\/erikcarnets.fr\/wp-content\/uploads\/cygne_noir6.jpg 682w\" sizes=\"auto, (max-width: 300px) 100vw, 300px\" \/><\/a>Le Festival d\u2019Aix-en-Provence est renomm\u00e9 pour Mozart et les cr\u00e9ations, mais aussi depuis quelques ann\u00e9es par des productions d\u2019ouvrages romantiques de prestige comme <em>Tristan und Isolde<\/em> pour 2021. Mais l\u2019ADN du festival est aussi porteur de g\u00e8nes baroques bien s\u00fbr, qu\u2019ils soient italiens ou fran\u00e7ais. Apr\u00e8s l\u2019annulation malheureuse de tout le Festival l\u2019ann\u00e9e derni\u00e8re et en particulier de <em>L\u2019Incoronazione di Poppea<\/em>, voici un spectacle enti\u00e8rement d\u00e9volu au baroque et m\u00eame on pourrait dire au premier baroque italien tant il est centr\u00e9 sur Monteverdi, ses contemporains et ses descendants directs. Pas d\u2019ouvrage complet mais une sorte de pasticcio avec comme pi\u00e8ce centrale le fameux <em>Combatimento di Tancredi e Clorinda<\/em> de Monteverdi. Et pour nous faire entendre des ouvrages souvent rares, un grand habitu\u00e9 des r\u00e9surrections a \u00e9t\u00e9 convoqu\u00e9 en la personne de S\u00e9bastien Dauc\u00e9 accompagn\u00e9 de son Ensemble Correspondance. Le choix du Th\u00e9\u00e2tre du Jeu de Paume est aussi une excellente id\u00e9e tant le cadre permet de profiter de tous les d\u00e9tails, mais aussi d\u2019\u00eatre proche de la sc\u00e8ne o\u00f9 Silvia Costa a concoct\u00e9 un spectacle assez \u00e9trange.<!--more--><\/p>\n<p style=\"text-align: justify;\">Le spectacle s&rsquo;intitule <em>Combattimento, la th\u00e9orie du Cygne Noir<\/em>. Mais d\u2019abord, qu\u2019est-ce qu\u2019un \u201cCygne Noir\u201d ? Un Cygne Noir est un \u00e9v\u00e8nement inattendu qui va demander une travail de deuil et d\u2019acceptation pour que la soci\u00e9t\u00e9 puisse par la suite se reconstruire et repartir de l\u2019avant. Dans le spectacle qui nous occupe, l&rsquo;\u00e9v\u00e9nement est la mort de Clorinde. Voici donc le point de d\u00e9part d\u2019une soir\u00e9e qui r\u00e9unit de magnifiques partitions sources de grandes \u00e9motions. La dramaturgie d\u2019<strong>Antonio Cuenca Ruiz<\/strong> et Silvia Costa veut donc nous montrer cette reconstruction d\u2019une communaut\u00e9. La soir\u00e9e sera donc d\u00e9coup\u00e9e en plusieurs moments :<\/p>\n<ul>\n<li style=\"text-align: justify;\">Prologue : premi\u00e8re partie du <em>Hor che\u2019l ciel e la terra<\/em> de Monteverdi<\/li>\n<li style=\"text-align: justify;\">I. Combat : <em>Il combattimento di Tancredi e Clorinda<\/em><\/li>\n<li style=\"text-align: justify;\">II. Lamentations : jusqu\u2019\u00e0 la berceuse de Tarquinio Merula (Lamentation de la M\u00e8re, Lamentation de la Fille, Chanson de la Mer)<\/li>\n<li style=\"text-align: justify;\">III. Soul\u00e8vement et Reconstruction : jusqu\u2019a \u201cDa l\u2019oriente sorgo ridente\u201d (Le Ballet des Fant\u00f4mes, La Nuit, Le Sommeil et sa Suite, La Renaissance et l\u2019Aurore)<\/li>\n<li style=\"text-align: justify;\">\u00c9pilogue : deuxi\u00e8me partie du <em>Hor che\u2019l ciel e la terra<\/em> de Monteverdi<\/li>\n<\/ul>\n<div id=\"attachment_2909\" style=\"width: 510px\" class=\"wp-caption aligncenter\"><a href=\"http:\/\/erikcarnets.fr\/wp-content\/uploads\/cygne_noir4.jpg\" target=\"_blank\" rel=\"noopener\"><img loading=\"lazy\" decoding=\"async\" aria-describedby=\"caption-attachment-2909\" class=\"wp-image-2909\" src=\"http:\/\/erikcarnets.fr\/wp-content\/uploads\/cygne_noir4-300x200.jpg\" alt=\"\" width=\"500\" height=\"333\" srcset=\"https:\/\/erikcarnets.fr\/wp-content\/uploads\/cygne_noir4-300x200.jpg 300w, https:\/\/erikcarnets.fr\/wp-content\/uploads\/cygne_noir4-768x512.jpg 768w, https:\/\/erikcarnets.fr\/wp-content\/uploads\/cygne_noir4.jpg 1024w\" sizes=\"auto, (max-width: 500px) 100vw, 500px\" \/><\/a><p id=\"caption-attachment-2909\" class=\"wp-caption-text\">I. Le Combat (Julie Roset, Val\u00e9rio Contaldo, \u00c9tienne Bazola)<\/p><\/div>\n<p style=\"text-align: justify;\">Pour ce faire, <strong>Silvia Costa<\/strong> nous donne \u00e0 feuilleter un grand livre d\u2019images qui peuvent \u00eatre magnifiques visuellement, mais aussi \u00eatre assez complexes \u00e0 interpr\u00e9ter. Le prologue se passe dans un noir quasi complet d\u2019o\u00f9 \u00e9mergent les voix des chanteurs, silhouettes sombres seulement \u00e9clair\u00e9es par quelques traits de lumi\u00e8re. Il faut avouer que la partie concernant le combat sera assez complexe \u00e0 analyser. Si visuellement les images peuvent \u00eatre belles avec ces deux amants v\u00eatus de blanc (costumes \u00e0 tiroirs tr\u00e8s ing\u00e9nieux permettant de faire appara\u00eetre des oriflammes) de part et d\u2019autre du r\u00e9citant v\u00eatu en noir, on peine \u00e0 comprendre la symbolique. On croirait \u00eatre dans un cabinet d\u2019ophtalmologie avec ces cibles, ces deux parties rouges et vertes, ces lettres de plus en plus petites&#8230; Mais quel est le rapport avec <em>Il Combattimento di Tancredi et Clorinda<\/em>? Serait-ce pour signifier de fa\u00e7on peu d\u00e9licate l\u2019aveuglement de Tancr\u00e8de qui ne veut pas voir contre qui il doit se battre? Il aurait sans doute \u00e9t\u00e9 plus simple de le signifier par un autre moyen que par ces couleurs assez violentes qui peuvent surprendre mais finalement lasser, tout comme ces n\u00e9ons figurant les lances des chevaliers. Les lamentations verront une sc\u00e9nographie plus sobre, nous emmenant plus chez les premiers colons am\u00e9ricains ou toute autre religion s\u00e9v\u00e8re avec ces costumes noirs et la petite collerette blanche. Ici des images fortes comme celle de Lucile Richardot traversant la sc\u00e8ne en tirant une enclume, symbole du poids de sa douleur apr\u00e8s avoir camp\u00e9 une m\u00e8re d\u00e9plorant la perte d\u2019un enfant. De m\u00eame, l&rsquo;arriv\u00e9e de Julie Roset avec un petit cercueil sur la t\u00eate est une image forte\u2026 mais peu coh\u00e9rente avec le sous-titre de la partie. Nous sommes dans la lamentation de la fille mais ce que nous voyons ici est bien la lamentation d\u2019une m\u00e8re suite \u00e0 la perte d\u2019un enfant. Arrive la partie concernant le soul\u00e8vement et la reconstruction. J\u2019avoue ne pas avoir vu de soul\u00e8vement. L\u2019apparition d\u2019une carte sur laquelle des topographes tracent des routes, puis vont d\u00e9poser des \u00e9l\u00e9ments de maquette pour cr\u00e9er une ville id\u00e9ale fait plus penser \u00e0 des apprentis dieux voulant fonder leur civilisation. Difficile aussi de comprendre l\u2019arriv\u00e9e de ce champignon nucl\u00e9aire qui vient balayer tout leur travail alors que justement il semblait que la reconstruction \u00e9tait bien avanc\u00e9e. Mais Lucile Richardot en ma\u00eetresse d\u2019\u00e9cole d\u00e9truit tout le travail commun. Le calme reviendra avec l\u2019irruption du Sommeil qui inspire de nouvelles choses aux \u00e9l\u00e8ves pour leur prochaine cr\u00e9ation. Arrive ensuite une femme sur sc\u00e8ne, dont les v\u00eatements semblent la br\u00fbler avec cette fum\u00e9e qui s\u2019\u00e9chappe d\u2019elle. Quelle en est donc la signification alors que nous en sommes \u00e0 la partie Renaissance et Aurore? Finalement, cette femme va se d\u00e9shabiller totalement et s\u2019allonger lascivement au milieu de la maquette en ruine. Est-ce une r\u00e9f\u00e9rence \u00e0 un tableau? Difficile de ne pas penser par exemple \u00e0 <em>La Naissance de V\u00e9nus<\/em> de Botticelli ici. Mais m\u00eame avec une r\u00e9f\u00e9rence, le sens reste assez obscur pour la signification de ce personnage. Lorsque l\u2019on d\u00e9couvre dans le programme que la metteuse en sc\u00e8ne Silvia Costa collabore depuis 2008 \u00e0 presque toutes les productions sc\u00e9niques de Romeo Castellucci\u2026 on d\u00e9couvre que la compr\u00e9hension du sens par le spectateur n\u2019est pas forc\u00e9ment la priorit\u00e9 lors de la conception du spectacle!<\/p>\n<div id=\"attachment_2912\" style=\"width: 510px\" class=\"wp-caption aligncenter\"><a href=\"http:\/\/erikcarnets.fr\/wp-content\/uploads\/Alexandre_Cabanel_-_The_Birth_of_Venus_-_Google_Art_Project_2.jpg\" target=\"_blank\" rel=\"noopener\"><img loading=\"lazy\" decoding=\"async\" aria-describedby=\"caption-attachment-2912\" class=\"wp-image-2912\" src=\"http:\/\/erikcarnets.fr\/wp-content\/uploads\/Alexandre_Cabanel_-_The_Birth_of_Venus_-_Google_Art_Project_2-300x170.jpg\" alt=\"\" width=\"500\" height=\"284\" srcset=\"https:\/\/erikcarnets.fr\/wp-content\/uploads\/Alexandre_Cabanel_-_The_Birth_of_Venus_-_Google_Art_Project_2-300x170.jpg 300w, https:\/\/erikcarnets.fr\/wp-content\/uploads\/Alexandre_Cabanel_-_The_Birth_of_Venus_-_Google_Art_Project_2-1024x582.jpg 1024w, https:\/\/erikcarnets.fr\/wp-content\/uploads\/Alexandre_Cabanel_-_The_Birth_of_Venus_-_Google_Art_Project_2-768x436.jpg 768w, https:\/\/erikcarnets.fr\/wp-content\/uploads\/Alexandre_Cabanel_-_The_Birth_of_Venus_-_Google_Art_Project_2-1536x872.jpg 1536w, https:\/\/erikcarnets.fr\/wp-content\/uploads\/Alexandre_Cabanel_-_The_Birth_of_Venus_-_Google_Art_Project_2-2048x1163.jpg 2048w\" sizes=\"auto, (max-width: 500px) 100vw, 500px\" \/><\/a><p id=\"caption-attachment-2912\" class=\"wp-caption-text\">La Naissance de V\u00e9nus (Alexandre Cabanel, 1863)<\/p><\/div>\n<p style=\"text-align: justify;\">Mais apr\u00e8s tout, en dehors des bruits de sc\u00e8ne qui peuvent parfois un petit peu g\u00eaner, cette mise en sc\u00e8ne n\u2019emp\u00eache pas de profiter de l\u2019immense qualit\u00e9 de l\u2019interpr\u00e9tation musicale. <strong>S\u00e9bastien Dauc\u00e9<\/strong> a d\u00e9j\u00e0 montr\u00e9 tout son art dans le r\u00e9pertoire fran\u00e7ais avec des programmes aussi ambitieux que le <em>Concert Royal de la Nuit<\/em> ou dans des pi\u00e8ces plus resserr\u00e9es comme <em>La Descente d\u2019Orph\u00e9e aux Enfers<\/em> de <a href=\"http:\/\/erikcarnets.fr\/?p=1518\" target=\"_blank\" rel=\"noopener\">Charpentier<\/a>. On retrouve ici les m\u00eames qualit\u00e9s : il aime cette musique et en fait ressortir toute la force \u00e9motionnelle, sachant laisser sa juste place au texte sans oublier pour autant de faire vivre un magnifique continuo. D\u2019un bout \u00e0 l\u2019autre de la soir\u00e9e, les douze musiciens de l\u2019<strong>Ensemble Correspondance<\/strong> cr\u00e9ent avec la complicit\u00e9 de leur chef (au clavecin) un \u00e9crin sonore luxueusement d\u00e9taill\u00e9 mais jamais surcharg\u00e9. Il faut aussi saluer les choix musicaux et l\u2019agencement de ces derniers. Alternant avec bonheur des lamentations solistes ou des ensembles, passant de l\u2019op\u00e9ra \u00e0 la musique liturgique (avec les magnifiques <em>Le\u00e7ons de T\u00e9n\u00e8bre<\/em> de Tiburtio Massaino), nous avons un panorama vaste et vari\u00e9 de la musique de l\u2019\u00e9poque et des affects qu\u2019elle pouvait mettre en avant.<\/p>\n<div id=\"attachment_2908\" style=\"width: 510px\" class=\"wp-caption aligncenter\"><a href=\"http:\/\/erikcarnets.fr\/wp-content\/uploads\/cygne_noir3.jpg\" target=\"_blank\" rel=\"noopener\"><img loading=\"lazy\" decoding=\"async\" aria-describedby=\"caption-attachment-2908\" class=\"wp-image-2908\" src=\"http:\/\/erikcarnets.fr\/wp-content\/uploads\/cygne_noir3-300x200.jpg\" alt=\"\" width=\"500\" height=\"333\" srcset=\"https:\/\/erikcarnets.fr\/wp-content\/uploads\/cygne_noir3-300x200.jpg 300w, https:\/\/erikcarnets.fr\/wp-content\/uploads\/cygne_noir3-768x512.jpg 768w, https:\/\/erikcarnets.fr\/wp-content\/uploads\/cygne_noir3.jpg 1024w\" sizes=\"auto, (max-width: 500px) 100vw, 500px\" \/><\/a><p id=\"caption-attachment-2908\" class=\"wp-caption-text\">II. Lamentations : Lamentation de la M\u00e8re (Lucile Richardot \u00e0 gauche)<\/p><\/div>\n<p style=\"text-align: justify;\">Il est difficile de parler de tous les chanteurs car nous avons avant tout ici un groupe, un ensemble qui sait parfaitement s\u2019accorder pour nous faire vibrer avec des accords magnifiques suite \u00e0 l\u2019habitude qu\u2019ils ont de la polyphonie (la derni\u00e8re note du concert en est l\u2019exemple parfait, avec cette basse obstin\u00e9e d\u2019o\u00f9 se d\u00e9tachent les voix aigu\u00ebs!). Mais tout de m\u00eame, comment ne pas retenir quelques individualit\u00e9s favoris\u00e9es par le fait qu\u2019elles ont droit \u00e0 de grands moments solistes. Les plus habitu\u00e9s au r\u00e9pertoire semblent \u00eatre Lucile Richardot et Valerio Contaldo. Dans les deux cas nous avons une technique et un art de la variation assez impressionnants. Chaque mot est saisi et port\u00e9 avec sens. Et la voix si particuli\u00e8re de <strong>Lucile Richardot<\/strong>! Ce timbre imm\u00e9diatement reconnaissable permet de donner vie aux plus grandes figures tragiques et l\u2019air extrait de <em>La Didone<\/em> est un grand moment du concert. <strong>Valerio Contaldo<\/strong> se montre aussi tr\u00e8s bon dans le <em>Combattimento<\/em> entre autre, mais le timbre n\u2019est pas des plus beaux. Pour les autres chanteurs, on retiendra la beaut\u00e9 vocale l\u00e9g\u00e8re et fruit\u00e9e de <strong>Julie Roset<\/strong>, la force dramatique de <strong>Caroline Weynants<\/strong> parfaitement compl\u00e9mentaire dans le registre de soprano, le t\u00e9nor clair et bien projet\u00e9 de <strong>Antonin Rondepierre<\/strong> (lui aussi compl\u00e9mentaire du t\u00e9nor plus sombre de Contaldo) ou la basse magnifique de <strong>Nicolas Brooymans<\/strong>. Mais au final, c\u2019est avant tout le travail d\u2019ensemble qui est magnifique. Bien s\u00fbr, les individualit\u00e9s ressortent lors des parties solistes, mais on revient toujours \u00e0 cette magnifique polyphonie parfaitement dos\u00e9e et mise en place.<\/p>\n<div id=\"attachment_2907\" style=\"width: 510px\" class=\"wp-caption aligncenter\"><a href=\"http:\/\/erikcarnets.fr\/wp-content\/uploads\/cygne_noir2.jpg\" target=\"_blank\" rel=\"noopener\"><img loading=\"lazy\" decoding=\"async\" aria-describedby=\"caption-attachment-2907\" class=\"wp-image-2907\" src=\"http:\/\/erikcarnets.fr\/wp-content\/uploads\/cygne_noir2-300x200.jpg\" alt=\"\" width=\"500\" height=\"333\" srcset=\"https:\/\/erikcarnets.fr\/wp-content\/uploads\/cygne_noir2-300x200.jpg 300w, https:\/\/erikcarnets.fr\/wp-content\/uploads\/cygne_noir2-768x512.jpg 768w, https:\/\/erikcarnets.fr\/wp-content\/uploads\/cygne_noir2.jpg 1024w\" sizes=\"auto, (max-width: 500px) 100vw, 500px\" \/><\/a><p id=\"caption-attachment-2907\" class=\"wp-caption-text\">III. Soul\u00e8vement et Reconstruction<\/p><\/div>\n<p style=\"text-align: justify;\">Ce concert aura \u00e9t\u00e9 un grand moment musical, permettant de d\u00e9couvrir des pi\u00e8ces superbes et rares, mais aussi d\u2019entendre cette musique dans des conditions optimales. La mise en sc\u00e8ne n\u2019\u00e9tait certes pas tr\u00e8s compr\u00e9hensible et plut\u00f4t \u00e9trange, mais elle n&#8217;emp\u00eachait pas de rentrer dans la musique magnifiquement pr\u00e9par\u00e9e par S\u00e9bastien Dauc\u00e9. Avec l\u2019Ensemble Correspondance et les superbes solistes r\u00e9unis, voici une repr\u00e9sentation qui marque. Le concert a \u00e9t\u00e9 enregistr\u00e9 par France-Musique le 7 juillet et est disponible <a href=\"https:\/\/www.francemusique.fr\/emissions\/le-concert-de-20h\/combattimento-la-theorie-du-cygne-noir-en-direct-du-festival-d-aix-96606\" target=\"_blank\" rel=\"noopener\">ICI<\/a>.<\/p>\n<div id=\"attachment_2906\" style=\"width: 510px\" class=\"wp-caption aligncenter\"><a href=\"http:\/\/erikcarnets.fr\/wp-content\/uploads\/cygne_noir1.jpg\" target=\"_blank\" rel=\"noopener\"><img loading=\"lazy\" decoding=\"async\" aria-describedby=\"caption-attachment-2906\" class=\"wp-image-2906\" src=\"http:\/\/erikcarnets.fr\/wp-content\/uploads\/cygne_noir1-300x200.jpg\" alt=\"\" width=\"500\" height=\"333\" srcset=\"https:\/\/erikcarnets.fr\/wp-content\/uploads\/cygne_noir1-300x200.jpg 300w, https:\/\/erikcarnets.fr\/wp-content\/uploads\/cygne_noir1-768x512.jpg 768w, https:\/\/erikcarnets.fr\/wp-content\/uploads\/cygne_noir1.jpg 1024w\" sizes=\"auto, (max-width: 500px) 100vw, 500px\" \/><\/a><p id=\"caption-attachment-2906\" class=\"wp-caption-text\">III. Soul\u00e8vement et Reconstruction : Le Sommeil et sa suite (Valerio Contaldo)<\/p><\/div>\n<ul>\n<li>Aix-en-Provence<\/li>\n<li>Th\u00e9\u00e2tre du Jeu de Paume<\/li>\n<li>18 juillet 2021<\/li>\n<li>Mise en sc\u00e8ne, Silvia Costa ; Costumes, Laura Dondoli ; Lumi\u00e8re, Berd Purkrabek ; Dramaturgie, Antonio Cuenca Ruiz<\/li>\n<li>Giovanni Battista Buonamente (1595-1642), Sonata<\/li>\n<li>Claudio Monteverdi (1567-1643), Hor che\u2019l ciel e la terra, SV 147 (premi\u00e8re partie)<\/li>\n<li>Claudio Monteverdi (1567-1643), Il combattimento di Tancredi e Clorinda, SV 153 (VC, JR, EB)<\/li>\n<li>Tiburtio Massaino (1550-?), Musica super Threnos Jeremiae prophetae : Premi\u00e8re le\u00e7on de t\u00e9n\u00e8bres du premier jour<\/li>\n<li>Francesco Cavalli (1602-1676), La Didone : \u201cAlle ruine del mio regno\u201d (LR)<\/li>\n<li>Giacomo Carissimi (1605-1674), Christus factus est : Sonata<\/li>\n<li>Giacomo Carissimi (1605-1674), Historia di Jephte : \u201cPlorate colles\u201d (JR)<\/li>\n<li>Tiburtio Massaino (1550-?), Musica super Threnos Jeremiae prophetae : Deuxi\u00e8me le\u00e7on de t\u00e9n\u00e8bres du premier jour<\/li>\n<li>Tarquinio Merula (1695-1665), Canzonetta spirituale sopra alla nanna : \u201cHor ch\u2019e tempo di dormire\u201d (CW)<\/li>\n<li>Luigi Rossi (1597-1653), La cecita del misero mortale (LR, AR, CW, BS, NB)<\/li>\n<li>Luigi Rossi (1597-1653), Il Palazzo incantato : Sinfonia prima &#8211; Ballo dei Fantasmi<\/li>\n<li>Francesco Cavalli (1602-1676), Egisto : \u201cTenebrose mie squadre, ombre guerriere\u201d (LR)<\/li>\n<li>Tiburtio Massaino (1550-?), Musica super Threnos Jeremiae prophetae : Troisi\u00e8me le\u00e7on de t\u00e9n\u00e8bres du premier jour<\/li>\n<li>Francesco Cavalli (1602-1676), Gli amori di Apollo e Dafne : \u201cGi\u00e0 dell\u2019alba vicina) (VC, AR, BS, NB)<\/li>\n<li>Francesco Cavalli (1602-1676), Gli amori di Apollo e Dafne : \u201cSorgi bianco principio\u201d (NB, EB, AR)<\/li>\n<li>Francesco Cavalli (1602-1676), Egisto : \u201cDa l\u2019oriente sorgo ridente\u201d (JR)<\/li>\n<li>Claudio Monteverdi (1567-1643), Hor che\u2019l ciel e la terra, SV 147 (seconde partie)<\/li>\n<li>Juliet Roset \/ Caroline Weynants, soprano<\/li>\n<li>Lucile Richardot \/ Blandine de Sansal, mezzo-soprano<\/li>\n<li>Valerio Contaldo \/ Antonin Rondepierre, t\u00e9nor<\/li>\n<li>\u00c9tienne Bazola \/ Nicolas Brooymans, basse<\/li>\n<li>Ensemble Correspondances<\/li>\n<li>S\u00e9bastien Dauc\u00e9, direction<\/li>\n<\/ul>\n","protected":false},"excerpt":{"rendered":"<p>Le Festival d\u2019Aix-en-Provence est renomm\u00e9 pour Mozart et les cr\u00e9ations, mais aussi depuis quelques ann\u00e9es par des productions d\u2019ouvrages romantiques de prestige comme Tristan und Isolde pour 2021. Mais l\u2019ADN [&hellip;]<\/p>\n","protected":false},"author":1,"featured_media":0,"comment_status":"open","ping_status":"closed","sticky":false,"template":"","format":"standard","meta":{"jetpack_post_was_ever_published":false,"_jetpack_newsletter_access":"","_jetpack_dont_email_post_to_subs":false,"_jetpack_newsletter_tier_id":0,"_jetpack_memberships_contains_paywalled_content":false,"_jetpack_memberships_contains_paid_content":false,"footnotes":"","jetpack_publicize_message":"","jetpack_publicize_feature_enabled":true,"jetpack_social_post_already_shared":true,"jetpack_social_options":{"image_generator_settings":{"template":"highway","default_image_id":0,"font":"","enabled":false},"version":2}},"categories":[28,3],"tags":[164,142,55,163,109,39,24,23,87],"class_list":["post-2905","post","type-post","status-publish","format-standard","hentry","category-concert","category-musique_classique","tag-carissimi","tag-cavalli","tag-epoque_baroque","tag-massaino","tag-merula","tag-monteverdi","tag-musique-religieuse","tag-opera","tag-rossi","clearfix"],"jetpack_publicize_connections":[],"jetpack_featured_media_url":"","jetpack_shortlink":"https:\/\/wp.me\/p4G2uP-KR","jetpack_sharing_enabled":true,"_links":{"self":[{"href":"https:\/\/erikcarnets.fr\/index.php?rest_route=\/wp\/v2\/posts\/2905","targetHints":{"allow":["GET"]}}],"collection":[{"href":"https:\/\/erikcarnets.fr\/index.php?rest_route=\/wp\/v2\/posts"}],"about":[{"href":"https:\/\/erikcarnets.fr\/index.php?rest_route=\/wp\/v2\/types\/post"}],"author":[{"embeddable":true,"href":"https:\/\/erikcarnets.fr\/index.php?rest_route=\/wp\/v2\/users\/1"}],"replies":[{"embeddable":true,"href":"https:\/\/erikcarnets.fr\/index.php?rest_route=%2Fwp%2Fv2%2Fcomments&post=2905"}],"version-history":[{"count":5,"href":"https:\/\/erikcarnets.fr\/index.php?rest_route=\/wp\/v2\/posts\/2905\/revisions"}],"predecessor-version":[{"id":2917,"href":"https:\/\/erikcarnets.fr\/index.php?rest_route=\/wp\/v2\/posts\/2905\/revisions\/2917"}],"wp:attachment":[{"href":"https:\/\/erikcarnets.fr\/index.php?rest_route=%2Fwp%2Fv2%2Fmedia&parent=2905"}],"wp:term":[{"taxonomy":"category","embeddable":true,"href":"https:\/\/erikcarnets.fr\/index.php?rest_route=%2Fwp%2Fv2%2Fcategories&post=2905"},{"taxonomy":"post_tag","embeddable":true,"href":"https:\/\/erikcarnets.fr\/index.php?rest_route=%2Fwp%2Fv2%2Ftags&post=2905"}],"curies":[{"name":"wp","href":"https:\/\/api.w.org\/{rel}","templated":true}]}}