{"id":2777,"date":"2020-12-14T16:39:35","date_gmt":"2020-12-14T15:39:35","guid":{"rendered":"http:\/\/erikcarnets.fr\/?p=2777"},"modified":"2020-12-14T16:39:35","modified_gmt":"2020-12-14T15:39:35","slug":"archives-platee-dans-le-monde-de-la-mode-paris-2014","status":"publish","type":"post","link":"https:\/\/erikcarnets.fr\/?p=2777","title":{"rendered":"Archives : <i>Plat\u00e9e<\/i> dans le monde de la mode, Paris 2014"},"content":{"rendered":"<p style=\"text-align: justify;\"><a href=\"http:\/\/erikcarnets.fr\/?p=2777\" target=\"_blank\" rel=\"noopener noreferrer\"><img loading=\"lazy\" decoding=\"async\" class=\"alignleft wp-image-2783 size-medium\" src=\"http:\/\/erikcarnets.fr\/wp-content\/uploads\/platee_agnew_8-300x300.jpg\" alt=\"\" width=\"300\" height=\"300\" srcset=\"https:\/\/erikcarnets.fr\/wp-content\/uploads\/platee_agnew_8-300x300.jpg 300w, https:\/\/erikcarnets.fr\/wp-content\/uploads\/platee_agnew_8-150x150.jpg 150w, https:\/\/erikcarnets.fr\/wp-content\/uploads\/platee_agnew_8-200x200.jpg 200w, https:\/\/erikcarnets.fr\/wp-content\/uploads\/platee_agnew_8.jpg 450w\" sizes=\"auto, (max-width: 300px) 100vw, 300px\" \/><\/a>Archive toujours, mais d&rsquo;actualit\u00e9 puisque cette m\u00eame production a \u00e9t\u00e9 reprise \u00e0 Vienne ce mois-ci normalement pour des repr\u00e9sentations, mais finalement ce ne sera que pour une captation en vue d&rsquo;un DVD. Peu de changement dans la distribution, mais William Christie retrouve la direction de son ensemble contrairement aux repr\u00e9sentation de 2014 \u00e0 Paris.<\/p>\n<p style=\"text-align: justify;\">D\u00e8s l\u2019annonce de la saison, <em>Plat\u00e9e<\/em> figurait comme l\u2019un des sommets parisiens\u2026 William Christie et Robert Carsen nous promettaient d\u00e9j\u00e0 de belles r\u00e9alisations tant musicales que sc\u00e9niques, et la distribution alignait dans les r\u00f4les secondaires des noms plus que familiers dans ce r\u00e9pertoire ! Malgr\u00e9 le repos forc\u00e9 du chef des Arts Florissants, le succ\u00e8s est au rendez-vous\u2026<!--more--><\/p>\n<p style=\"text-align: justify;\"><strong>Robert Carsen<\/strong> a d\u00e9plac\u00e9 l\u2019intrigue du marais de la nymphe vers le milieu du luxe et de la mode\u2026 Plat\u00e9e n\u2019est donc plus un \u00eatre \u00e9trange, mais un \u00eatre en d\u00e9calage par rapport \u00e0 son milieu. Voulant se faire accepter par un milieu tr\u00e8s \u00ab branch\u00e9 \u00bb, elle accumule les gaffes sans r\u00e9ussir \u00e0 toucher ces personnes tr\u00e8s froides. Tout au long de la soir\u00e9e, le d\u00e9cor tr\u00e8s graphique (avec ces parois noires et r\u00e9fl\u00e9chissantes, ces meubles blancs ou acier) sera presque unique pour les trois actes, de gros \u00e9l\u00e9ments venant signifier le lieu voulu par le metteur en sc\u00e8ne (le bar, l\u2019escalier de d\u00e9filer, le grand lit). Carsen a bien compris la satyre originale de la pi\u00e8ce et nous la restitue avec force et intelligence. Sa production est non seulement graphiquement belle, mais elle poss\u00e8de aussi beaucoup de fluidit\u00e9 et de naturel dans sa direction d\u2019acteurs. Chaque r\u00f4le est d\u00e9taill\u00e9, travaill\u00e9\u2026 beaucoup de d\u00e9tails que ce soit chez les chanteurs, les acteurs ou le ch\u0153ur : on voit chaque personne du ch\u0153ur qui a son attitude, sa fa\u00e7on d\u2019occuper son temps. On assiste \u00e0 des apart\u00e9s (souvent Mercure\/Cith\u00e9ron) tr\u00e8s significatifs alors m\u00eame qu\u2019ils restent silencieux, des entr\u00e9es-sorties tr\u00e8s bien r\u00e9gl\u00e9es\u2026 Il faut dire que Robert Carsen peut s\u2019appuyer sur une troupe vraiment impliqu\u00e9e dans le travail. Apr\u00e8s les repr\u00e9sentations de Vienne et encore des r\u00e9p\u00e9titions pour Paris, les chanteurs sont assez parfaits dans leurs prestations sc\u00e9niques. Et puis Carsen sait m\u00e9nager petit \u00e0 petit une \u00e9volution dans le personnage principal\u2026 petit \u00e0 petit Plat\u00e9e passe du ridicule au triste\u2026 Elle nous fait bien s\u00fbr beaucoup rire \u00e0 son entr\u00e9e, mais on finit par avoir de l\u2019empathie pour cette personne rejet\u00e9e et moqu\u00e9e par un milieu cruel et violent qui se joue d\u2019elle pour donner une le\u00e7on \u00e0 un autre : m\u00e9pris et ridicule assez violents.<\/p>\n<div id=\"attachment_2780\" style=\"width: 510px\" class=\"wp-caption aligncenter\"><a href=\"http:\/\/erikcarnets.fr\/wp-content\/uploads\/platee_agnew_3.png\" target=\"_blank\" rel=\"noopener noreferrer\"><img loading=\"lazy\" decoding=\"async\" aria-describedby=\"caption-attachment-2780\" class=\"wp-image-2780\" src=\"http:\/\/erikcarnets.fr\/wp-content\/uploads\/platee_agnew_3-300x200.png\" alt=\"\" width=\"500\" height=\"333\" srcset=\"https:\/\/erikcarnets.fr\/wp-content\/uploads\/platee_agnew_3-300x200.png 300w, https:\/\/erikcarnets.fr\/wp-content\/uploads\/platee_agnew_3-768x511.png 768w, https:\/\/erikcarnets.fr\/wp-content\/uploads\/platee_agnew_3.png 850w\" sizes=\"auto, (max-width: 500px) 100vw, 500px\" \/><\/a><p id=\"caption-attachment-2780\" class=\"wp-caption-text\">Acte III, ballet<\/p><\/div>\n<p style=\"text-align: justify;\">Concernant les ballets, l\u2019int\u00e9gration dans le cours de l\u2019\u0153uvre est assez remarquable. La pertinence et l\u2019intelligence des r\u00e9alisations font que jamais on ne trouve longuet leur pr\u00e9sence. Habilement habit\u00e9s aussi derri\u00e8re les danseurs par une action des protagonistes, vari\u00e9s en fonction des situations, allant d\u2019une inspiration baroque \u00e0 une danse tr\u00e8s contemporaine, depuis la robotique froide jusqu\u2019\u00e0 un \u00e9rotisme tr\u00e8s explicite (d\u2019o\u00f9 l\u2019avertissement pour les moins de 12 ans !)\u2026 tout est l\u00e0, vari\u00e9, d\u00e9cal\u00e9 ou tr\u00e8s d\u00e9monstratifs. Grande r\u00e9ussite tant pour le travail du chor\u00e9graphe que pour le metteur en sc\u00e8ne et les danseurs. A cet \u00e9gard, il faut saluer la prestation de tous ces danseurs qui sont d\u2019un ensemble parfaits dans bien des situations et qui donnent beaucoup d\u2019\u00e9nergie tout au long du spectacle !<\/p>\n<div id=\"attachment_2782\" style=\"width: 510px\" class=\"wp-caption aligncenter\"><a href=\"http:\/\/erikcarnets.fr\/wp-content\/uploads\/platee_agnew_5.png\" target=\"_blank\" rel=\"noopener noreferrer\"><img loading=\"lazy\" decoding=\"async\" aria-describedby=\"caption-attachment-2782\" class=\"wp-image-2782\" src=\"http:\/\/erikcarnets.fr\/wp-content\/uploads\/platee_agnew_5-300x189.png\" alt=\"\" width=\"500\" height=\"315\" srcset=\"https:\/\/erikcarnets.fr\/wp-content\/uploads\/platee_agnew_5-300x189.png 300w, https:\/\/erikcarnets.fr\/wp-content\/uploads\/platee_agnew_5-768x484.png 768w, https:\/\/erikcarnets.fr\/wp-content\/uploads\/platee_agnew_5.png 850w\" sizes=\"auto, (max-width: 500px) 100vw, 500px\" \/><\/a><p id=\"caption-attachment-2782\" class=\"wp-caption-text\">Acte I<\/p><\/div>\n<p style=\"text-align: justify;\">Le remplacement de William Christie par <strong>Paul Agnew<\/strong> pouvait faire craindre une petite baisse de tension et de vie au niveau de l\u2019orchestre\u2026 si on ne peut juger de ce qu\u2019aurait fait William Christie, on peut tout de m\u00eame dire que la direction du chef \u00e9cossais est particuli\u00e8rement vivante et pr\u00e9cise. S\u2019appuyant sur un orchestre vraiment virtuose, Paul Agnew nous donne \u00e0 entendre une Plat\u00e9e un peu s\u00e8che mais jamais cassante, \u00e9vitant l\u2019amollissement de certains passages, tendant toujours \u00e0 faire danser ou vivre l\u2019histoire. Beaucoup de travail sur les couleurs et les rythmes ! Et n\u2019oublions pas non plus le ch\u0153ur des Arts Florissants qui se montre comme toujours impeccable de diction et de beaut\u00e9 sonore, mais qui est aussi un acteur majeur ici, prenant son r\u00f4le de foule fan de la mode tr\u00e8s \u00e0 c\u0153ur d\u2019un bout \u00e0 l\u2019autre.<\/p>\n<div id=\"attachment_2779\" style=\"width: 510px\" class=\"wp-caption aligncenter\"><a href=\"http:\/\/erikcarnets.fr\/wp-content\/uploads\/platee_agnew_2.png\" target=\"_blank\" rel=\"noopener noreferrer\"><img loading=\"lazy\" decoding=\"async\" aria-describedby=\"caption-attachment-2779\" class=\"wp-image-2779\" src=\"http:\/\/erikcarnets.fr\/wp-content\/uploads\/platee_agnew_2-300x196.png\" alt=\"\" width=\"500\" height=\"326\" srcset=\"https:\/\/erikcarnets.fr\/wp-content\/uploads\/platee_agnew_2-300x196.png 300w, https:\/\/erikcarnets.fr\/wp-content\/uploads\/platee_agnew_2-768x501.png 768w, https:\/\/erikcarnets.fr\/wp-content\/uploads\/platee_agnew_2.png 850w\" sizes=\"auto, (max-width: 500px) 100vw, 500px\" \/><\/a><p id=\"caption-attachment-2779\" class=\"wp-caption-text\">Acte II : Simone Kermes (La Folie)<\/p><\/div>\n<p style=\"text-align: justify;\">Ce qui est \u00e0 souligner dans cette production, c\u2019est la tr\u00e8s tr\u00e8s grande qualit\u00e9 des seconds r\u00f4les dans la distribution\u2026 On a bien quelques petites d\u00e9sillusions, comme le couple divin Jupiter\/Junon\u2026 Lui impressionne par sa prestance et son jeu mais la voix n\u2019a pas un grand impact. Le Momus de l\u2019op\u00e9ra (Jo\u00e3o Fernandes) aurait vocalement \u00e9t\u00e9 autrement plus tonnant et royal. Et pour Junon, \u00c9milie Renard est tout bonnement transparente tant vocalement que sc\u00e9niquement. Sa partie est courte, mais on pouvait esp\u00e9rer quand m\u00eame une voix plus tonnante et violente, propre \u00e0 rendre toute la rage du personnage\u2026 et l\u00e0 rien de tel n\u2019est visible ou m\u00eame \u00e9coutable\u2026 Jo\u00e3o Fernandes donc se tire bien de sa petite partie avec une voix de basse plut\u00f4t belle m\u00eame si elle n\u2019est pas la plus pr\u00e9cise qui soit. La Thalie de Virginie Thomas est tr\u00e8s fra\u00eeche et fine\u2026<\/p>\n<p style=\"text-align: justify;\">Mais les trois r\u00e9v\u00e9lations (enfin relatives vu qu\u2019ils ont d\u00e9j\u00e0 \u00e9clat\u00e9s dans d\u2019autres productions !) restent Emmanuelle de Negri, Cyrile Auvity et Marc Mauillon. Honneur aux dames\u2026 Emmanuelle de Negri propose un double r\u00f4le comme ses coll\u00e8gues : Amour dans le prologue et Clarine dans le premier acte. Son apparition dans le prologue est parfaite : on connait sa musicalit\u00e9 et sa voix fra\u00eeche et sonore, mais en plus elle entre dans ce ch\u00e9rubin avec facilit\u00e9 : d\u00e9marche un peu lourde, visage boudeur, intonation joueuse\u2026 Et sa Clarine est du m\u00eame ordre dans le r\u00f4le de l\u2019aide de Plat\u00e9e\u2026 gentille de face mais se moquant de sa ma\u00eetresse derri\u00e8re son dos ! Chant et diction parfaite, jeu impressionnant de naturel.<\/p>\n<div id=\"attachment_2781\" style=\"width: 510px\" class=\"wp-caption aligncenter\"><a href=\"http:\/\/erikcarnets.fr\/wp-content\/uploads\/platee_agnew_4.jpg\" target=\"_blank\" rel=\"noopener noreferrer\"><img loading=\"lazy\" decoding=\"async\" aria-describedby=\"caption-attachment-2781\" class=\"wp-image-2781\" src=\"http:\/\/erikcarnets.fr\/wp-content\/uploads\/platee_agnew_4-300x223.jpg\" alt=\"\" width=\"500\" height=\"372\" srcset=\"https:\/\/erikcarnets.fr\/wp-content\/uploads\/platee_agnew_4-300x223.jpg 300w, https:\/\/erikcarnets.fr\/wp-content\/uploads\/platee_agnew_4.jpg 560w\" sizes=\"auto, (max-width: 500px) 100vw, 500px\" \/><\/a><p id=\"caption-attachment-2781\" class=\"wp-caption-text\">Acte III : Cyril Auvity (Mercure), Marcel Beekman (Plat\u00e9e), Edwin Crossley-Mercer (Jupiter), Marc Mauillon (Citheron)<\/p><\/div>\n<p style=\"text-align: justify;\">Cyrile Auvity entre en Thespis\u2026 et donne le ton avec un personnage endormi, jouisseur et fou. L\u00e0 encore, le naturel de la composition imm\u00e9diat\u2026 et le chanteur parfait dans toutes les situations : m\u00eame la t\u00eate en bas, il continue \u00e0 chanter comme si de rien n\u2019\u00e9tait. Tr\u00e8s confiant avec ses coll\u00e8gues pour certaines sc\u00e8nes, il se donne \u00e0 fond. Puis le voici en Mercure tout serviable et pin\u00e7ant\u2026 courant d\u2019un bout \u00e0 l\u2019autre de la sc\u00e8ne pour servir ses dessins, toujours l\u00e0 \u00e0 agir, surveiller et pr\u00e9venir. L\u00e0 encore, prestation magnifique de ce t\u00e9nor qui aurait s\u00fbrement \u00e9t\u00e9 aussi une belle Plat\u00e9e\u2026 Et quel style et quelle diction !<\/p>\n<p style=\"text-align: justify;\">Enfin Marc Mauillon\u2026 le chanteur est un peu timide hors de sc\u00e8ne, mais l\u00e0 il fait une entr\u00e9e fracassante en Momus du Prologue ! Styl\u00e9 et presque hipster, il semble \u00e0 l\u2019oppos\u00e9e totale de son caract\u00e8re assez sage et discret. Il br\u00fble les planches et continuera dans un personnage plus en finesse en Cith\u00e9ron, organisateur des f\u00eates dans le premier acte et courtis\u00e9 par une Plat\u00e9e tr\u00e8s entreprenante. Magnifique prestation tr\u00e8s vive et alerte, toujours naturelle\u2026 Et puis cette voix claire de baryton qui tranche, cette diction pr\u00e9cise et incisive, cette fa\u00e7on de colorer le texte pour lui donner toutes les pointes qu\u2019on peut attendre\u2026 Magnifique encore une fois !<\/p>\n<div id=\"attachment_2784\" style=\"width: 510px\" class=\"wp-caption aligncenter\"><a href=\"http:\/\/erikcarnets.fr\/wp-content\/uploads\/platee_agnew_7.png\" target=\"_blank\" rel=\"noopener noreferrer\"><img loading=\"lazy\" decoding=\"async\" aria-describedby=\"caption-attachment-2784\" class=\"wp-image-2784\" src=\"http:\/\/erikcarnets.fr\/wp-content\/uploads\/platee_agnew_7-300x200.png\" alt=\"\" width=\"500\" height=\"333\" srcset=\"https:\/\/erikcarnets.fr\/wp-content\/uploads\/platee_agnew_7-300x200.png 300w, https:\/\/erikcarnets.fr\/wp-content\/uploads\/platee_agnew_7-768x512.png 768w, https:\/\/erikcarnets.fr\/wp-content\/uploads\/platee_agnew_7.png 800w\" sizes=\"auto, (max-width: 500px) 100vw, 500px\" \/><\/a><p id=\"caption-attachment-2784\" class=\"wp-caption-text\">Acte II : Marcel Beekman (Plat\u00e9e), Simone Kermes (La Folie)<\/p><\/div>\n<p style=\"text-align: justify;\">Le cas de Simone Kermes est \u00e9trange\u2026 La chanteuse d\u00e9tonne s\u00e9rieusement dans une distribution rompue au style\u2026 avec ses attaques \u00e9tranges, un fran\u00e7ais exotique, et un style plus italianisant (ou jazz m\u00eame par moments !) que baroque fran\u00e7ais. Mais d\u2019un autre c\u00f4t\u00e9, n\u2019est-ce pas la folie ? Et du coup, cette bizarrerie n\u2019est-elle pas partie int\u00e9grante du personnage ? Car si on enl\u00e8ve ses codes baroques propres au r\u00e9pertoire fran\u00e7ais, on se trouve face \u00e0 une artiste totalement d\u00e9brid\u00e9e, qui fait un show assez ph\u00e9nom\u00e9nal dans le deuxi\u00e8me acte que ce soit par la danse et le chant, toujours concentr\u00e9e dans sa partie\u2026 Donc quelque chose d\u2019\u00e9trange mais de grandement impressionnant ! Seule sa diction reste un point faible au final si on accepte que La Folie soit d\u00e9cal\u00e9e\u2026<\/p>\n<div id=\"attachment_2785\" style=\"width: 260px\" class=\"wp-caption alignright\"><a href=\"http:\/\/erikcarnets.fr\/wp-content\/uploads\/platee_agnew_9.jpeg\" target=\"_blank\" rel=\"noopener noreferrer\"><img loading=\"lazy\" decoding=\"async\" aria-describedby=\"caption-attachment-2785\" class=\"wp-image-2785\" src=\"http:\/\/erikcarnets.fr\/wp-content\/uploads\/platee_agnew_9-200x300.jpeg\" alt=\"\" width=\"250\" height=\"375\" srcset=\"https:\/\/erikcarnets.fr\/wp-content\/uploads\/platee_agnew_9-200x300.jpeg 200w, https:\/\/erikcarnets.fr\/wp-content\/uploads\/platee_agnew_9.jpeg 534w\" sizes=\"auto, (max-width: 250px) 100vw, 250px\" \/><\/a><p id=\"caption-attachment-2785\" class=\"wp-caption-text\">Acte II, Marcel Beekman (Plat\u00e9e)<\/p><\/div>\n<p style=\"text-align: justify;\">Autre nouvel arrivant dans l\u2019\u00e9quipe \u00ab Christie \u00bb, Marcel Beekman devait relever un d\u00e9fit de taille\u2026 chanter Plat\u00e9e bien s\u00fbr\u2026 mais en plus en ayant pour chef celui qui aura \u00e9t\u00e9 pendant plus de 10 LA Plat\u00e9e id\u00e9ale et marquante ! Et on ne peut dire qu\u2019une chose : son d\u00e9fit est relev\u00e9 avec beaucoup de brio et un art bluffant. La voix de ce chanteur n\u2019est peut-\u00eatre pas exactement celle qu\u2019on peut attendre dans ce r\u00f4le de Haute-Contre cr\u00e9\u00e9 par J\u00e9lyotte, mais la voix se plie sans soucis aux moindres d\u00e9sirs de Rameau et se coule avec bonheur dans ceux si particuliers de Plat\u00e9e. Le timbre manque peut-\u00eatre un peu de rondeur ou de beaut\u00e9, accentuant un peu trop le caract\u00e8re \u00e9trange de Plat\u00e9e\u2026 mais c\u2019est peu de choses face \u00e0 l\u2019inventivit\u00e9 et la facilit\u00e9 du chanteur qui chante le r\u00f4le sans jamais tricher, qui interpr\u00e8te sans caricaturer\u2026 et surtout qui sait suivant les indications de Carsen nous \u00e9mouvoir pour un final path\u00e9tique et magnifique. Grand interpr\u00e9tation vocale et sc\u00e9nique qui tient l\u2019\u0153uvre d\u2019un bout \u00e0 l\u2019autre sans jamais devenir grotesque ou de mauvais go\u00fbt. Magnifique !<\/p>\n<p style=\"text-align: justify;\">Et voici\u2026 Plat\u00e9e, c\u2019est fini\u2026 spectacle attendu, triomphe immense aux saluts malgr\u00e9 quelques hu\u00e9es lors de l\u2019arriv\u00e9e de Robert Carsen\u2026 et maintenant on attend la diffusion sur Culturebox, sur France-Musique\u2026 et j\u2019imagine et esp\u00e8re un futur DVD !<\/p>\n<ul>\n<li style=\"text-align: justify;\">Paris<\/li>\n<li style=\"text-align: justify;\">Op\u00e9ra-Comique<\/li>\n<li style=\"text-align: justify;\">30 mars 2014<\/li>\n<li style=\"text-align: justify;\">Jean-Philippe Rameau (1683-1764), Plat\u00e9e, Com\u00e9die lyrique en un prologue et trois actes<\/li>\n<li style=\"text-align: justify;\">Mise en sc\u00e8ne, Robert Carsen ; D\u00e9cors et Costumes, Gideon Davey ; Lumi\u00e8res, Robert Carsen \/ Peter van Praet ; Dramaturgie, Ian Burton ; Chor\u00e9graphie, Nicolas Paul<\/li>\n<li style=\"text-align: justify;\">Plat\u00e9e, Marcel Beekman ; La Folie, Simone Kermes ; Thalie, Virginie Thomas ; Mercure \/ Thespis, Cyril Auvity ; Clarine \/ Amour, Emmanuelle de Negri ; Jupiter, Edwin Crossley-Mercer; Momus, Jo\u00e3o Fernandes ; Cith\u00e9ron \/ Momus du Prologue, Marc Mauillon ; Junon, \u00c9milie Renard<\/li>\n<li style=\"text-align: justify;\">Les Arts Florissants<\/li>\n<li style=\"text-align: justify;\">Paul Agnew, direction<\/li>\n<\/ul>\n","protected":false},"excerpt":{"rendered":"<p>Archive toujours, mais d&rsquo;actualit\u00e9 puisque cette m\u00eame production a \u00e9t\u00e9 reprise \u00e0 Vienne ce mois-ci normalement pour des repr\u00e9sentations, mais finalement ce ne sera que pour une captation en vue [&hellip;]<\/p>\n","protected":false},"author":1,"featured_media":0,"comment_status":"open","ping_status":"closed","sticky":false,"template":"","format":"standard","meta":{"jetpack_post_was_ever_published":false,"_jetpack_newsletter_access":"","_jetpack_dont_email_post_to_subs":false,"_jetpack_newsletter_tier_id":0,"_jetpack_memberships_contains_paywalled_content":false,"_jetpack_memberships_contains_paid_content":false,"footnotes":"","jetpack_publicize_message":"","jetpack_publicize_feature_enabled":true,"jetpack_social_post_already_shared":true,"jetpack_social_options":{"image_generator_settings":{"template":"highway","default_image_id":0,"font":"","enabled":false},"version":2}},"categories":[28,3],"tags":[159,55,14,23,63],"class_list":["post-2777","post","type-post","status-publish","format-standard","hentry","category-concert","category-musique_classique","tag-archive","tag-epoque_baroque","tag-integrale","tag-opera","tag-rameau","clearfix"],"jetpack_publicize_connections":[],"jetpack_featured_media_url":"","jetpack_shortlink":"https:\/\/wp.me\/p4G2uP-IN","jetpack_sharing_enabled":true,"_links":{"self":[{"href":"https:\/\/erikcarnets.fr\/index.php?rest_route=\/wp\/v2\/posts\/2777","targetHints":{"allow":["GET"]}}],"collection":[{"href":"https:\/\/erikcarnets.fr\/index.php?rest_route=\/wp\/v2\/posts"}],"about":[{"href":"https:\/\/erikcarnets.fr\/index.php?rest_route=\/wp\/v2\/types\/post"}],"author":[{"embeddable":true,"href":"https:\/\/erikcarnets.fr\/index.php?rest_route=\/wp\/v2\/users\/1"}],"replies":[{"embeddable":true,"href":"https:\/\/erikcarnets.fr\/index.php?rest_route=%2Fwp%2Fv2%2Fcomments&post=2777"}],"version-history":[{"count":2,"href":"https:\/\/erikcarnets.fr\/index.php?rest_route=\/wp\/v2\/posts\/2777\/revisions"}],"predecessor-version":[{"id":2787,"href":"https:\/\/erikcarnets.fr\/index.php?rest_route=\/wp\/v2\/posts\/2777\/revisions\/2787"}],"wp:attachment":[{"href":"https:\/\/erikcarnets.fr\/index.php?rest_route=%2Fwp%2Fv2%2Fmedia&parent=2777"}],"wp:term":[{"taxonomy":"category","embeddable":true,"href":"https:\/\/erikcarnets.fr\/index.php?rest_route=%2Fwp%2Fv2%2Fcategories&post=2777"},{"taxonomy":"post_tag","embeddable":true,"href":"https:\/\/erikcarnets.fr\/index.php?rest_route=%2Fwp%2Fv2%2Ftags&post=2777"}],"curies":[{"name":"wp","href":"https:\/\/api.w.org\/{rel}","templated":true}]}}