{"id":2612,"date":"2020-07-08T10:27:36","date_gmt":"2020-07-08T08:27:36","guid":{"rendered":"http:\/\/erikcarnets.fr\/?p=2612"},"modified":"2020-07-08T10:27:36","modified_gmt":"2020-07-08T08:27:36","slug":"un-jubilatoire-cabaret-horrifique-a-lopera-comique-pour-une-belle-reprise","status":"publish","type":"post","link":"https:\/\/erikcarnets.fr\/?p=2612","title":{"rendered":"Un jubilatoire Cabaret Horrifique \u00e0 l&rsquo;Op\u00e9ra-Comique pour une belle reprise!"},"content":{"rendered":"<p style=\"text-align: justify;\"><a href=\"http:\/\/erikcarnets.fr\/?p=2612\" target=\"_blank\" rel=\"noopener noreferrer\"><img loading=\"lazy\" decoding=\"async\" class=\"alignleft wp-image-2616\" src=\"http:\/\/erikcarnets.fr\/wp-content\/uploads\/cabaret_horrifique_2-256x300.jpg\" alt=\"\" width=\"300\" height=\"352\" srcset=\"https:\/\/erikcarnets.fr\/wp-content\/uploads\/cabaret_horrifique_2-256x300.jpg 256w, https:\/\/erikcarnets.fr\/wp-content\/uploads\/cabaret_horrifique_2.jpg 546w\" sizes=\"auto, (max-width: 300px) 100vw, 300px\" \/><\/a>Il y a quatre mois, j\u2019\u00e9tais \u00e0 l\u2019Op\u00e9ra-Comique pour la <em>Dame Blanche<\/em>\u2026 dernier concert avant le d\u00e9but du confinement. Quel plaisir aussi de retrouver cette magnifique salle m\u00eame si c\u2019est pour un concert de moindre envergure qu\u2019un op\u00e9ra complet mis en sc\u00e8ne. En mars 2019 \u00e9tait cr\u00e9\u00e9 pour la salle Bizet le <em>Cabaret Horrifique<\/em> de Val\u00e9rie Lesort. Con\u00e7u pour cette petite salle qui n\u2019a rien d\u2019une salle de concert mais plus une salle de pr\u00e9sentation, il n\u00e9cessitait une petite r\u00e9vision pour passer sur la sc\u00e8ne de la grande salle, ou plut\u00f4t dans la grande salle. En effet pour faciliter le placement du public dans ce contexte compliqu\u00e9 la situation est invers\u00e9e. Les spectateurs se retrouvent sur sc\u00e8ne alors que les artistes sont sur la fausse d\u2019orchestre rehauss\u00e9e. Nous voil\u00e0 emmen\u00e9s dans le monde \u00e9trange et foutraque de la conceptrice de ce spectacle. \u00c0 travers une promenade dans un r\u00e9pertoire tr\u00e8s large, nous voici au pays des sorci\u00e8res et des monstres, passant du baroque au cabaret avec un m\u00eame plaisir !<!--more--><\/p>\n<p style=\"text-align: justify;\">L<img loading=\"lazy\" decoding=\"async\" class=\"alignright wp-image-2619\" src=\"http:\/\/erikcarnets.fr\/wp-content\/uploads\/20200701_191623-157x300.jpg\" alt=\"\" width=\"250\" height=\"476\" srcset=\"https:\/\/erikcarnets.fr\/wp-content\/uploads\/20200701_191623-157x300.jpg 157w, https:\/\/erikcarnets.fr\/wp-content\/uploads\/20200701_191623.jpg 505w\" sizes=\"auto, (max-width: 250px) 100vw, 250px\" \/>e public est forc\u00e9ment r\u00e9duit pour ces quelques repr\u00e9sentations et au final c\u2019est une centaine de personnes qui attendent devant les portes de la Salle Favart, impatients de retrouver les joies du concert vivant. Bien s\u00fbr, les masques sont de sortie\u2026 et en montant l\u2019escalier on remarque que non seulement il faut marcher de pr\u00e9f\u00e9rence au centre afin d\u2019\u00e9viter de toucher la rampe d\u2019escalier, mais aussi nous avons un cheminement sur la mosa\u00efque o\u00f9 il faut suivre les t\u00eates de mort afin d\u2019acc\u00e9der \u00e0 un escalier au fond du corridor. Un ouvreur va alors nous asperger d\u2019une fum\u00e9e\u2026 mise en sc\u00e8ne ou pr\u00e9caution sanitaire ? En entrant ensuite dans les parties habituellement non publiques, voici une petite table o\u00f9 sont dispos\u00e9es des fl\u00fbtes de champagne pour chaque spectateur. Puis on se retourne\u2026 et le spectacle commence : juste apr\u00e8s la porte qui m\u00e8ne \u00e0 la sc\u00e8ne, un cadavre entour\u00e9 de plastique tombe des cintres pour accueillir le public. Puis chacun s\u2019installe, en laissant une place libre entre chaque groupe mais avec la possibilit\u00e9 d\u2019enlever son masque non seulement pour boire le verre mais aussi pour l\u2019ensemble du concert. Et enfin, le rideau se l\u00e8ve, permettant une vue assez in\u00e9dite sur la salle Favart apr\u00e8s avoir eu l\u2019occasion d\u2019admirer aussi le fond de sc\u00e8ne superbe tout en brique et en m\u00e9tal\u2026<\/p>\n<p style=\"text-align: justify;\">Un piano sur lequel se trouvent quelques ustensiles comme un chandelier\u2026 et un flacon de gel hydro-alcoolique ! Car tout au long du spectacle, le respect des gestes barri\u00e8res sont bien s\u00fbr appliqu\u00e9s ! <strong>Val\u00e9rie Lesort<\/strong> arrive grim\u00e9e en monstre\u2026 et tout au long de la soir\u00e9e elle ne fera rien d\u2019autre que des bruitages, le vent, les sabots d\u2019un cheval, le bruit de branches\u2026 sa pr\u00e9sence est superbe et se montre \u00e0 la fois gla\u00e7ante et dr\u00f4le ! Puis vient Marine Thoreau La Salle, habill\u00e9e d\u2019un chemisier blanc, avec un chignon et des lunettes, portrait parfait de la pianiste coinc\u00e9e. Et commence la musique\u2026 du Duparc alors qu\u2019il n\u2019\u00e9tait pas not\u00e9 sur le programme\u2026 puis arrive Lionel Peintre comme sorti de sa tombe avec son masque de rigueur rapidement jet\u00e9 \u00e0 terre\u2026 et voil\u00e0 qu\u2019il entonne <em>La Salsa du D\u00e9mon<\/em> toujours sur le piano de <em>L\u2019invitation au Voyage<\/em>. La superposition de ces deux morceaux est assez savoureuse et nous plonge bien dans l\u2019ambiance de la soir\u00e9e ! Puis Lionel Peintre continue sur une m\u00e9lodie avant que n\u2019arrive Judith Fa pour un Haendel furieux, \u00e0 tel point qu\u2019apr\u00e8s avoir lav\u00e9 avec beaucoup de soin ses mains la voici qui se rapproche de la pianiste, l\u2019\u00e9trangle, la jette \u00e0 terre\u2026 et se mets au piano pour chanter <em>Nosferatu<\/em> avec le m\u00eame talent que le Haendel ! La vocalise comme la gouaille lui vont comme un gant ! Les airs s\u2019encha\u00eenent avec <em>La Danse Macabre<\/em> qui voit le baryton se promener sur le premier balcon de la salle alors que la pianiste a repris son r\u00f4le. La vari\u00e9t\u00e9 des accents de cette pi\u00e8ce va parfaitement au chanteur tout comme l\u2019air du Feu de l\u2019<em>Enfant et les Sortil\u00e8ges<\/em> qui permet \u00e0 la soprano de briller de mille feux ! Comme on peut le voir, tout est parfaitement rod\u00e9, avec des encha\u00eenements aussi dr\u00f4les que les airs.<\/p>\n<div id=\"attachment_2617\" style=\"width: 510px\" class=\"wp-caption aligncenter\"><a href=\"http:\/\/erikcarnets.fr\/wp-content\/uploads\/cabaret_horrifique_3.png\" target=\"_blank\" rel=\"noopener noreferrer\"><img loading=\"lazy\" decoding=\"async\" aria-describedby=\"caption-attachment-2617\" class=\"wp-image-2617\" src=\"http:\/\/erikcarnets.fr\/wp-content\/uploads\/cabaret_horrifique_3-300x200.png\" alt=\"\" width=\"500\" height=\"333\" srcset=\"https:\/\/erikcarnets.fr\/wp-content\/uploads\/cabaret_horrifique_3-300x200.png 300w, https:\/\/erikcarnets.fr\/wp-content\/uploads\/cabaret_horrifique_3-768x512.png 768w, https:\/\/erikcarnets.fr\/wp-content\/uploads\/cabaret_horrifique_3.png 960w\" sizes=\"auto, (max-width: 500px) 100vw, 500px\" \/><\/a><p id=\"caption-attachment-2617\" class=\"wp-caption-text\">Judith Fa<\/p><\/div>\n<p style=\"text-align: justify;\">La pauvre pianiste aura droit \u00e0 tout subir comme par exemple Lionel Peintre qui va lui fracasser une bouteille sur le cr\u00e2ne avant de pouvoir prendre sa place, de nettoyer le clavier touche par touche avec des lingettes d\u00e9sinfectantes\u2026 et se lancer dans un <em>Mis\u00e8res<\/em> de la plus belle eaux ! Avant il y avait eu aussi par exemple <em>Le Roi des Aulnes<\/em> pour \u00eatre plus s\u00e9rieux\u2026 On passera ensuite par <em>Le Fant\u00f4me de l\u2019Op\u00e9ra<\/em> en duo o\u00f9 la pauvre pianiste se verra arracher le c\u0153ur\u2026 Judith Fa reviendra pour le <em>Tango stup\u00e9fiant<\/em> parfaitement incarn\u00e9 avant une Folie de <em>Plat\u00e9e<\/em> certes tronqu\u00e9e, mais assum\u00e9 cr\u00e2nement ! Puis le duo d\u2019<em>Armide<\/em> avant un air du Froid\u2026 Et une derni\u00e8re surprise ! Voici un cercueil qui entre en sc\u00e8ne et d\u2019o\u00f9 sort un Mickeal Jackson et voici que nous aurons droit \u00e0 une belle danse de <em>Thriller<\/em> o\u00f9 tous participent avec la m\u00eame folie burlesque !<\/p>\n<div id=\"attachment_2613\" style=\"width: 510px\" class=\"wp-caption aligncenter\"><a href=\"http:\/\/erikcarnets.fr\/wp-content\/uploads\/cabaret_horrifique_5.jpg\" target=\"_blank\" rel=\"noopener noreferrer\"><img loading=\"lazy\" decoding=\"async\" aria-describedby=\"caption-attachment-2613\" class=\"wp-image-2613\" src=\"http:\/\/erikcarnets.fr\/wp-content\/uploads\/cabaret_horrifique_5-300x200.jpg\" alt=\"\" width=\"500\" height=\"333\" srcset=\"https:\/\/erikcarnets.fr\/wp-content\/uploads\/cabaret_horrifique_5-300x200.jpg 300w, https:\/\/erikcarnets.fr\/wp-content\/uploads\/cabaret_horrifique_5-768x512.jpg 768w, https:\/\/erikcarnets.fr\/wp-content\/uploads\/cabaret_horrifique_5.jpg 960w\" sizes=\"auto, (max-width: 500px) 100vw, 500px\" \/><\/a><p id=\"caption-attachment-2613\" class=\"wp-caption-text\">Marine Thoreau La Salle<\/p><\/div>\n<p style=\"text-align: justify;\">Voici un d\u00e9roul\u00e9 certes r\u00e9sum\u00e9, mais qui essaye de d\u00e9peindre l\u2019ambiance cr\u00e9\u00e9e par Val\u00e9rie Lesort ! La partie musicale est de tr\u00e8s bonne qualit\u00e9 d\u00e9j\u00e0 avec une <strong>Marine Thoreau La Salle<\/strong> qui se sort aussi bien de Lully que d\u2019une chanson humoristique. Tr\u00e8s impliqu\u00e9e dans la mise en sc\u00e8ne, elle offre un cadre parfait pour soutenir les chanteurs. <strong>Judith Fa<\/strong> se montre impressionnante d\u2019aisance l\u00e0 aussi de par la vari\u00e9t\u00e9 des styles qu\u2019elle aborde, mais aussi par le respect du style. Son Armide par exemple est parfaitement en place alors qu\u2019elle se permet aussi un {Tango stup\u00e9fiant} superlatif. <strong>Lionel Peintre<\/strong> est lui aussi tr\u00e8s impliqu\u00e9 mais l\u00e0 o\u00f9 la voix de Judith Fa se montre d\u2019une grande stabilit\u00e9, le baryton donne \u00e0 entendre une voix l\u00e9g\u00e8rement d\u00e9grad\u00e9e. Elle manque parfois de stabilit\u00e9 et si le c\u00f4t\u00e9 drolatique lui permet d\u2019appuyer ces accros du temps sur le timbre, le Schubert par exemple manque un peu de rondeur et de tenue pour parfaitement convaincre.<\/p>\n<div id=\"attachment_2621\" style=\"width: 510px\" class=\"wp-caption aligncenter\"><a href=\"http:\/\/erikcarnets.fr\/wp-content\/uploads\/cabaret_horrifique_9.png\" target=\"_blank\" rel=\"noopener noreferrer\"><img loading=\"lazy\" decoding=\"async\" aria-describedby=\"caption-attachment-2621\" class=\"wp-image-2621\" src=\"http:\/\/erikcarnets.fr\/wp-content\/uploads\/cabaret_horrifique_9-300x200.png\" alt=\"\" width=\"500\" height=\"333\" srcset=\"https:\/\/erikcarnets.fr\/wp-content\/uploads\/cabaret_horrifique_9-300x200.png 300w, https:\/\/erikcarnets.fr\/wp-content\/uploads\/cabaret_horrifique_9-768x512.png 768w, https:\/\/erikcarnets.fr\/wp-content\/uploads\/cabaret_horrifique_9.png 960w\" sizes=\"auto, (max-width: 500px) 100vw, 500px\" \/><\/a><p id=\"caption-attachment-2621\" class=\"wp-caption-text\">Lionel Peintre<\/p><\/div>\n<p style=\"text-align: justify;\">Au final, le concert aura \u00e9t\u00e9 splendide\u2026 un vrai bonheur de retrouver l\u2019atmosph\u00e8re du concert et surtout de rire sans penser \u00e0 rien d\u2019autre qu\u2019\u00e0 la qualit\u00e9 de ce que l\u2019on a entendu ! Voil\u00e0 un premier retour en salle qui donne le sourie et qui montre encore une fois combien l\u2019Op\u00e9ra-Comique est dynamique !<\/p>\n<p><a href=\"http:\/\/erikcarnets.fr\/wp-content\/uploads\/20200701_203255-scaled.jpg\" target=\"_blank\" rel=\"noopener noreferrer\"><img loading=\"lazy\" decoding=\"async\" class=\"aligncenter wp-image-2620\" src=\"http:\/\/erikcarnets.fr\/wp-content\/uploads\/20200701_203255-300x146.jpg\" alt=\"\" width=\"500\" height=\"243\" srcset=\"https:\/\/erikcarnets.fr\/wp-content\/uploads\/20200701_203255-300x146.jpg 300w, https:\/\/erikcarnets.fr\/wp-content\/uploads\/20200701_203255-1024x498.jpg 1024w, https:\/\/erikcarnets.fr\/wp-content\/uploads\/20200701_203255-768x373.jpg 768w, https:\/\/erikcarnets.fr\/wp-content\/uploads\/20200701_203255-1536x747.jpg 1536w, https:\/\/erikcarnets.fr\/wp-content\/uploads\/20200701_203255-2048x996.jpg 2048w\" sizes=\"auto, (max-width: 500px) 100vw, 500px\" \/><\/a><\/p>\n<ul>\n<li>Paris<\/li>\n<li>Op\u00e9ra-Comique<\/li>\n<li>1er juillet 2020<\/li>\n<li>Xavier Thibault (1950), La Salsa du D\u00e9mon<\/li>\n<li>Jean Cras (1879-1932), Cinq Robaiyat : Serviteurs n\u2019apportez pas les lampes<\/li>\n<li>Georg Friedrich Haendel (1685-1759), Rinaldo : \u00ab Furie terribili \u00bb<\/li>\n<li>Marie Paule Bell (1946), Nosferatu<\/li>\n<li>Camille Saint-Sa\u00ebns (1835-1921), La Danse Macabre<\/li>\n<li>Maurice Ravel (1875-1937), L\u2019Enfant et les sortil\u00e8ges : L\u2019air du feu<\/li>\n<li>Kurt Weill (1900-1950), Alabama Song<\/li>\n<li>Charles Gounod (1818-1893), Faust : Pr\u00e9lude de la sc\u00e8ne de l\u2019\u00e9glise<\/li>\n<li>Boris Vian (1920-1959), Le tango des joyeux bouchers<\/li>\n<li>Kurt Weill (1900-1950), Le grand Lustucru<\/li>\n<li>Franz Schubert (1797-1828), Le roi des aulnes<\/li>\n<li>Michel Colucci (1944-1986), Mis\u00e8re<\/li>\n<li>Andrew Lloyd Webber (1948), Le fant\u00f4me de l\u2019Op\u00e9ra<\/li>\n<li>Marie Dubas (1894-1972), Le tango stup\u00e9fiant<\/li>\n<li>Jean-Philippe Rameau (1683-1764), Plat\u00e9e : Air de la Folie<\/li>\n<li>Jean-Baptiste Lully (1632-1687), Armide : Duo entre Armide et Hidraot<\/li>\n<li>Henry Purcell (1659-1695) : King Arthur : Air du Froid<\/li>\n<li>Judith Fa, soprano<\/li>\n<li>Lionel Peintre, baryton<\/li>\n<li>Val\u00e9rie Lesort, bruitages et mise en espace<\/li>\n<li>Marine Thoreau La Salle, piano<\/li>\n<\/ul>\n","protected":false},"excerpt":{"rendered":"<p>Il y a quatre mois, j\u2019\u00e9tais \u00e0 l\u2019Op\u00e9ra-Comique pour la Dame Blanche\u2026 dernier concert avant le d\u00e9but du confinement. Quel plaisir aussi de retrouver cette magnifique salle m\u00eame si c\u2019est [&hellip;]<\/p>\n","protected":false},"author":1,"featured_media":0,"comment_status":"open","ping_status":"closed","sticky":false,"template":"","format":"standard","meta":{"jetpack_post_was_ever_published":false,"_jetpack_newsletter_access":"","_jetpack_dont_email_post_to_subs":false,"_jetpack_newsletter_tier_id":0,"_jetpack_memberships_contains_paywalled_content":false,"_jetpack_memberships_contains_paid_content":false,"footnotes":"","jetpack_publicize_message":"","jetpack_publicize_feature_enabled":true,"jetpack_social_post_already_shared":true,"jetpack_social_options":{"image_generator_settings":{"template":"highway","default_image_id":0,"font":"","enabled":false},"version":2}},"categories":[28,3],"tags":[155,55,56,57,8,72,100,63,21,13,80,156,140],"class_list":["post-2612","post","type-post","status-publish","format-standard","hentry","category-concert","category-musique_classique","tag-cras","tag-epoque_baroque","tag-epoque_classique","tag-epoque_romantique","tag-haendel","tag-lully","tag-purcell","tag-rameau","tag-ravel","tag-recital","tag-saint-saens","tag-schubert","tag-weill","clearfix"],"jetpack_publicize_connections":[],"jetpack_featured_media_url":"","jetpack_shortlink":"https:\/\/wp.me\/p4G2uP-G8","jetpack_sharing_enabled":true,"_links":{"self":[{"href":"https:\/\/erikcarnets.fr\/index.php?rest_route=\/wp\/v2\/posts\/2612","targetHints":{"allow":["GET"]}}],"collection":[{"href":"https:\/\/erikcarnets.fr\/index.php?rest_route=\/wp\/v2\/posts"}],"about":[{"href":"https:\/\/erikcarnets.fr\/index.php?rest_route=\/wp\/v2\/types\/post"}],"author":[{"embeddable":true,"href":"https:\/\/erikcarnets.fr\/index.php?rest_route=\/wp\/v2\/users\/1"}],"replies":[{"embeddable":true,"href":"https:\/\/erikcarnets.fr\/index.php?rest_route=%2Fwp%2Fv2%2Fcomments&post=2612"}],"version-history":[{"count":4,"href":"https:\/\/erikcarnets.fr\/index.php?rest_route=\/wp\/v2\/posts\/2612\/revisions"}],"predecessor-version":[{"id":2625,"href":"https:\/\/erikcarnets.fr\/index.php?rest_route=\/wp\/v2\/posts\/2612\/revisions\/2625"}],"wp:attachment":[{"href":"https:\/\/erikcarnets.fr\/index.php?rest_route=%2Fwp%2Fv2%2Fmedia&parent=2612"}],"wp:term":[{"taxonomy":"category","embeddable":true,"href":"https:\/\/erikcarnets.fr\/index.php?rest_route=%2Fwp%2Fv2%2Fcategories&post=2612"},{"taxonomy":"post_tag","embeddable":true,"href":"https:\/\/erikcarnets.fr\/index.php?rest_route=%2Fwp%2Fv2%2Ftags&post=2612"}],"curies":[{"name":"wp","href":"https:\/\/api.w.org\/{rel}","templated":true}]}}