{"id":2572,"date":"2020-06-06T22:49:55","date_gmt":"2020-06-06T20:49:55","guid":{"rendered":"http:\/\/erikcarnets.fr\/?p=2572"},"modified":"2020-06-06T22:49:55","modified_gmt":"2020-06-06T20:49:55","slug":"mady-mesple-une-lakme-eternelle-qui-ne-doit-pas-cacher-dautres-immenses-talents","status":"publish","type":"post","link":"https:\/\/erikcarnets.fr\/?p=2572","title":{"rendered":"Mady Mespl\u00e9, une Lakm\u00e9 \u00e9ternelle qui ne doit pas cacher d&rsquo;autres immenses talents"},"content":{"rendered":"<p style=\"text-align: justify;\"><a href=\"http:\/\/erikcarnets.fr\/?p=2572\" target=\"_blank\" rel=\"noopener noreferrer\"><img loading=\"lazy\" decoding=\"async\" class=\"alignleft wp-image-2579\" src=\"http:\/\/erikcarnets.fr\/wp-content\/uploads\/mespl\u00e9_portait2-214x300.jpg\" alt=\"\" width=\"300\" height=\"420\" srcset=\"https:\/\/erikcarnets.fr\/wp-content\/uploads\/mespl\u00e9_portait2-214x300.jpg 214w, https:\/\/erikcarnets.fr\/wp-content\/uploads\/mespl\u00e9_portait2.jpg 362w\" sizes=\"auto, (max-width: 300px) 100vw, 300px\" \/><\/a>En cette fin de confinement, Mady Mespl\u00e9 nous quittait \u00e0 89 ans. Quelques semaines avant c\u2019\u00e9tait Gabriel Bacquier, quelques jours apr\u00e8s ce sera Janine Reiss. C\u2019est une partie du chant fran\u00e7ais qui s\u2019en va avec deux grands interpr\u00e8tes et une cheffe de chant des plus r\u00e9put\u00e9e. Mais personnellement, c\u2019est surtout le d\u00e9part de la soprano qui me touche le plus. Elle qui fut l\u2019\u00e9toile du chant fran\u00e7ais durant de si nombreuses ann\u00e9es, elle qui se frotta \u00e0 tant de r\u00e9pertoires diff\u00e9rents, depuis la musique baroque de Vivaldi jusqu\u2019aux cr\u00e9ations contemporaines et passant bien s\u00fbr par le bel-canto, l\u2019op\u00e9ra fran\u00e7ais, l\u2019op\u00e9rette\u2026 et la m\u00e9lodie. Grande artiste, elle apportait \u00e0 tout ce qu\u2019elle chantait une sensibilit\u00e9 magnifique et un brillant que certains lui reprocheront. La maladie de Parkinson l\u2019obligera \u00e0 se retirer des sc\u00e8nes mais ne l\u2019emp\u00eachera pas de former de nombreux grands chanteurs comme Catherine Hunold, Jean-S\u00e9bastien Bou ou encore Elisabeth Vidal qui aura \u00e9t\u00e9 elle aussi une grande Lakm\u00e9.<!--more--><\/p>\n<p style=\"text-align: justify;\">Il semble que la France donne naissance r\u00e9guli\u00e8rement \u00e0 de grands sopranos l\u00e9gers : Mado Robin, Mady Mespl\u00e9, Natalie Dessay, Elisabeth Vidal ou encore plus pr\u00e8s de nous Sabine Devieilhe. Pour toutes un r\u00f4le en commun bien s\u00fbr : <em>Lakm\u00e9<\/em> de L\u00e9o Delibes. Son air des clochettes leur aura permis de montrer leurs incroyables contre-notes mais aussi une grande sensibilit\u00e9 dans un dernier acte poignant. Mais souvent on retient avant tout l\u2019exploit et on oublie vite l\u2019expressivit\u00e9. Ainsi, Mady Mespl\u00e9 est certes parfaite dans les acrobaties vocales avec un aigu brillant et d\u2019une facilit\u00e9 d\u00e9concertante. Et puis il y a une technique imparable qui lui permet d\u2019assurer un trille parfait, de se frotter \u00e0 des pi\u00e8ces d\u2019une grand complexit\u00e9 rythmique comme dans le contemporain\u2026 Elle peut nous offrir une d\u00e9monstration de ses capacit\u00e9s vocales, solf\u00e9giques et techniques. Mais \u00e0 c\u00f4t\u00e9 de cela, comment r\u00e9sister aux adieux de Lakm\u00e9 dans le \u00ab Tu m\u2019as donn\u00e9 le plus beau r\u00eave \u00bb ? Pas de grandes envol\u00e9es, pas de feu d\u2019artifice ici&#8230; juste une expressivit\u00e9 juste, douce et captivante. Malheureusement, il n\u2019y a pas ou peu de captations vid\u00e9o de ses prestations sc\u00e9niques. Mais tous les hommages qui pleuvent depuis sa mort saluent cet investissement vocal mais aussi sc\u00e9nique qui lui faisait donner vie \u00e0 des personnages fragiles mais sublimes.<\/p>\n<p style=\"text-align: center;\"><iframe loading=\"lazy\" src=\"https:\/\/www.youtube.com\/embed\/FmSu-0zsWuA\" width=\"560\" height=\"315\" frameborder=\"0\" allowfullscreen=\"allowfullscreen\"><\/iframe><br \/>\n<em>Delibes, Lakm\u00e9, Air de clochettes (1966)<\/em><\/p>\n<p style=\"text-align: justify;\">N\u00e9e en 1931 \u00e0 Toulouse, elle entre \u00e0 sept ans et demi au conservatoire de Toulouse mais dans la classe de piano. Ses parents s\u2019\u00e9tant rencontr\u00e9s dans une chorale, elle est baign\u00e9e d\u00e8s toute petite dans la musique et s\u2019oriente donc vers une carri\u00e8re de concertiste. Elle obtient un premier prix de piano et commence \u00e0 accompagner des artistes de vari\u00e9t\u00e9 pour gagner sa vie. Mais \u00e0 18 ans, elle revient au conservatoire de Toulouse cette fois pour prendre des cours de chants. Elle y suivra un parcours complet et prendra aussi des cours avec Janine Micheau (autre grande soprano mais moins reconnue justement car elle \u00e9tait moins prodigue en suraigus !). Elle re\u00e7oit une nouvelle fois un premier prix pour le chant et fait ses d\u00e9buts en 1953 \u00e0 Li\u00e8ge dans ce qui deviendra son r\u00f4le signature : <em>Lakm\u00e9<\/em>. A partir de 1956 elle chante \u00e0 l\u2019Op\u00e9ra de Paris et en particulier elle interpr\u00e8te S\u0153ur Constance dans le <em>Dialogues des Carm\u00e9lites<\/em> en 1958. La carri\u00e8re internationale s\u2019amorce en 1962 alors qu\u2019elle remplace au pied lev\u00e9 Joan Sutherland dans <em>Lucia di Lammermoor<\/em> au Festival International d\u2019\u00c9dimbourg. Carri\u00e8re mondiale et embrassant les r\u00e9pertoires les vari\u00e9s, cr\u00e9ant de nombreuses partitions et collaborant avec Boulez par exemple pour <em>Die Jacobsleiter<\/em> de Sch\u00f6nberg. En 1975, soit vingt-deux ans apr\u00e8s ses d\u00e9buts, elle participe \u00e0 la mythique production des <em>Contes d\u2019Hoffmann<\/em> mise en sc\u00e8ne par Patrice Ch\u00e9reau. Bien s\u00fbr nous avons ici une Olympia de r\u00eave ! Cette m\u00eame ann\u00e9e 1975, elle doit annuler <em>Rom\u00e9o et Juliette<\/em> de Gounod \u00e0 Miami avec Franco Corelli suite \u00e0 une grosse fatigue. Elle s\u2019arr\u00eater pendant plusieurs mois de chanter, et son retour la verra m\u00e9tamorphos\u00e9e. Alors \u00e2g\u00e9e de quarante-quatre ans, elle ne se sent plus \u00e0 m\u00eame de chanter les jeunes filles en fleurs et retravaille afin de gagner dans le m\u00e9dium ce qu\u2019elle a perdu en facilit\u00e9 dans l\u2019aigu. Ainsi ce <em>Popolo di Tessaglia<\/em> de Mozart en direct : quelle ma\u00eetrise en dehors de la mont\u00e9e vers les contre-sols !!<\/p>\n<p style=\"text-align: center;\"><iframe loading=\"lazy\" src=\"https:\/\/www.youtube.com\/embed\/OV-OocpZJYU\" width=\"560\" height=\"315\" frameborder=\"0\" allowfullscreen=\"allowfullscreen\"><\/iframe><br \/>\n<em>Mozart, \u00ab\u00a0Popolo di Tessaglia\u00a0\u00bb (1976)<\/em><\/p>\n<p style=\"text-align: justify;\">C\u2019est dans les ann\u00e9es quatre-vingt qu\u2019elle commence \u00e0 donner des cours et qu\u2019elle abandonne les planches de l\u2019op\u00e9ra pour se consacrer aux concerts et aux r\u00e9citals. Ses apparitions \u00e0 la t\u00e9l\u00e9vision sont r\u00e9guli\u00e8res alors et elle continue \u00e0 chanter dans le monde entier mais un r\u00e9pertoire diff\u00e9rent. Elle arr\u00eate de se produire totalement en 2001, alors que les signes de la maladie de Parkinson se font trop forts. Elle a peur alors que son corps ne puisse tenir durant un concert. Elle continuera \u00e0 former une nouvelle g\u00e9n\u00e9ration de chanteurs bien s\u00fbr, et \u00e0 nous \u00e9blouir par ses enregistrements\u00a0!<\/p>\n<p style=\"text-align: justify;\"><a href=\"http:\/\/erikcarnets.fr\/wp-content\/uploads\/mespl\u00e9_portrait1.jpg\" target=\"_blank\" rel=\"noopener noreferrer\"><img loading=\"lazy\" decoding=\"async\" class=\"alignleft wp-image-2580\" src=\"http:\/\/erikcarnets.fr\/wp-content\/uploads\/mespl\u00e9_portrait1-221x300.jpg\" alt=\"\" width=\"250\" height=\"340\" srcset=\"https:\/\/erikcarnets.fr\/wp-content\/uploads\/mespl\u00e9_portrait1-221x300.jpg 221w, https:\/\/erikcarnets.fr\/wp-content\/uploads\/mespl\u00e9_portrait1.jpg 441w\" sizes=\"auto, (max-width: 250px) 100vw, 250px\" \/><\/a>Nous avons une grande chance car Mady Mespl\u00e9 a enregistr\u00e9 de nombreux disques dans des r\u00e9pertoires vari\u00e9s. On peut ainsi \u00e9couter son timbre si limpide, cette attention aux mots magnifique, ces aigus comme du cristal et ce chant plein de nuances et de sentiments. Le petit grelot perp\u00e9tuel peut sembler vieillot pour certains, mais toujours parfaitement ma\u00eetris\u00e9 et musical, il est au contraire l\u2019un de charme de cette voix pour de nombreuses personnes. Il semble qu\u2019\u00e0 l\u2019\u00e9poque, on pensait plus \u00e0 lui faire enregistrer du r\u00e9pertoire l\u00e9ger que son vrai r\u00e9pertoire. Les bandes radio ou pirate nous conserve des perles on pourrait croire dans sa discographie officielle qu\u2019elle chantait plus d\u2019Offenbach ou de Strauss (Johann !) que de Thomas, Auber, Rossini, Verdi ou Donizetti ! Et m\u00eame dans le r\u00e9pertoire de la m\u00e9lodie, on conserve trop peu de ses merveilleuses interpr\u00e9tations.<\/p>\n<p style=\"text-align: justify;\">En 2011 \u00e0 l\u2019occasion de ses 80 ans, EMI sortait un coffret de quatre disques qui donnait une vision assez fiable de son parcours et de sa carri\u00e8re\u00a0: tout d\u2019abord un disque consacr\u00e9 \u00e0 l\u2019op\u00e9ra, puis un autre o\u00f9 on l\u2019entend dans l\u2019op\u00e9rette, ensuite vient la m\u00e9lodie et enfin les \u0153uvres du XX\u00e8 si\u00e8cle et le baroque pour le dernier disque. Ce ne sont que des extraits bien s\u00fbr, mais ils nous offrent une chanteuse dans toute sa complexit\u00e9, aussi heureuse de chanter du Victor Mass\u00e9 que Betsy Jolas. C\u2019est \u00e0 travers ce coffret que l\u2019on pourra explorer la discographie de Mady Mespl\u00e9, mais il y aura aussi bien s\u00fbr quelques sorties pour aller voir les autres disques. Mais nous aurons au moins les quatre parties\u00a0: op\u00e9ra, op\u00e9rette, m\u00e9lodie et toutes les choses originales qu\u2019elle a pu chanter.<\/p>\n<p style=\"text-align: justify;\"><img loading=\"lazy\" decoding=\"async\" class=\"alignleft wp-image-2575\" src=\"http:\/\/erikcarnets.fr\/wp-content\/uploads\/Mespl\u00e9_CD1_op\u00e9ra-300x300.jpg\" alt=\"\" width=\"250\" height=\"250\" srcset=\"https:\/\/erikcarnets.fr\/wp-content\/uploads\/Mespl\u00e9_CD1_op\u00e9ra-300x300.jpg 300w, https:\/\/erikcarnets.fr\/wp-content\/uploads\/Mespl\u00e9_CD1_op\u00e9ra-1024x1022.jpg 1024w, https:\/\/erikcarnets.fr\/wp-content\/uploads\/Mespl\u00e9_CD1_op\u00e9ra-150x150.jpg 150w, https:\/\/erikcarnets.fr\/wp-content\/uploads\/Mespl\u00e9_CD1_op\u00e9ra-768x766.jpg 768w, https:\/\/erikcarnets.fr\/wp-content\/uploads\/Mespl\u00e9_CD1_op\u00e9ra-1536x1533.jpg 1536w, https:\/\/erikcarnets.fr\/wp-content\/uploads\/Mespl\u00e9_CD1_op\u00e9ra-200x200.jpg 200w, https:\/\/erikcarnets.fr\/wp-content\/uploads\/Mespl\u00e9_CD1_op\u00e9ra.jpg 2000w\" sizes=\"auto, (max-width: 250px) 100vw, 250px\" \/>L\u2019op\u00e9ra commence bien s\u00fbr par <em>Lakm\u00e9<\/em>, qui est peut-\u00eatre son plus grand r\u00f4le et qu\u2019elle a grav\u00e9 en int\u00e9grale alors qu\u2019elle le chantait depuis dix-sept ans ! Il y a eu d\u2019autres enregistrements depuis, mais ce qu\u2019elle a propos\u00e9 dans ici est admirable par la limpidit\u00e9 du chant, par la pr\u00e9cision du style et la beaut\u00e9 des nuances. Elle se sort avec brio bien s\u00fbr de l\u2019air des clochettes, mais elle est aussi remarquable dans la d\u00e9licatesse des nuances. Son final est un moment de magie tant elle y est fragile et sensible. La m\u00e9lodie se d\u00e9ploie avec un l\u00e9gato splendide, les mots prennent tout leur sens et l\u2019on entend cette femme-enfant qui se sait condamn\u00e9e, mais qui de sa grande \u00e2me pardonne, aime toujours et meurt heureuse. On ne peut trouver plus d\u00e9licate et touchante interpr\u00e9tation.<\/p>\n<p style=\"text-align: center;\"><iframe loading=\"lazy\" src=\"https:\/\/www.youtube.com\/embed\/Qr0t3ViQ0lU\" width=\"560\" height=\"315\" frameborder=\"0\" allowfullscreen=\"allowfullscreen\"><\/iframe><br \/>\n<em>Delibes, Lakm\u00e9, \u00ab\u00a0Tu m\u2019as donn\u00e9 le plus doux r\u00eave\u00a0\u00bb (1968)<\/em><\/p>\n<p style=\"text-align: justify;\">D\u2019autres r\u00f4les fran\u00e7ais bien s\u00fbr avec un r\u00e9cital entre autre o\u00f9 l\u2019on entends des airs qu\u2019elle gravera ou non dans des int\u00e9grales comme <em>Werther<\/em> o\u00f9 sa Sophie rayonne de son aigu cristallin, ou <em>Mignon<\/em> avec le grand air de Philine. Dans le m\u00eame r\u00e9pertoire il y a le splendide r\u00e9cital de duo avec Nicolai Gedda o\u00f9 l\u2019on peut entendre entre autre <em>Rom\u00e9o et Juliette<\/em>, <em>Mireille<\/em>, <em>Les P\u00eacheurs de Perles<\/em>\u2026 et <em>Les Huguenots<\/em>. Ce dernier duo entre la Reine Marguerite et Raoul de Nangis montre Mady Mespl\u00e9 piquante et royale, jouant de son charme\u2026 ce qui change des r\u00f4les de jeunes filles. Et puis \u00e0 la limite entre l\u2019op\u00e9ra fran\u00e7ais et l\u2019op\u00e9ra italien se trouvent <em>Lucie de Lammermoor<\/em> qu\u2019elle grave en extrait aux c\u00f4t\u00e9s d\u2019Alain Vanzo et Robert Massard. On y entend l\u2019air en fran\u00e7ais dans sa tonalit\u00e9 originale (un ton plus haut que la version italienne donc!), avec une technique magnifique et une folie qui se trouve beaucoup mieux mise en valeur que dans la version italienne qu\u2019elle enregistra aussi. On peut aussi entendre tout un panel d\u2019airs italiens o\u00f9 elle fait briller sa voix sans que l\u2019on retrouve toutefois cette proximit\u00e9 au texte de son r\u00e9pertoire fran\u00e7ais. Son air final de <em>La Somnambula<\/em> la montre d\u2019une virtuosit\u00e9 assez bluffante.<\/p>\n<p style=\"text-align: center;\"><iframe loading=\"lazy\" src=\"https:\/\/www.youtube.com\/embed\/anvwDH-FCn0\" width=\"560\" height=\"315\" frameborder=\"0\" allowfullscreen=\"allowfullscreen\"><\/iframe><br \/>\n<em>Donizetti, Lucie de Lammermoor, sc\u00e8ne et air de la folie (1960)<\/em><\/p>\n<p style=\"text-align: justify;\">Et puis toujours dans l\u2019op\u00e9ra fran\u00e7ais, il y a toute une gamme d\u2019op\u00e9ras-comiques qui n\u2019\u00e9taient pas enregistr\u00e9s et qui ont trouv\u00e9 dans la voix et le style de Mady Mespl\u00e9 un organe \u00e0 m\u00eame de donner vie \u00e0 des personnages souvent complexes. La l\u00e9g\u00e8ret\u00e9, l\u2019aisance dans le texte, la vivacit\u00e9\u2026 on retrouve toutes ces qualit\u00e9s dans ses disques parfois difficilement trouvables maintenant. Si pour Auber il est simple d\u2019\u00e9couter <em>Fra Diavolo<\/em>, sa <em>Manon<\/em> est elle plus rare alors qu\u2019elle montre toute l\u2019\u00e9tendue du talent de la chanteuse, depuis la mutine et frivole jeune fille jusqu\u2019\u00e0 cette femme qui meurt en plein d\u00e9sert. Suivant l\u2019\u00e9volution de la musique magnifiquement travaill\u00e9e d\u2019Auber, Mady Mespl\u00e9 semble se fondre dans ce personnage. Elle enregistra aussi des \u0153uvres de Gr\u00e9try\u2026 mais aussi de nombreux Offenbach rares en un acte. Tous ces enregistrements sont un v\u00e9ritable tr\u00e9sor car ils montrent combien plus qu\u2019une simple machine \u00e0 note, elle avait l\u2019esprit pour ces pi\u00e8ces spirituelles.<\/p>\n<p style=\"text-align: center;\"><iframe loading=\"lazy\" src=\"https:\/\/www.youtube.com\/embed\/xI4siIIZiwE\" width=\"560\" height=\"315\" frameborder=\"0\" allowfullscreen=\"allowfullscreen\"><\/iframe><br \/>\n<em>Offenbach, La Vie parisienne, \u00ab\u00a0Je suis veuve d\u2019un colonel\u00a0\u00bb (1976)<\/em><\/p>\n<p style=\"text-align: justify;\">C\u2019est bien s\u00fbr dans tout ce r\u00e9pertoire lyrique qu\u2019elle est le plus document\u00e9e et qu\u2019elle montre tout son talent et toutes les possibilit\u00e9s de sa voix\u2026 mais elle explorera bien d\u2019autres r\u00e9pertoire\u2026 comme l\u2019op\u00e9rette. Mais avant d\u2019y passer, il faut rester un peu dans l\u2019op\u00e9ra et aller voir du c\u00f4t\u00e9 germanique du r\u00e9pertoire. Elle n\u2019a pas chant\u00e9 beaucoup en allemand, mais elle aurait r\u00eav\u00e9 de chanter Wagner si elle avait eu la voix pour et r\u00eavait aussi de <em>Lulu<\/em> de Berg qu\u2019elle aurait pour le coup pu chanter ! Mais en 1966, elle se frottait \u00e0 Richard Strauss et plus particuli\u00e8rement <em>Ariadne auf Naxos<\/em> lors du Festival d\u2019Aix-en-Provence, aux c\u00f4t\u00e9 de R\u00e9gine Crespin. Elle chantait bien s\u00fbr le r\u00f4le de Zerbinette avec une aisance l\u00e0 aussi toute confondante malgr\u00e9 un grand air qui est sem\u00e9 emb\u00fbches ! Et une vid\u00e9o existe\u2026 une des rares vid\u00e9os en plus o\u00f9 l\u2019on peut voir Mady Mespl\u00e9 jouer et chanter. Et l\u2019on comprend que plus qu\u2019une voix, c\u2019\u00e9tait aussi une actrice, qui virevolte avec aisance sur la sc\u00e8ne.<\/p>\n<p style=\"text-align: center;\"><iframe loading=\"lazy\" src=\"https:\/\/www.youtube.com\/embed\/Mkhb926mMLQ\" width=\"560\" height=\"315\" frameborder=\"0\" allowfullscreen=\"allowfullscreen\"><\/iframe><br \/>\n<em>Strauss, Ariadne auf Naxos, \u00ab\u00a0Gro\u00dfm\u00e4chtige Prinzessin\u00a0\u00bb (1966)<\/em><\/p>\n<p style=\"text-align: justify;\"><img loading=\"lazy\" decoding=\"async\" class=\"alignleft wp-image-2578\" src=\"http:\/\/erikcarnets.fr\/wp-content\/uploads\/Mespl\u00e9_CD2_op\u00e9rette-300x300.jpg\" alt=\"\" width=\"250\" height=\"250\" srcset=\"https:\/\/erikcarnets.fr\/wp-content\/uploads\/Mespl\u00e9_CD2_op\u00e9rette-300x300.jpg 300w, https:\/\/erikcarnets.fr\/wp-content\/uploads\/Mespl\u00e9_CD2_op\u00e9rette-1022x1024.jpg 1022w, https:\/\/erikcarnets.fr\/wp-content\/uploads\/Mespl\u00e9_CD2_op\u00e9rette-150x150.jpg 150w, https:\/\/erikcarnets.fr\/wp-content\/uploads\/Mespl\u00e9_CD2_op\u00e9rette-768x770.jpg 768w, https:\/\/erikcarnets.fr\/wp-content\/uploads\/Mespl\u00e9_CD2_op\u00e9rette-1533x1536.jpg 1533w, https:\/\/erikcarnets.fr\/wp-content\/uploads\/Mespl\u00e9_CD2_op\u00e9rette-200x200.jpg 200w, https:\/\/erikcarnets.fr\/wp-content\/uploads\/Mespl\u00e9_CD2_op\u00e9rette.jpg 2040w\" sizes=\"auto, (max-width: 250px) 100vw, 250px\" \/>Elle grava exclusivement pour la maison de disque EMI, ou La Voix de son Ma\u00eetre auparavant. Et il semble que les responsables de cette institution aient voulus lui faire chanter principalement un r\u00e9pertoire plus l\u00e9ger puisqu\u2019elle enregistra de nombreuses op\u00e9rettes. Hahn, Lecocq, Messager, Planquette, Varney ou Offenbach. Pourtant, elle a peu chant\u00e9 ces compositeurs sur sc\u00e8ne. Elle le grave avec la m\u00eame fra\u00eecheur que pour l\u2019op\u00e9ra-comique. Malgr\u00e9 son peu d\u2019habitude \u00e0 le chanter, elle va proposer des versions de r\u00e9f\u00e9rence et trouve encore une fois le ton juste entre d\u00e9monstration vocale, l\u00e9g\u00e8ret\u00e9 de l\u2019intrigue et nuances musicales. Souvent l\u2019entourage n\u2019est pas forc\u00e9ment \u00e0 sa hauteur, mais tout de m\u00eame quelle <em>Ciboulette<\/em> nous propose Mady Mespl\u00e9 ! De m\u00eame, sa <em>V\u00e9ronique<\/em> ou sa <em>Madame Chrysanth\u00e8me<\/em>\u2026 dans tous les cas des ouvrages rares et qui sont offerts avec beaucoup de simplicit\u00e9.<\/p>\n<p style=\"text-align: center;\"><iframe loading=\"lazy\" src=\"https:\/\/www.youtube.com\/embed\/IkcWdfRO5pc\" width=\"560\" height=\"315\" frameborder=\"0\" allowfullscreen=\"allowfullscreen\"><\/iframe><br \/>\n<em>Messager, Madame Chrysanth\u00e8me, \u00ab Le jour sous le soleil b\u00e9ni \u00bb (1980)<\/em><\/p>\n<p style=\"text-align: justify;\"><img loading=\"lazy\" decoding=\"async\" class=\"alignleft wp-image-2577\" src=\"http:\/\/erikcarnets.fr\/wp-content\/uploads\/Mespl\u00e9_CD3_m\u00e9lodies-300x298.jpg\" alt=\"\" width=\"250\" height=\"248\" srcset=\"https:\/\/erikcarnets.fr\/wp-content\/uploads\/Mespl\u00e9_CD3_m\u00e9lodies-300x298.jpg 300w, https:\/\/erikcarnets.fr\/wp-content\/uploads\/Mespl\u00e9_CD3_m\u00e9lodies-1024x1018.jpg 1024w, https:\/\/erikcarnets.fr\/wp-content\/uploads\/Mespl\u00e9_CD3_m\u00e9lodies-150x150.jpg 150w, https:\/\/erikcarnets.fr\/wp-content\/uploads\/Mespl\u00e9_CD3_m\u00e9lodies-768x763.jpg 768w, https:\/\/erikcarnets.fr\/wp-content\/uploads\/Mespl\u00e9_CD3_m\u00e9lodies-1536x1527.jpg 1536w, https:\/\/erikcarnets.fr\/wp-content\/uploads\/Mespl\u00e9_CD3_m\u00e9lodies.jpg 1960w\" sizes=\"auto, (max-width: 250px) 100vw, 250px\" \/>A partir des ann\u00e9es soixante-dix, la soprano commence \u00e0 se frotter \u00e0 l\u2019exercice de la m\u00e9lodie, principalement fran\u00e7aise, mais aussi parfois allemande avec notamment quelques Liszt superbes. Elle participe \u00e0 de nombreux enregistrements collectifs de m\u00e9lodies fran\u00e7aises, mais a aussi r\u00e9ussi \u00e0 enregistrer quelques disques seule. Le premier est assez original puisqu\u2019en 1975 ce sont des bergerettes et des pastourelles du XVIII\u00e8 si\u00e8cle qui paraissent au disque. Accompagn\u00e9e au clavecin par Janine Reiss (morte quelques jours apr\u00e8s Mady Mespl\u00e9), elle aborde un r\u00e9pertoire rare et peu mis en avant \u00e0 l\u2019\u00e9poque, avec toujours une interpr\u00e9tation qui \u00e9vite la mi\u00e8vrerie. Bien s\u00fbr on est habitu\u00e9s actuellement \u00e0 une interpr\u00e9tation plus historiquement inform\u00e9e, mais la prestation des deux dames est superbe.<\/p>\n<p style=\"text-align: center;\"><iframe loading=\"lazy\" src=\"https:\/\/www.youtube.com\/embed\/4aIxuMeqNgk\" width=\"560\" height=\"315\" frameborder=\"0\" allowfullscreen=\"allowfullscreen\"><\/iframe><br \/>\n<em>Non je n\u2019irai plus au bois (1975)<\/em><\/p>\n<p style=\"text-align: justify;\">Deux ans apr\u00e8s, les deux m\u00eames artistes proposent un bouquet de m\u00e9lodies fran\u00e7aises r\u00e9unissant Gounod, Hahn, Faur\u00e9 et Debussy. La voix est assez id\u00e9ale pour ces m\u00e9lodies, choisissant avant tout des pi\u00e8ces qui mettent en avant le l\u00e9gato et la beaut\u00e9 du timbre. Toujours cet art dans une diction splendide, une d\u00e9licatesse de touche pour des nuances miraculeuses. Certains trouveront ces interpr\u00e9tations un peu dat\u00e9es, mais on trouve aussi une lumi\u00e8re assez rare. Et l\u2019accompagnement de Janine Reiss est superbe.<\/p>\n<p style=\"text-align: center;\"><iframe loading=\"lazy\" src=\"https:\/\/www.youtube.com\/embed\/V4MAXvjEduU\" width=\"560\" height=\"315\" frameborder=\"0\" allowfullscreen=\"allowfullscreen\"><\/iframe><br \/>\n<em>Gounod, \u00d4 ma belle rebelle (1977)<\/em><\/p>\n<p style=\"text-align: justify;\">En 1986 enfin, voici qu\u2019elle nous offre un disque consacr\u00e9 \u00e0 Poulenc et on y entend une voix qui a \u00e9volu\u00e9. Elle a d\u00e9finitivement quitt\u00e9 les r\u00f4les \u00e0 sur-aigus et la voix a gagn\u00e9 en corps et en graves. Mais l\u2019on conserve cette distinction et ce piquant dans l\u2019interpr\u00e9tation. Ses <em>Fian\u00e7ailles pour Rire<\/em> sont magistrales mais surtout il y a cette <em>Dame de Monte-Carlo<\/em> tout bonnement fabuleuse. Elle semble tout avoir compris au personnage ici propos\u00e9 et elle sera encore plus fascinante quatre ans plus tard au gala d\u2019adieu de R\u00e9gine Crespin. Heureusement l\u2019on conserve une vid\u00e9o de ce gala et si les interventions de R\u00e9gine Crespin sont particuli\u00e8rement dr\u00f4les (elle ne pouvait malheureusement pas chanter), c\u2019est ce moment qui retient l\u2019attention : Mady Mespl\u00e9 arrive et prend possession de la sc\u00e8ne pour cette pi\u00e8ce et semble totalement vivre le drame de cette grande dame.<\/p>\n<p style=\"text-align: center;\"><iframe loading=\"lazy\" src=\"https:\/\/www.youtube.com\/embed\/r6QwlvlonRo\" width=\"560\" height=\"315\" frameborder=\"0\" allowfullscreen=\"allowfullscreen\"><\/iframe><br \/>\n<em>Poulenc, La Dame de Monte-Carlo (1990)<\/em><\/p>\n<p style=\"text-align: justify;\"><img loading=\"lazy\" decoding=\"async\" class=\"alignleft wp-image-2576\" src=\"http:\/\/erikcarnets.fr\/wp-content\/uploads\/Mespl\u00e9_CD4_contemporain-300x298.jpg\" alt=\"\" width=\"250\" height=\"248\" srcset=\"https:\/\/erikcarnets.fr\/wp-content\/uploads\/Mespl\u00e9_CD4_contemporain-300x298.jpg 300w, https:\/\/erikcarnets.fr\/wp-content\/uploads\/Mespl\u00e9_CD4_contemporain-1024x1018.jpg 1024w, https:\/\/erikcarnets.fr\/wp-content\/uploads\/Mespl\u00e9_CD4_contemporain-150x150.jpg 150w, https:\/\/erikcarnets.fr\/wp-content\/uploads\/Mespl\u00e9_CD4_contemporain-768x763.jpg 768w, https:\/\/erikcarnets.fr\/wp-content\/uploads\/Mespl\u00e9_CD4_contemporain-1536x1527.jpg 1536w, https:\/\/erikcarnets.fr\/wp-content\/uploads\/Mespl\u00e9_CD4_contemporain.jpg 1976w\" sizes=\"auto, (max-width: 250px) 100vw, 250px\" \/>Et puis pour terminer ce parcours, il y a les deux extr\u00eames : le baroque italien et le contemporain. On avait d\u00e9j\u00e0 entendu des m\u00e9lodies du XVIII\u00e8 si\u00e8cle, mais elle a aussi abord\u00e9 Cl\u00e9rambault ou Vivaldi ! Et d\u2019ailleurs, elle a entre autre chant\u00e9 le fameux <em>In furore<\/em> de Vivaldi. L\u2019\u00e9coute est assez impressionnante. Bien s\u00fbr l\u2019orchestre n\u2019a pas le tranchant et la sonorit\u00e9 de ce que l\u2019on peut peut produire actuellement dans la baroque italien, mais le r\u00e9sultat reste tout de m\u00eame assez convaincant. Et surtout la voix de Mady Mespl\u00e9 semble se plier parfaitement aux acrobaties et \u00e0 la rh\u00e9torique de Vivaldi ! Avec un rien elle aurait \u00e9t\u00e9 parfaite dans ce style pourtant si peu chant\u00e9 \u00e0 l\u2019\u00e9poque ! Il est sid\u00e9rant d\u2019entendre une telle interpr\u00e9tation dans un enregistrement qui date pourtant de 1970, date \u00e0 laquelle la r\u00e9volution baroque n\u2019\u00e9tait pas encore d\u2019actualit\u00e9, seulement port\u00e9e par quelques pr\u00e9curseurs bien rares. Quelle carri\u00e8re elle aurait pu faire aussi dans ce r\u00e9pertoire !<\/p>\n<p style=\"text-align: center;\"><iframe loading=\"lazy\" src=\"https:\/\/www.youtube.com\/embed\/OobVXSdMYdA\" width=\"560\" height=\"315\" frameborder=\"0\" allowfullscreen=\"allowfullscreen\"><\/iframe><br \/>\n<em>Vivaldi, \u00ab In Furore Giustissimae Irae \u00bb, RV 626 (1970)<\/em><\/p>\n<p style=\"text-align: justify;\">\u00c0 l\u2019autre bout du spectre, Mady Mespl\u00e9 a beaucoup \u0153uvr\u00e9 pour les cr\u00e9ations et en a enregistr\u00e9 quelques unes. Elle a aussi collabor\u00e9 plusieurs fois avec Pierre Boulez pour enregistrer du Sch\u00f6nberg entre autre ! On ne conna\u00eet que trop rarement cette partie de la carri\u00e8re de la soprano. Et pourtant elle semble s\u2019y mouvoir avec beaucoup d\u2019aisance. Mettant \u00e0 profit s\u00fbrement sa grande facilit\u00e9 \u00e0 lire une partition venue de ses \u00e9tudes de piano, elle interpr\u00e8te les parties les plus ardues et toujours avec cette voix assez miraculeuse. L\u2019exemple le plus probant est sans doute ce <em>Quatuor II<\/em> de Betsy Jolas. Compos\u00e9 pour soprano, violon, alto et violoncelle, il est enregistr\u00e9 par Mady Mespl\u00e9 en 1967, un an apr\u00e8s l\u2019avoir cr\u00e9\u00e9. Sa voix se fait alors instrumentale puisqu\u2019elle n\u2019a aucun texte \u00e0 dire, mais juste une ligne musicale avec des phon\u00e8mes. Mais elle enregistrera d\u2019autres pi\u00e8ces tout es aussi exigeantes comme les <em>Quatre Po\u00e8mes de Sappho<\/em> de Charles Chaynes par exemple.<\/p>\n<p style=\"text-align: center;\"><iframe loading=\"lazy\" src=\"https:\/\/www.youtube.com\/embed\/9Dk9_GIUY9E\" width=\"560\" height=\"315\" frameborder=\"0\" allowfullscreen=\"allowfullscreen\"><\/iframe><br \/>\n<em>Betsy Jolas, Quatuor II (1967)<\/em><\/p>\n<p style=\"text-align: justify;\">Voil\u00e0 donc une petite promenade dans la discographie de Mady Mespl\u00e9, promenade forc\u00e9ment subjective mais qui donne une assez bonne vision normalement de la diversit\u00e9 et de l\u2019importance du r\u00e9pertoire de Mady Mespl\u00e9. Elle \u00e9tait connue du grand public avant tout pour <em>Lakm\u00e9<\/em> et ses prestations chez Jacques Martin ou Pascal Sevran \u00e0 la t\u00e9l\u00e9vision\u2026 mais lors de ces passages, elle ne chantait pas exactement son r\u00e9pertoire de c\u0153ur, pr\u00e9f\u00e9rant offrir des pi\u00e8ces plus l\u00e9g\u00e8res qui \u00e9taient s\u00fbrement plus faciles d\u2019acc\u00e8s que des compositions contemporaines ou des m\u00e9lodies. Grand artiste, elle aura eu la curiosit\u00e9 de se frotter \u00e0 tout le r\u00e9pertoire alors qu\u2019il \u00e9tait beaucoup moins ouvert qu\u2019actuellement et que chanter du baroque fran\u00e7ais comme Cl\u00e9rambault ou encore du Vivaldi \u00e9tait aussi r\u00e9volutionnaire que de participer \u00e0 des cr\u00e9ations mondiales. Le but de ce modeste article n\u2019est pas de dresser un portrait totalement complet, mais de proposer les diff\u00e9rentes facettes de son art au travers d\u2019extraits et de quelques impressions personnelles.<\/p>\n<div id=\"attachment_2581\" style=\"width: 510px\" class=\"wp-caption aligncenter\"><a href=\"http:\/\/erikcarnets.fr\/wp-content\/uploads\/mespl\u00e9_legion_honneur.jpg\" target=\"_blank\" rel=\"noopener noreferrer\"><img loading=\"lazy\" decoding=\"async\" aria-describedby=\"caption-attachment-2581\" class=\"wp-image-2581\" src=\"http:\/\/erikcarnets.fr\/wp-content\/uploads\/mespl\u00e9_legion_honneur-300x197.jpg\" alt=\"\" width=\"500\" height=\"329\" srcset=\"https:\/\/erikcarnets.fr\/wp-content\/uploads\/mespl\u00e9_legion_honneur-300x197.jpg 300w, https:\/\/erikcarnets.fr\/wp-content\/uploads\/mespl\u00e9_legion_honneur-768x506.jpg 768w, https:\/\/erikcarnets.fr\/wp-content\/uploads\/mespl\u00e9_legion_honneur.jpg 1024w\" sizes=\"auto, (max-width: 500px) 100vw, 500px\" \/><\/a><p id=\"caption-attachment-2581\" class=\"wp-caption-text\">Le Pr\u00e9sident de la R\u00e9publique (Nicolas Sarkozy) remettant les insignes de Commandeur dans l&rsquo;Ordre de la L\u00e9gion d&rsquo;Honneur \u00e0 Mady Mespl\u00e9 (22 d\u00e9cembre 2011).<\/p><\/div>\n<p style=\"text-align: justify;\">Esp\u00e9rons que tous ses enregistrements seront r\u00e9-\u00e9dit\u00e9s dans les ann\u00e9es qui viennent, m\u00eame si l\u2019on aura beaucoup plus d\u2019op\u00e9rette qu\u2019elle n\u2019en a vraiment chant\u00e9 sur sc\u00e8ne, l\u2019on aura acc\u00e8s \u00e0 des p\u00e9pites maintenant trop difficiles \u00e0 trouver. Une grande dame du chant fran\u00e7ais s\u2019est \u00e9teinte mais la voix reste et sa large discographie nous permettra de toujours profiter des immenses qualit\u00e9s d\u2019une chanteuse hors norme.<\/p>\n","protected":false},"excerpt":{"rendered":"<p>En cette fin de confinement, Mady Mespl\u00e9 nous quittait \u00e0 89 ans. Quelques semaines avant c\u2019\u00e9tait Gabriel Bacquier, quelques jours apr\u00e8s ce sera Janine Reiss. C\u2019est une partie du chant [&hellip;]<\/p>\n","protected":false},"author":1,"featured_media":0,"comment_status":"open","ping_status":"closed","sticky":false,"template":"","format":"standard","meta":{"jetpack_post_was_ever_published":false,"_jetpack_newsletter_access":"","_jetpack_dont_email_post_to_subs":false,"_jetpack_newsletter_tier_id":0,"_jetpack_memberships_contains_paywalled_content":false,"_jetpack_memberships_contains_paid_content":false,"footnotes":"","jetpack_publicize_message":"","jetpack_publicize_feature_enabled":true,"jetpack_social_post_already_shared":true,"jetpack_social_options":{"image_generator_settings":{"template":"highway","default_image_id":0,"font":"","enabled":false},"version":2}},"categories":[105,3,1],"tags":[93,31,55,150,57,49,154,94,32,84,53,33,71],"class_list":["post-2572","post","type-post","status-publish","format-standard","hentry","category-documentaire","category-musique_classique","category-non-classe","tag-delibes","tag-donizetti","tag-epoque_baroque","tag-epoque-contemporaine","tag-epoque_romantique","tag-gounod","tag-jolas","tag-messager","tag-mozart","tag-offenbach","tag-poulenc","tag-strauss","tag-vivaldi","clearfix"],"jetpack_publicize_connections":[],"jetpack_featured_media_url":"","jetpack_shortlink":"https:\/\/wp.me\/p4G2uP-Fu","jetpack_sharing_enabled":true,"_links":{"self":[{"href":"https:\/\/erikcarnets.fr\/index.php?rest_route=\/wp\/v2\/posts\/2572","targetHints":{"allow":["GET"]}}],"collection":[{"href":"https:\/\/erikcarnets.fr\/index.php?rest_route=\/wp\/v2\/posts"}],"about":[{"href":"https:\/\/erikcarnets.fr\/index.php?rest_route=\/wp\/v2\/types\/post"}],"author":[{"embeddable":true,"href":"https:\/\/erikcarnets.fr\/index.php?rest_route=\/wp\/v2\/users\/1"}],"replies":[{"embeddable":true,"href":"https:\/\/erikcarnets.fr\/index.php?rest_route=%2Fwp%2Fv2%2Fcomments&post=2572"}],"version-history":[{"count":5,"href":"https:\/\/erikcarnets.fr\/index.php?rest_route=\/wp\/v2\/posts\/2572\/revisions"}],"predecessor-version":[{"id":2584,"href":"https:\/\/erikcarnets.fr\/index.php?rest_route=\/wp\/v2\/posts\/2572\/revisions\/2584"}],"wp:attachment":[{"href":"https:\/\/erikcarnets.fr\/index.php?rest_route=%2Fwp%2Fv2%2Fmedia&parent=2572"}],"wp:term":[{"taxonomy":"category","embeddable":true,"href":"https:\/\/erikcarnets.fr\/index.php?rest_route=%2Fwp%2Fv2%2Fcategories&post=2572"},{"taxonomy":"post_tag","embeddable":true,"href":"https:\/\/erikcarnets.fr\/index.php?rest_route=%2Fwp%2Fv2%2Ftags&post=2572"}],"curies":[{"name":"wp","href":"https:\/\/api.w.org\/{rel}","templated":true}]}}