{"id":2460,"date":"2019-12-21T16:47:05","date_gmt":"2019-12-21T15:47:05","guid":{"rendered":"http:\/\/erikcarnets.fr\/?p=2460"},"modified":"2020-01-31T15:22:12","modified_gmt":"2020-01-31T14:22:12","slug":"cadeau-de-cecilia-bartoli-a-la-philharmonie","status":"publish","type":"post","link":"https:\/\/erikcarnets.fr\/?p=2460","title":{"rendered":"Cadeau de Cecilia Bartoli \u00e0 la Philharmonie"},"content":{"rendered":"<p style=\"text-align: justify;\"><a href=\"http:\/\/erikcarnets.fr\/?p=2460\"><img loading=\"lazy\" decoding=\"async\" class=\"alignleft wp-image-2463\" src=\"http:\/\/erikcarnets.fr\/wp-content\/uploads\/bartoli_5_Bruxelles-232x300.jpg\" alt=\"\" width=\"300\" height=\"388\" srcset=\"https:\/\/erikcarnets.fr\/wp-content\/uploads\/bartoli_5_Bruxelles-232x300.jpg 232w, https:\/\/erikcarnets.fr\/wp-content\/uploads\/bartoli_5_Bruxelles-768x994.jpg 768w, https:\/\/erikcarnets.fr\/wp-content\/uploads\/bartoli_5_Bruxelles.jpg 791w\" sizes=\"auto, (max-width: 300px) 100vw, 300px\" \/><\/a>Comme presque tous les ans, Cecilia Bartoli nous a fait un cadeau de No\u00ebl en avance avec un r\u00e9cital paru au mois de novembre. Replongeant sur les traces de son splendide Sacrificium de 2009, elle repart sur les traces des castrats, mais cette fois en se centrant sur la figure embl\u00e9matique de ces illustres chanteurs : Farinelli ! Cela nous vaut une pochette comme toujours tr\u00e8s \u00e9trange, mais qui accroche l\u2019\u0153il, et des airs superbes m\u00eame si nous avons moins d\u2019in\u00e9dits que souvent \u00e9tant donn\u00e9 combien le r\u00e9pertoire de ce castrat a \u00e9t\u00e9 enregistr\u00e9 de nombreuses fois notamment par Ann Hallenberg. Cette derni\u00e8re a d\u2019abord effectu\u00e9 une tourn\u00e9e avec Christophe Rousset, puis a publi\u00e9 il y a peu un disque qui permet d\u2019entendre les variations annot\u00e9es par Farinelli lui-m\u00eame sur les partitions qui existent encore ! Bien s\u00fbr, toute sortie de disque par Bartoli est suivie par une grande tourn\u00e9e lui permettant de se montrer sous son meilleur jour. Mais au lieu cette fois de reprendre les airs enregistr\u00e9s au disque, elle va aller piocher dans d\u2019autres disques, voir dans des r\u00f4les chant\u00e9s il y a peu\u2026 et m\u00eame nous offrir une mise en sc\u00e8ne ! Comme toujours, Cecilia Bartoli est tr\u00e8s g\u00e9n\u00e9reuse avec son public !<!--more--><\/p>\n<p style=\"text-align: justify;\">Entendre et voir Cecilia Bartoli en r\u00e9cital est toujours un moment \u00e0 part. Si la version sc\u00e9nique lui permet de donner des portraits complets et splendides comme elle l\u2019a pu \u00eatre en Desdemona dans <em>Otello<\/em> de Rossini, <a href=\"http:\/\/erikcarnets.fr\/?p=1113\"><em>Norma<\/em><\/a> bien s\u00fbr ou encore cette <em>Alcina<\/em> fantastique l\u2019<a href=\"http:\/\/erikcarnets.fr\/?p=1739\" target=\"_blank\" rel=\"noopener noreferrer\">ann\u00e9e derni\u00e8re<\/a>\u2026 nous n\u2019avons pas le spectacle de La Bartoli. En effet la mezzo-soprano italienne a une pr\u00e9sence sur sc\u00e8ne qui lui permet de fasciner le public m\u00eame en encha\u00eenant les airs. On sent un tel plaisir de chanter chez elle, un plaisir de communiquer avec le public, de lui offrir des moments superbes. Alors oui, certains parleront de minauderies, d\u2019effets\u2026 peut-\u00eatre, mais tout cela est tellement r\u00e9alis\u00e9 avec bonne humeur ! Et encore une fois, avec une telle g\u00e9n\u00e9rosit\u00e9. Ainsi, le concert donn\u00e9 \u00e0 la Philharmonie aurait pu n\u2019\u00eatre qu\u2019un r\u00e9cital comme les autres avec une chanteuse immobile devant l\u2019orchestre, chantant ses airs sans chercher trop \u00e0 les vivres sc\u00e9niquement. Mais non, voici que nous avons droit \u00e0 une mise en sc\u00e8ne certes minimaliste mais tout de m\u00eame beaucoup plus lourde \u00e0 g\u00e9rer qu\u2019un habituel r\u00e9cital. Ainsi, Bartoli restera tout le temps sur sc\u00e8ne, avec une petite loge ouverte am\u00e9nag\u00e9e sur sc\u00e8ne et un aide qui lui pr\u00eatera main forte pour ses changements de costumes ou de perruques. Si elle fait son entr\u00e9e en homme avec cheveux courts et grande veste, elle va petit \u00e0 petit se d\u00e9couvrir pour \u00eatre en chemise, changer de perruque\u2026 puis mettre une robe avec encore une autre perruque pour incarner Cl\u00e9op\u00e2tre chez Hasse et Haendel\u2026 et puis pour terminer la premi\u00e8re partie c\u2019est son magnifique costume inaugur\u00e9 pour la grande tourn\u00e9e Sacrificium qui sera de sortie avec plastron dor\u00e9e en haut, pantalon noir et botes hautes en bas\u2026 et une grande tra\u00eene rouge comme une robe largement ouverte sur le devant ! Et voici notre chanteuse pr\u00e9f\u00e9r\u00e9e qui va arpenter la sc\u00e8ne, faire de mouvements de tra\u00eene durant le fameux \u00ab Nobil onda \u00bb ! Et puis il ne faut pas oublier les interactions avec les musiciens comme le trompettiste qui lui coupe la reprise du \u00ab Da tempeste \u00bb !<\/p>\n<div id=\"attachment_2465\" style=\"width: 510px\" class=\"wp-caption aligncenter\"><a href=\"http:\/\/erikcarnets.fr\/wp-content\/uploads\/bartoli_1.jpg\" target=\"_blank\" rel=\"noopener noreferrer\"><img loading=\"lazy\" decoding=\"async\" aria-describedby=\"caption-attachment-2465\" class=\"wp-image-2465\" src=\"http:\/\/erikcarnets.fr\/wp-content\/uploads\/bartoli_1-300x169.jpg\" alt=\"\" width=\"500\" height=\"281\" srcset=\"https:\/\/erikcarnets.fr\/wp-content\/uploads\/bartoli_1-300x169.jpg 300w, https:\/\/erikcarnets.fr\/wp-content\/uploads\/bartoli_1-1024x576.jpg 1024w, https:\/\/erikcarnets.fr\/wp-content\/uploads\/bartoli_1-768x432.jpg 768w, https:\/\/erikcarnets.fr\/wp-content\/uploads\/bartoli_1-1536x864.jpg 1536w, https:\/\/erikcarnets.fr\/wp-content\/uploads\/bartoli_1.jpg 1985w\" sizes=\"auto, (max-width: 500px) 100vw, 500px\" \/><\/a><p id=\"caption-attachment-2465\" class=\"wp-caption-text\">Photographie de publicit\u00e9 pour le disque \u00ab\u00a0Farinelli\u00a0\u00bb<\/p><\/div>\n<p style=\"text-align: justify;\">La deuxi\u00e8me partie la voit arriver en tenue masculine de nouveau, mais plus sobre que dans le premi\u00e8re partie : grande chemise \u00e0 jabot blanche sur un costume noir\u2026 la chevelure nou\u00e9e dans une grande queue de cheval. Puis une robe sobre, noir avec des broderies dor\u00e9e pour la fin du programme. Mais c\u2019\u00e9tait sans compter sur les bis\u2026 et voici qu\u2019apr\u00e8s de nombreux applaudissements, elle revient sur sc\u00e8ne toujours avec cette m\u00eame robe, mais remont\u00e9e sur le devant, laissant appara\u00eetre pantalon noir et botes en cuir, montrant ainsi sa transformation pour le \u00ab Dopo notte \u00bb masculin o\u00f9 on retrouve la cigarette de la mise en sc\u00e8ne d\u2019<em>Ardiodante<\/em> de la mise en sc\u00e8ne de Christof Loy lors de sa prise de r\u00f4le en 2017. Par la suite, la robe retrouvera sa position normale alors que hautbois et trompette viennent rivaliser de virtuosit\u00e9 avec elle\u2026 et apr\u00e8s encore une grande salve d\u2019applaudissements, elle revient dans sa tenue du \u00ab Nobil onda \u00bb mais avec en plus un panache de plume qu\u2019elle jettera dans une sortie sc\u00e9nographi\u00e9e afin d\u2019indiquer que tout est fini ! Il aurait \u00e9t\u00e9 si simple de ne pr\u00e9senter qu\u2019un r\u00e9cital\u2026 mais la g\u00e9n\u00e9rosit\u00e9 toujours !<\/p>\n<div id=\"attachment_2466\" style=\"width: 510px\" class=\"wp-caption aligncenter\"><a href=\"http:\/\/erikcarnets.fr\/wp-content\/uploads\/bartoli_3.jpg\" target=\"_blank\" rel=\"noopener noreferrer\"><img loading=\"lazy\" decoding=\"async\" aria-describedby=\"caption-attachment-2466\" class=\"wp-image-2466\" src=\"http:\/\/erikcarnets.fr\/wp-content\/uploads\/bartoli_3-300x169.jpg\" alt=\"\" width=\"500\" height=\"281\" srcset=\"https:\/\/erikcarnets.fr\/wp-content\/uploads\/bartoli_3-300x169.jpg 300w, https:\/\/erikcarnets.fr\/wp-content\/uploads\/bartoli_3-1024x576.jpg 1024w, https:\/\/erikcarnets.fr\/wp-content\/uploads\/bartoli_3-768x432.jpg 768w, https:\/\/erikcarnets.fr\/wp-content\/uploads\/bartoli_3-1536x864.jpg 1536w, https:\/\/erikcarnets.fr\/wp-content\/uploads\/bartoli_3.jpg 2048w\" sizes=\"auto, (max-width: 500px) 100vw, 500px\" \/><\/a><p id=\"caption-attachment-2466\" class=\"wp-caption-text\">A Naples lors du concert de la tourn\u00e9e Sacrificium.<\/p><\/div>\n<p style=\"text-align: justify;\">Le programme \u00e9trangement ne fait pas tant que \u00e7a la part belle au dernier disque avec au contraire une bonne partie des airs issus de son r\u00e9cital Sacrificium\u2026 mais elle va aussi chercher dans Opera Proibita, Dolce Duello, ses r\u00f4les chant\u00e9s int\u00e9gralement\u2026 c\u2019est en fait un grand m\u00e9lange, la chanteuse cherchant s\u00fbrement avant tout \u00e0 se faire plaisir dans des airs qu\u2019elle aime. On notera la recherche concernant les parties musicales avec deux Haendel qui ne sont certes pas rares, mais par contre un <em>concerto per tromba<\/em> de Johann Friedrich Fasch avant le <em>concerto per flauto<\/em> de Johann Joachim Quantz. Dans les deux cas les pi\u00e8ces sont int\u00e9ressantes car il est assez rare d\u2019entendre un concerto pour trompette et que dans les deux cas ils sont jou\u00e9s par des musiciens issus de l\u2019orchestre qui impressionnent par la qualit\u00e9 d\u2019ex\u00e9cution et la sensibilit\u00e9. Car c\u2019est l\u00e0 le moment de saluer la qualit\u00e9 des <strong>Musiciens du Prince-Monaco<\/strong>. L\u2019ensemble a \u00e9t\u00e9 fond\u00e9 il y a un peu plus de trois ans et plac\u00e9 sous la direction artistique de Cecilia Bartoli. Il avait d\u00e9j\u00e0 montr\u00e9 ses qualit\u00e9s dans le r\u00e9cital de Javier Camarena consacr\u00e9 \u00e0 Manuel Garcia (le p\u00e8re de La Malibran et de Pauline Viardot !) mais le r\u00e9pertoire est diff\u00e9rent ici. Et on est impressionn\u00e9 par la nettet\u00e9 des ensembles, par l\u2019investissement total de chacun, par l\u2019inventivit\u00e9 des accompagnements&#8230; Le son est superbe et color\u00e9 sans pour autant \u00eatre lourd. C\u2019est vraiment un grand ensemble et on se demande m\u00eame pourquoi le disque n\u2019a pas \u00e9t\u00e9 enregistr\u00e9 avec eux qui font pourtant toute la tourn\u00e9e. Leur chef <strong>Gianluca Capuano<\/strong> les dirige avec beaucoup de finesse et surtout suit parfaitement la chanteuse. Car dans ce r\u00e9pertoire, il faut \u00eatre tr\u00e8s attentif et si Cecilia Bartoli est sans doute tr\u00e8s m\u00e9ticuleuse sur les r\u00e9p\u00e9titions, il y a tout de m\u00eame quelques moments assez compliqu\u00e9s \u00e0 mettre en place surtout avec une chanteuse qui se balade d\u2019un bout \u00e0 l\u2019autre de la sc\u00e8ne sans regarder le chef ! On retiendra ainsi le bis \u00ab Nobil onda \u00bb o\u00f9, press\u00e9e par son serviteur, Bartoli acc\u00e9l\u00e8re le tempo et o\u00f9 l\u2019on voit l\u2019orchestre r\u00e9pondre imm\u00e9diatement \u00e0 cette acc\u00e9l\u00e9ration !<\/p>\n<div id=\"attachment_2462\" style=\"width: 260px\" class=\"wp-caption alignright\"><a href=\"http:\/\/erikcarnets.fr\/wp-content\/uploads\/bartoli_2.jpg\" target=\"_blank\" rel=\"noopener noreferrer\"><img loading=\"lazy\" decoding=\"async\" aria-describedby=\"caption-attachment-2462\" class=\"wp-image-2462\" src=\"http:\/\/erikcarnets.fr\/wp-content\/uploads\/bartoli_2-300x264.jpg\" alt=\"\" width=\"250\" height=\"220\" srcset=\"https:\/\/erikcarnets.fr\/wp-content\/uploads\/bartoli_2-300x264.jpg 300w, https:\/\/erikcarnets.fr\/wp-content\/uploads\/bartoli_2-1024x900.jpg 1024w, https:\/\/erikcarnets.fr\/wp-content\/uploads\/bartoli_2-768x675.jpg 768w, https:\/\/erikcarnets.fr\/wp-content\/uploads\/bartoli_2.jpg 1500w\" sizes=\"auto, (max-width: 250px) 100vw, 250px\" \/><\/a><p id=\"caption-attachment-2462\" class=\"wp-caption-text\">Photographie de publicit\u00e9 pour le disque \u00ab\u00a0Farinelli\u00a0\u00bb<\/p><\/div>\n<p style=\"text-align: justify;\">Que dire de <strong>Cecilia Bartoli<\/strong> ? Il a \u00e9t\u00e9 d\u00e9crit plus haut son investissement sc\u00e9nique\u2026 mais il faut aussi bien s\u00fbr parler de la voix, de la technique, de la musicalit\u00e9\u2026 et tout ceci est tellement parfait depuis de si nombreuses ann\u00e9es ! Les d\u00e9buts sont peut-\u00eatre un peu moins sonores que par la suite avec un petit temps de chauffe, mais le programme est fait de telle mani\u00e8re qu\u2019elle peut se permettre pour les deux premiers airs de privil\u00e9gier le souffle et les nuances \u00e0 la puissance. Et il y a d\u00e9j\u00e0 ces variations si belles et hypnotiques, ces aigus fil\u00e9s \u00e0 l\u2019envie\u2026 Comment ne pas \u00eatre saisi devant la lenteur et la musicalit\u00e9 \u00e0 fleur de peau de cet air de <em>Merope<\/em> \u00ab Sposa, non mi conosci \u00bb o\u00f9 chaque reprise est vari\u00e9e \u00e0 l\u2019envie, avec des subtiles modifications de la ligne ou de la dynamique pour que chaque fois nous entendions une \u00e9motion diff\u00e9rente, un sentiment profond qui vient compl\u00e9ter les autres. Plus tard dans la soir\u00e9e, c\u2019est dans le \u00ab Lascia la spina \u00bb qu\u2019elle arr\u00eatera le temps pour un air d\u2019une pl\u00e9nitude et d\u2019une beaut\u00e9 rarement entendue. Cet air est souvent donn\u00e9, mais jamais ou tr\u00e8s rarement une telle plasticit\u00e9 et aussi une telle \u00e9motion. Car c\u2019est l\u00e0 une des immenses qualit\u00e9s de Cecilia Bartoli : on la r\u00e9duit trop souvent aux airs de bravoure alors qu\u2019elle est aussi miraculeuse dans ces airs lents o\u00f9 l\u2019\u00e9motion est imm\u00e9diate par une sinc\u00e9rit\u00e9 d\u00e9sarmante et une technique qui se met totalement au service de l\u2019art. Bien s\u00fbr, la virtuosit\u00e9 est aussi au rendez-vous avec ces fus\u00e9es, ces vocalises serr\u00e9es et vari\u00e9es. L\u2019exemple parfait en est bien s\u00fbr ce \u00ab Nobil onda \u00bb de Porpora o\u00f9 elle va nous montrer toute la grammaire baroque sans pour autant que l\u2019on entende une d\u00e9monstration : c\u2019est simplement la musique qui semble indiquer de faire ces variations et ces d\u00e9corations magnifiques ! Quel que soit le sentiment, la voix semble y r\u00e9pondre et Cecilia Bartoli sait aussi bien nous faire sourire d\u2019extase que nous montrer une face plus sombre. Difficile de documenter tous ces airs tant chacun est une p\u00e9pite chant\u00e9e avec un art tel qu\u2019on en vient \u00e0 se demander comment on pourrait le chanter autrement\u2026 et il faut bien avouer que pour certains airs, ils ont \u00e9t\u00e9 confisqu\u00e9s par La Bartoli pour de nombreuses ann\u00e9es malgr\u00e9 toutes les nouvelles voix qui viennent sur ces terres des castrats.<\/p>\n<div id=\"attachment_2464\" style=\"width: 510px\" class=\"wp-caption aligncenter\"><a href=\"http:\/\/erikcarnets.fr\/wp-content\/uploads\/bartoli_4_badenbaden.jpg\" target=\"_blank\" rel=\"noopener noreferrer\"><img loading=\"lazy\" decoding=\"async\" aria-describedby=\"caption-attachment-2464\" class=\"wp-image-2464\" src=\"http:\/\/erikcarnets.fr\/wp-content\/uploads\/bartoli_4_badenbaden-300x158.jpg\" alt=\"\" width=\"500\" height=\"263\" srcset=\"https:\/\/erikcarnets.fr\/wp-content\/uploads\/bartoli_4_badenbaden-300x158.jpg 300w, https:\/\/erikcarnets.fr\/wp-content\/uploads\/bartoli_4_badenbaden-1024x538.jpg 1024w, https:\/\/erikcarnets.fr\/wp-content\/uploads\/bartoli_4_badenbaden-768x403.jpg 768w, https:\/\/erikcarnets.fr\/wp-content\/uploads\/bartoli_4_badenbaden.jpg 1200w\" sizes=\"auto, (max-width: 500px) 100vw, 500px\" \/><\/a><p id=\"caption-attachment-2464\" class=\"wp-caption-text\">Saluts lors du concert \u00e0 Baden-Baden<\/p><\/div>\n<p style=\"text-align: justify;\">Quel moment magique. La communion entre la chanteuse et le public est parfaite. L\u2019\u00e9coute, la retenue dans l\u2019auditoire montre combien il a \u00e9t\u00e9 capt\u00e9 imm\u00e9diatement par la voix et la personnalit\u00e9 de Cecilia Bartoli. Et loin de rester sur sc\u00e8ne sans interagir, elle va au-devant de ses fans lors des saluts, demandant au public s\u2019il veut encore un bis\u2026 Et voici un exemple de sa simplicit\u00e9\u00a0: \u00e0 la fin de la premi\u00e8re partie, alors qu\u2019elle chante une variations lors de \u00ab\u00a0Nobil onda\u00a0\u00bb, voil\u00e0 qu\u2019elle rep\u00e8re une personne qui la filme\u2026 de mani\u00e8re totalement naturelle malgr\u00e9 le chant \u00e0 tenir et le costume, elle s\u2019approche du bord de sc\u00e8ne, montre du doigt la personne avec un grand sourire, s\u2019agenouille, mime une cam\u00e9ra, fait non du doigt et fait une r\u00e9v\u00e9rence pour remercier\u2026 le tout sans arr\u00eater de chanter, avec une simplicit\u00e9 et une gentillesse qui ne peut que faire ob\u00e9ir. Comme \u00e0 chaque fois, la venue de Cecilia Bartoli est un \u00e9v\u00e8nement\u2026 et on attend avec impatience la prochaine fois\u00a0!<\/p>\n<ul>\n<li>Paris<\/li>\n<li>Grande Salle Pierre Boulez, Philharmonie de Paris<\/li>\n<li>15 d\u00e9cembre 2019<\/li>\n<li>Georg Friedrich Haendel (1685-1759), Rinaldo : Sinfonia<\/li>\n<li>Nicola Porpora (1686-1768), La festa d\u2019Imeneo : \u201cVaghi amori\u201d<\/li>\n<li>Nicola Porpora (1686-1768), Polifemo : \u201cLontan dal solo e caro\u201d<\/li>\n<li>Georg Friedrich Haendel (1685-1759); Ariodante : Entr\u00e9e des songes funestes<\/li>\n<li>Geminiano Giacomelli (c, 1692-1740), Merope : \u201cSposa, non mi conosci\u201d<\/li>\n<li>Johann Adolf Hasse (1699-1783), Marc\u2019Antonio e Cleopatra : Sinfonia &#8211; \u201cUn sol tuo sospiro\u201d<\/li>\n<li>Georg Friedrich Haendel (0685-1759), Giulio Cesare in Egitto : \u201cV\u2019adoro pupille\u201d &#8211; \u201cDa tempeste\u201d<\/li>\n<li>Johann Friedrich Fasch (1688-1758), Concerto per tromba<\/li>\n<li>Nicolo Porpora (1686-1768), Adelaide : \u201cNobil onda\u201d<\/li>\n<li>Johann Joachim Quantz (1697-1773), Concerto per flauto<\/li>\n<li>Leonardo Leo (1694-1744), Zenobia in Palmira : \u201cQual farfalla\u201d<\/li>\n<li>Leonardo Vinci (? 1686-1730), Medo : \u201cCervo in bosco\u201d<\/li>\n<li>Antonio Cladara (? 1671-1736), La morte d\u2019Abel : Sinfonia &#8211; \u201cQuel buon pastor\u201d<\/li>\n<li>Georg Friedrich Haendel (1685-1759), Ariodante : Danza<\/li>\n<li>Georg Friedrich Haendel (1685-1759), Rinaldo : \u201cAugelletti, che cantata\u201d<\/li>\n<li>Georg Friedrich Haendel (1685-1759), Ode for St. Cecilia\u2019s Day : \u201cWhat passion cannot Music raise and quell\u201d<\/li>\n<li>Georg Friedrich Haendel (1685-1759), Ariodante : \u201cDopo notte\u201d<\/li>\n<li>Georg Friedrich Haendel (1685-1759), Il Trionfo del Tempo : \u201cLascia la spina\u201d<\/li>\n<li>Air avec hautbois et trompette oblig\u00e9e<\/li>\n<li>Nicolo Porpora (1686-1768), Adelaide : \u201cNobil onda\u201d<\/li>\n<li>Cecilia Bartoli, mezzo-soprano<\/li>\n<li>Les Musiciens du Prince-Monaco<\/li>\n<li>Gianluca Capuano, direction<\/li>\n<\/ul>\n","protected":false},"excerpt":{"rendered":"<p>Comme presque tous les ans, Cecilia Bartoli nous a fait un cadeau de No\u00ebl en avance avec un r\u00e9cital paru au mois de novembre. Replongeant sur les traces de son [&hellip;]<\/p>\n","protected":false},"author":1,"featured_media":0,"comment_status":"open","ping_status":"closed","sticky":false,"template":"","format":"standard","meta":{"jetpack_post_was_ever_published":false,"_jetpack_newsletter_access":"","_jetpack_dont_email_post_to_subs":false,"_jetpack_newsletter_tier_id":0,"_jetpack_memberships_contains_paywalled_content":false,"_jetpack_memberships_contains_paid_content":false,"footnotes":"","jetpack_publicize_message":"","jetpack_publicize_feature_enabled":true,"jetpack_social_post_already_shared":true,"jetpack_social_options":{"image_generator_settings":{"template":"highway","default_image_id":0,"font":"","enabled":false},"version":2}},"categories":[28,3],"tags":[149,55,145,143,8,144,147,23,106,146,13,148],"class_list":["post-2460","post","type-post","status-publish","format-standard","hentry","category-concert","category-musique_classique","tag-caldara","tag-epoque_baroque","tag-fasch","tag-giacomelli","tag-haendel","tag-hasse","tag-leo","tag-opera","tag-porpora","tag-quantz","tag-recital","tag-vinci","clearfix"],"jetpack_publicize_connections":[],"jetpack_featured_media_url":"","jetpack_shortlink":"https:\/\/wp.me\/p4G2uP-DG","jetpack_sharing_enabled":true,"_links":{"self":[{"href":"https:\/\/erikcarnets.fr\/index.php?rest_route=\/wp\/v2\/posts\/2460","targetHints":{"allow":["GET"]}}],"collection":[{"href":"https:\/\/erikcarnets.fr\/index.php?rest_route=\/wp\/v2\/posts"}],"about":[{"href":"https:\/\/erikcarnets.fr\/index.php?rest_route=\/wp\/v2\/types\/post"}],"author":[{"embeddable":true,"href":"https:\/\/erikcarnets.fr\/index.php?rest_route=\/wp\/v2\/users\/1"}],"replies":[{"embeddable":true,"href":"https:\/\/erikcarnets.fr\/index.php?rest_route=%2Fwp%2Fv2%2Fcomments&post=2460"}],"version-history":[{"count":5,"href":"https:\/\/erikcarnets.fr\/index.php?rest_route=\/wp\/v2\/posts\/2460\/revisions"}],"predecessor-version":[{"id":2470,"href":"https:\/\/erikcarnets.fr\/index.php?rest_route=\/wp\/v2\/posts\/2460\/revisions\/2470"}],"wp:attachment":[{"href":"https:\/\/erikcarnets.fr\/index.php?rest_route=%2Fwp%2Fv2%2Fmedia&parent=2460"}],"wp:term":[{"taxonomy":"category","embeddable":true,"href":"https:\/\/erikcarnets.fr\/index.php?rest_route=%2Fwp%2Fv2%2Fcategories&post=2460"},{"taxonomy":"post_tag","embeddable":true,"href":"https:\/\/erikcarnets.fr\/index.php?rest_route=%2Fwp%2Fv2%2Ftags&post=2460"}],"curies":[{"name":"wp","href":"https:\/\/api.w.org\/{rel}","templated":true}]}}