{"id":2375,"date":"2019-10-16T18:38:24","date_gmt":"2019-10-16T16:38:24","guid":{"rendered":"http:\/\/erikcarnets.fr\/?p=2375"},"modified":"2019-10-16T18:38:24","modified_gmt":"2019-10-16T16:38:24","slug":"trio-ayonis-entre-chansons-et-melodies","status":"publish","type":"post","link":"https:\/\/erikcarnets.fr\/?p=2375","title":{"rendered":"Trio Ayonis, entre chansons et m\u00e9lodies"},"content":{"rendered":"<p style=\"text-align: justify;\"><a href=\"http:\/\/erikcarnets.fr\/?p=2375\"><img loading=\"lazy\" decoding=\"async\" class=\"alignleft wp-image-2377\" src=\"http:\/\/erikcarnets.fr\/wp-content\/uploads\/trio_ayonis_2-200x300.jpg\" alt=\"\" width=\"300\" height=\"450\" srcset=\"https:\/\/erikcarnets.fr\/wp-content\/uploads\/trio_ayonis_2-200x300.jpg 200w, https:\/\/erikcarnets.fr\/wp-content\/uploads\/trio_ayonis_2.jpg 501w\" sizes=\"auto, (max-width: 300px) 100vw, 300px\" \/><\/a>Enguerrand de Hys fait partie des noms qui apparaissent r\u00e9guli\u00e8rement sur les programmes, souvent dans des petits r\u00f4les comme ce fut le cas dans <a href=\"http:\/\/erikcarnets.fr\/?p=1887\" target=\"_blank\" rel=\"noopener noreferrer\"><em>La Nonne Sanglante<\/em><\/a>, <a href=\"http:\/\/erikcarnets.fr\/?p=1184\"><em>Fantasio<\/em><\/a> ou <a href=\"http:\/\/erikcarnets.fr\/?p=1138\"><em>Armide<\/em><\/a> ces derni\u00e8res ann\u00e9es\u2026 Et le t\u00e9nor se montre toujours aussi parfait vocalement, avec des personnages tr\u00e8s bien calibr\u00e9s pour sa voix. Mais r\u00e9cemment, c\u2019est dans <em>Tarare<\/em> qu\u2019il a marqu\u00e9 les esprits, chantant le r\u00f4le de Calpigi avec malice mais aussi cette dose de danger dans la voix lorsqu\u2019il menace son ma\u00eetre. On sent que le chanteur a un grand potentiel pour donner vie \u00e0 ces personnages m\u00eame s\u2019ils sont souvent tr\u00e8s courts. Aussi, voyant qu\u2019il allait donner un concert \u00e0 Paris avec un programme original et int\u00e9ressant\u2026 je me renseigne un peu et d\u00e9couvre ce Trio Ayonis form\u00e9 avec \u00c9lodie Roudet et Paul Beynet. Les trois musiciens sont jeunes, particuli\u00e8rement investis dans ces programmes qui m\u00ealent m\u00e9lodies, chansons et airs d\u2019op\u00e9ra. Aussi, apr\u00e8s une rapide d\u00e9couverte sur Internet, voici que ce concert est obligatoire. Apr\u00e8s le <a href=\"http:\/\/erikcarnets.fr\/?p=2354\">Gala Bru Zane<\/a>, le format est bien s\u00fbr plus intime mais la curiosit\u00e9 est forte !<!--more--><\/p>\n<p style=\"text-align: justify;\">Le programme \u00ab Aimer \u00e0 perdre la raison \u00bb a \u00e9t\u00e9 cr\u00e9\u00e9 \u00e0 Compi\u00e8gne en novembre 2017, dans une mise en sc\u00e8ne d\u2019\u00c9douard Signolet. Le trio est en effet en r\u00e9sidence au Th\u00e9\u00e2tre Imp\u00e9rial de Compi\u00e8gne et a chant\u00e9 ce concert dans de nombreuses villes : Lille, Beauvais, Rouan, Rocamadour,\u2026 et bien d\u2019autres ! Ce soir, ce n\u2019est qu\u2019une version de concert qui nous est propos\u00e9e mais on conserve le principal, la musicalit\u00e9 du Trio Ayonis. Car il faut d\u00e9j\u00e0 parler du travail et de la complicit\u00e9 entre ces trois artistes. Durant une bonne heure, ils \u00e9changent quelques regards, mais cela semble plus \u00eatre pour mieux profiter du solo de l\u2019un ou de l\u2019autre que pour v\u00e9rifier que tout est en place et que l\u2019on peut repartir !<\/p>\n<p><a href=\"http:\/\/erikcarnets.fr\/wp-content\/uploads\/trio_ayonis_5.jpg\" target=\"_blank\" rel=\"noopener noreferrer\"><img loading=\"lazy\" decoding=\"async\" class=\"aligncenter wp-image-2380\" src=\"http:\/\/erikcarnets.fr\/wp-content\/uploads\/trio_ayonis_5-300x167.jpg\" alt=\"\" width=\"500\" height=\"278\" srcset=\"https:\/\/erikcarnets.fr\/wp-content\/uploads\/trio_ayonis_5-300x167.jpg 300w, https:\/\/erikcarnets.fr\/wp-content\/uploads\/trio_ayonis_5-768x427.jpg 768w, https:\/\/erikcarnets.fr\/wp-content\/uploads\/trio_ayonis_5-1024x569.jpg 1024w, https:\/\/erikcarnets.fr\/wp-content\/uploads\/trio_ayonis_5.jpg 1039w\" sizes=\"auto, (max-width: 500px) 100vw, 500px\" \/><\/a><\/p>\n<p style=\"text-align: justify;\">La pianiste <strong>Paul Beynet<\/strong> est sans doute celui qui a le moins l\u2019occasion de briller. Certes il joue tout le long du concert, mais il n\u2019a aucun moment soliste l\u00e0 o\u00f9 clarinettes et t\u00e9nor peuvent plus s\u2019extraire m\u00e9lodiquement de l\u2019accompagnement. Il n\u2019y a finalement que lors des petits interludes que l\u2019on entend le piano seul. Ces petits moments permettent la transition sans rupture entre deux morceaux parfois tr\u00e8s diff\u00e9rents. Si certaines sont assez sobre, d\u2019autres plus d\u00e9velopp\u00e9es font montre d\u2019un grand travail d\u2019\u00e9criture et de variation de th\u00e8me afin de faire \u00e9voluer un premier vers un deuxi\u00e8me. Mais tout au long de la soir\u00e9e, l\u2019accompagnement est parfait, sachant doser les effets, suivre parfaitement chanteur et clarinettiste. Et malgr\u00e9 parfois des partitions sobres, Paul Beynet arrive \u00e0 vraiment apporter beaucoup de vie \u00e0 sa partie. On notera en particulier le travail r\u00e9alis\u00e9 sur les chansons de Jean Ferrat qui sont superbement d\u00e9velopp\u00e9es au piano.<\/p>\n<p><a href=\"http:\/\/erikcarnets.fr\/wp-content\/uploads\/trio_ayonis_1.jpg\" target=\"_blank\" rel=\"noopener noreferrer\"><img loading=\"lazy\" decoding=\"async\" class=\"aligncenter wp-image-2376\" src=\"http:\/\/erikcarnets.fr\/wp-content\/uploads\/trio_ayonis_1-300x200.jpg\" alt=\"\" width=\"500\" height=\"333\" srcset=\"https:\/\/erikcarnets.fr\/wp-content\/uploads\/trio_ayonis_1-300x200.jpg 300w, https:\/\/erikcarnets.fr\/wp-content\/uploads\/trio_ayonis_1-768x512.jpg 768w, https:\/\/erikcarnets.fr\/wp-content\/uploads\/trio_ayonis_1.jpg 960w\" sizes=\"auto, (max-width: 500px) 100vw, 500px\" \/><\/a><\/p>\n<p style=\"text-align: justify;\"><strong>\u00c9lodie Roudet<\/strong> enseigne dans ce conservatoire Paul Dukas du douzi\u00e8me arrondissement de Paris et c\u2019est sans doute pour cela que le concert peut avoir lieu ici. La jeune femme va varier les clarinettes durant le spectacle, passant de l\u2019une \u00e0 l\u2019autre en fonction du besoin. Bien s\u00fbr, on reconnait la clarinette basse \u00e0 sa forme si particuli\u00e8re. Tout au long du concert, nous avons ainsi deux voix qui dialoguent voir m\u00eame parfois la clarinette qui prend l\u2019avantage dans des moments solistes. La musicienne se montre magnifique de nuances, avec un son chaud et une aisance dans les dynamiques remarquables. Son moment de soliste dans l\u2019extrait de la <em>Forza del Destino<\/em> par exemple est d\u2019une grande douceur, montrant toute la nostalgie de cette musique, avec le charnu des graves et des suraigus d\u2019une grande douceur.<\/p>\n<p><a href=\"http:\/\/erikcarnets.fr\/wp-content\/uploads\/trio_ayonis_3.jpg\" target=\"_blank\" rel=\"noopener noreferrer\"><img loading=\"lazy\" decoding=\"async\" class=\"aligncenter wp-image-2378\" src=\"http:\/\/erikcarnets.fr\/wp-content\/uploads\/trio_ayonis_3-300x200.jpg\" alt=\"\" width=\"500\" height=\"333\" srcset=\"https:\/\/erikcarnets.fr\/wp-content\/uploads\/trio_ayonis_3-300x200.jpg 300w, https:\/\/erikcarnets.fr\/wp-content\/uploads\/trio_ayonis_3-768x512.jpg 768w, https:\/\/erikcarnets.fr\/wp-content\/uploads\/trio_ayonis_3.jpg 960w\" sizes=\"auto, (max-width: 500px) 100vw, 500px\" \/><\/a><\/p>\n<p style=\"text-align: justify;\">Mais avouons-le, c\u2019est avant tout pour <strong>Enguerrand de Hys<\/strong> que j\u2019\u00e9tais venu, et le concert valait vraiment le d\u00e9placement. D\u00e9j\u00e0, on retrouve toutes les qualit\u00e9s de cette voix : plac\u00e9e haut, elle est percutante et permet au texte de sortir parfaitement clair. Mais \u00e0 cela s\u2019ajoute bien s\u00fbr le chanteur en lui-m\u00eame qui semble avoir totalement int\u00e9gr\u00e9 ces diff\u00e9rents discours sur l\u2019amour. Du d\u00e9sespoir \u00e0 la d\u00e9n\u00e9gation, de l\u2019amour fou aux premiers sentiments, chaque moment est parfaitement cisel\u00e9, avec un engagement total. Ainsi, on se retrouve \u00e0 \u00eatre totalement boulevers\u00e9 par certains textes qui sont port\u00e9s de mani\u00e8re presque extr\u00eame. La <em>Chanson Perp\u00e9tuelle<\/em> de Chausson par exemple est souvent superbe, pleine de sentiments\u2026 mais ici on est totalement frapp\u00e9 par la violence de l\u2019interpr\u00e9tation qui ext\u00e9riorise des sentiments tr\u00e8s puissants, montrant comme cette m\u00e9lodie peut aussi \u00eatre pouss\u00e9e loin dans l\u2019\u00e9motion. Toutes les chansons sont aussi splendides, pleines d\u2019intelligence tant dans le texte que dans les nuances. Profitant d\u2019une salle de petite dimension, nous avons droit \u00e0 une palette dynamique immense, propre \u00e0 rendre les moments les plus intimes ou ceux plus ext\u00e9rioris\u00e9s. La loufoquerie de Kurt Weill r\u00e9ussi \u00e0 prendre un ton tragique dans les derniers aveux, la folie de Isabelle Aboulker pour un <em>Je t\u2019aime<\/em> vraiment \u00e9trange mais d\u00e9vastateur\u2026 mais plus simplement aussi les chansons de Jean Ferrat port\u00e9es avec une simplicit\u00e9 admirable, tout comme pour Brel ou Barbara : le texte ressort, le chant est construit sans faire trop lyrique et surtout on sent le travail sur les nuances, les petites adaptations\u2026 pour de si grands chanteurs qui ont toujours tr\u00e8s personnalis\u00e9 leurs chansons, c\u2019est une vraie r\u00e9ussite de les faire revivre avec tant de fraicheur en trouvant la juste interpr\u00e9tation qui \u00e9vite de copier tout en \u00e9vitant de d\u00e9naturer.<\/p>\n<p><a href=\"http:\/\/erikcarnets.fr\/wp-content\/uploads\/trio_ayonis_4.jpg\" target=\"_blank\" rel=\"noopener noreferrer\"><img loading=\"lazy\" decoding=\"async\" class=\"aligncenter wp-image-2379\" src=\"http:\/\/erikcarnets.fr\/wp-content\/uploads\/trio_ayonis_4-300x200.jpg\" alt=\"\" width=\"500\" height=\"333\" srcset=\"https:\/\/erikcarnets.fr\/wp-content\/uploads\/trio_ayonis_4-300x200.jpg 300w, https:\/\/erikcarnets.fr\/wp-content\/uploads\/trio_ayonis_4-768x512.jpg 768w, https:\/\/erikcarnets.fr\/wp-content\/uploads\/trio_ayonis_4-1024x682.jpg 1024w, https:\/\/erikcarnets.fr\/wp-content\/uploads\/trio_ayonis_4.jpg 1040w\" sizes=\"auto, (max-width: 500px) 100vw, 500px\" \/><\/a><\/p>\n<p style=\"text-align: justify;\">Ce concert \u00e9tait un peu venu sur le tard et apr\u00e8s le grand Gala Bru Zane, il risquait de sembler petit\u2026 mais au final, il a apport\u00e9 d\u2019autres joies, d\u2019autres \u00e9motions\u2026 et la qualit\u00e9 de l\u2019interpr\u00e9tation a emport\u00e9 le tout ! On en vient \u00e0 regretter que la musique s\u2019arr\u00eate, que l\u2019on ne puisse pas continuer encore une heure dans cette atmosph\u00e8re magnifique. Autant dire que les programmes du Trio Ayonis sont \u00e0 suivre !<\/p>\n<ul>\n<li>Paris<\/li>\n<li>Auditorium du Conservatoire Paul Dukas<\/li>\n<li>8 octobre 2019<\/li>\n<li>Aimer \u00e0 perdre la raison, concert du Trio Ayonis<\/li>\n<li>Barbara (1930-1997), Je ne sais pas dire<\/li>\n<li>Gaetano Donizetti (1797-1848), L\u2019Elisir d\u2019amore : \u00ab Una furtiva lagrima \u00bb<\/li>\n<li>Francis Poulenc (1899-1963), Le Chemins de l\u2019amour<\/li>\n<li>Ernest Chausson (1855-1899), Chanson perp\u00e9tuelle<\/li>\n<li>Giuseppe Verdi (1813-1901), La Forza del Destino : Pr\u00e9lude de l\u2019acte III<\/li>\n<li>Jacques Brel (1929-1978), Quand on n\u2019a que l\u2019amour<\/li>\n<li>L\u00e9onard Bernstein (1918-1990), West Side Story : \u00ab Maria \u00bb<\/li>\n<li>Kurt Weill (1900-1950), Je ne t\u2019aime pas<\/li>\n<li>Isabelle Aboulker (1938), Je t\u2019aime<\/li>\n<li>Michel Legrand (1932-2019), La Valse des Lilas<\/li>\n<li>Jules Massenet (1842-1912), La derni\u00e8re lettre de Werther \u00e0 Charlotte<\/li>\n<li>Georg Friedrich Haendel (1685-1759), Giulio Cesare : \u00ab Se piet\u00e0 \u00bb<\/li>\n<li>Jean Ferrat (1930-2010), Aimer \u00e0 perdre la raison<\/li>\n<li>Jean Ferrat (1930-2010), Que serais-je sans toi<\/li>\n<li>Enguerrand de Hys, t\u00e9nor<\/li>\n<li>\u00c9lodie Roudet, clarinettes<\/li>\n<li>Paul Beynet, piano<\/li>\n<\/ul>\n","protected":false},"excerpt":{"rendered":"<p>Enguerrand de Hys fait partie des noms qui apparaissent r\u00e9guli\u00e8rement sur les programmes, souvent dans des petits r\u00f4les comme ce fut le cas dans La Nonne Sanglante, Fantasio ou Armide [&hellip;]<\/p>\n","protected":false},"author":1,"featured_media":0,"comment_status":"open","ping_status":"closed","sticky":false,"template":"","format":"standard","meta":{"jetpack_post_was_ever_published":false,"_jetpack_newsletter_access":"","_jetpack_dont_email_post_to_subs":false,"_jetpack_newsletter_tier_id":0,"_jetpack_memberships_contains_paywalled_content":false,"_jetpack_memberships_contains_paid_content":false,"footnotes":"","jetpack_publicize_message":"","jetpack_publicize_feature_enabled":true,"jetpack_social_post_already_shared":true,"jetpack_social_options":{"image_generator_settings":{"template":"highway","default_image_id":0,"font":"","enabled":false},"version":2}},"categories":[28],"tags":[141,139,42,31,55,57,8,17,18,23,53,13,29,140],"class_list":["post-2375","post","type-post","status-publish","format-standard","hentry","category-concert","tag-aboulker","tag-bernstein","tag-chausson","tag-donizetti","tag-epoque_baroque","tag-epoque_romantique","tag-haendel","tag-massenet","tag-melodies","tag-opera","tag-poulenc","tag-recital","tag-verdi","tag-weill","clearfix"],"jetpack_publicize_connections":[],"jetpack_featured_media_url":"","jetpack_shortlink":"https:\/\/wp.me\/p4G2uP-Cj","jetpack_sharing_enabled":true,"_links":{"self":[{"href":"https:\/\/erikcarnets.fr\/index.php?rest_route=\/wp\/v2\/posts\/2375","targetHints":{"allow":["GET"]}}],"collection":[{"href":"https:\/\/erikcarnets.fr\/index.php?rest_route=\/wp\/v2\/posts"}],"about":[{"href":"https:\/\/erikcarnets.fr\/index.php?rest_route=\/wp\/v2\/types\/post"}],"author":[{"embeddable":true,"href":"https:\/\/erikcarnets.fr\/index.php?rest_route=\/wp\/v2\/users\/1"}],"replies":[{"embeddable":true,"href":"https:\/\/erikcarnets.fr\/index.php?rest_route=%2Fwp%2Fv2%2Fcomments&post=2375"}],"version-history":[{"count":1,"href":"https:\/\/erikcarnets.fr\/index.php?rest_route=\/wp\/v2\/posts\/2375\/revisions"}],"predecessor-version":[{"id":2381,"href":"https:\/\/erikcarnets.fr\/index.php?rest_route=\/wp\/v2\/posts\/2375\/revisions\/2381"}],"wp:attachment":[{"href":"https:\/\/erikcarnets.fr\/index.php?rest_route=%2Fwp%2Fv2%2Fmedia&parent=2375"}],"wp:term":[{"taxonomy":"category","embeddable":true,"href":"https:\/\/erikcarnets.fr\/index.php?rest_route=%2Fwp%2Fv2%2Fcategories&post=2375"},{"taxonomy":"post_tag","embeddable":true,"href":"https:\/\/erikcarnets.fr\/index.php?rest_route=%2Fwp%2Fv2%2Ftags&post=2375"}],"curies":[{"name":"wp","href":"https:\/\/api.w.org\/{rel}","templated":true}]}}