{"id":2289,"date":"2019-09-10T23:26:39","date_gmt":"2019-09-10T21:26:39","guid":{"rendered":"http:\/\/erikcarnets.fr\/?p=2289"},"modified":"2019-09-10T23:26:39","modified_gmt":"2019-09-10T21:26:39","slug":"dans-les-jardins-de-william-christie-2019-odyssee-baroque","status":"publish","type":"post","link":"https:\/\/erikcarnets.fr\/?p=2289","title":{"rendered":"Dans les Jardins de William Christie 2019 : Odyss\u00e9e Baroque"},"content":{"rendered":"<p style=\"text-align: justify;\"><a href=\"http:\/\/erikcarnets.fr\/?p=2289\" target=\"_blank\" rel=\"noopener noreferrer\"><img loading=\"lazy\" decoding=\"async\" class=\"alignleft wp-image-2294\" src=\"http:\/\/erikcarnets.fr\/wp-content\/uploads\/Musique-baroque-et-art-des-jardins-a-Thire-255x300.jpg\" alt=\"\" width=\"300\" height=\"353\" srcset=\"https:\/\/erikcarnets.fr\/wp-content\/uploads\/Musique-baroque-et-art-des-jardins-a-Thire-255x300.jpg 255w, https:\/\/erikcarnets.fr\/wp-content\/uploads\/Musique-baroque-et-art-des-jardins-a-Thire-768x905.jpg 768w, https:\/\/erikcarnets.fr\/wp-content\/uploads\/Musique-baroque-et-art-des-jardins-a-Thire-869x1024.jpg 869w, https:\/\/erikcarnets.fr\/wp-content\/uploads\/Musique-baroque-et-art-des-jardins-a-Thire.jpg 1024w\" sizes=\"auto, (max-width: 300px) 100vw, 300px\" \/><\/a>Cette ann\u00e9e encore, la fin des vacances se passait chez William Christie, ou plut\u00f4t dans son jardin toujours aussi enchanteur. Le principe reste le m\u00eame depuis maintenant de nombreuses ann\u00e9es et le public est toujours autant au rendez-vous. Non seulement il peut \u00e9couter une musique de qualit\u00e9 dans une interpr\u00e9tation de haut niveau, mais en plus il le fait dans un cadre somptueux et m\u00eame de plus en plus beau d\u2019ann\u00e9es en ann\u00e9es. Car si tous les deux ans William Christie cultive des voix nouvelles dans son Jardin des Voix, il fait aussi grandir son jardin avec de nouveaux bosquets. Cette ann\u00e9e \u00e9tait un peu particuli\u00e8re car les Arts Florissants f\u00eatent leurs 40 ans en cette ann\u00e9e 2019. Et m\u00eame si la grande f\u00eate sera sans doute \u00e0 la Philharmonie en fin d\u2019ann\u00e9e, nous avons tout de m\u00eame droit \u00e0 une atmosph\u00e8re plus festive que d\u2019habitude encore et on sent combien chaque artiste est attach\u00e9 \u00e0 cette ensemble.<!--more--><\/p>\n<div id=\"attachment_2290\" style=\"width: 510px\" class=\"wp-caption aligncenter\"><a href=\"http:\/\/erikcarnets.fr\/wp-content\/uploads\/20190904_220901.jpg\" target=\"_blank\" rel=\"noopener noreferrer\"><img loading=\"lazy\" decoding=\"async\" aria-describedby=\"caption-attachment-2290\" class=\"wp-image-2290\" src=\"http:\/\/erikcarnets.fr\/wp-content\/uploads\/20190904_220901-300x199.jpg\" alt=\"\" width=\"500\" height=\"331\" srcset=\"https:\/\/erikcarnets.fr\/wp-content\/uploads\/20190904_220901-300x199.jpg 300w, https:\/\/erikcarnets.fr\/wp-content\/uploads\/20190904_220901-768x509.jpg 768w, https:\/\/erikcarnets.fr\/wp-content\/uploads\/20190904_220901-1024x679.jpg 1024w\" sizes=\"auto, (max-width: 500px) 100vw, 500px\" \/><\/a><p id=\"caption-attachment-2290\" class=\"wp-caption-text\">Plan du Jardin de William Christie<\/p><\/div>\n<p style=\"text-align: justify;\">Bien s\u00fbr, la journ\u00e9e ne serait pas aussi belle si le temps n\u2019\u00e9tait pas de la partie. Car comme il est dit plus haut, le lieux est tout aussi magique que la musique. Et entendre ces m\u00eames pi\u00e8ces dans des salles de la r\u00e9gion aurait \u00e9t\u00e9 dommage. Aussi, c\u2019est avec soulagement que le temps s\u2019est am\u00e9lior\u00e9 durant la semaine qui pr\u00e9c\u00e8de ce vendredi 30 ao\u00fbt. D\u00e8s l\u2019arriv\u00e9e \u00e0 proximit\u00e9 de Thir\u00e9, on peut noter des \u00e9volutions dans la signal\u00e9tique\u2026 et une fois en c\u0153ur de la ville, c\u2019est dans les b\u00e2timents que l\u2019on peut remarquer les changements. Le chef d\u2019orchestre semble petit-\u00e0-petit faire revivre la ville en r\u00e9novant des b\u00e2timents. Bien s\u00fbr, le but est de faciliter ses activit\u00e9s et donc cela pourrait \u00eatre vu comme une privatisation des lieux. Mais il ne faut pas oublier que ce centre ville de Thir\u00e9 \u00e9tait tr\u00e8s triste et sinistre il y a encore cinq ans lors de ma premi\u00e8re venue au festival. Malgr\u00e9 son \u00e9volution qui voit plus de public et plus d\u2019organisation, le festival Dans les Jardins de William Christie conserve son atmosph\u00e8re agr\u00e9able et d\u00e9tendue\u00a0!<\/p>\n<h6>1 &#8211; Promenades musicales : Atelier, F\u00eates d&rsquo;anniversaire<\/h6>\n<div id=\"attachment_2291\" style=\"width: 510px\" class=\"wp-caption aligncenter\"><a href=\"http:\/\/erikcarnets.fr\/wp-content\/uploads\/69262114_2419285478139194_1785897287721943040_n.jpg\" target=\"_blank\" rel=\"noopener noreferrer\"><img loading=\"lazy\" decoding=\"async\" aria-describedby=\"caption-attachment-2291\" class=\"wp-image-2291\" src=\"http:\/\/erikcarnets.fr\/wp-content\/uploads\/69262114_2419285478139194_1785897287721943040_n-300x199.jpg\" alt=\"\" width=\"500\" height=\"332\" srcset=\"https:\/\/erikcarnets.fr\/wp-content\/uploads\/69262114_2419285478139194_1785897287721943040_n-300x199.jpg 300w, https:\/\/erikcarnets.fr\/wp-content\/uploads\/69262114_2419285478139194_1785897287721943040_n-768x510.jpg 768w, https:\/\/erikcarnets.fr\/wp-content\/uploads\/69262114_2419285478139194_1785897287721943040_n.jpg 960w\" sizes=\"auto, (max-width: 500px) 100vw, 500px\" \/><\/a><p id=\"caption-attachment-2291\" class=\"wp-caption-text\">Atelier, avec Sophie Daneman<\/p><\/div>\n<p style=\"text-align: justify;\">Apr\u00e8s avoir pass\u00e9 le petit pont de bois qui symbolise l\u2019entr\u00e9e dans les Jardins, il fallait choisir une premi\u00e8re activit\u00e9. Ce sera donc l\u2019atelier chant, avec normalement des enfants\u2026 sauf qu\u2019au d\u00e9but, aucun enfant au grand d\u00e9sespoir de <strong>Sophie Daneman<\/strong> qui cible sa pr\u00e9sentation sur eux. Mais finalement une famille la sauve. Durant cet atelier, on va d\u00e9couvrir diff\u00e9rents chants autour de l\u2019anniversaire, et bien s\u00fbr chanter. Chanter en canon apr\u00e8s s\u2019\u00eatre \u00e9chauff\u00e9s, \u00e9couter les musiciens et chanteurs autour de pi\u00e8ces c\u00e9l\u00e9brant les anniversaires. L\u2019avantage de cet atelier est que l\u2019on apprend des petits d\u00e9tails en rapport avec la musique, mais aussi sur les Arts Florissants \u00e9tant donn\u00e9 que nous f\u00eatons leurs 40 ans\u00a0! Et pour cela, le chant sera vari\u00e9 et toujours accompagn\u00e9 des solistes et des musiciens\u00a0! Que ce soit en fran\u00e7ais ou en anglais, chacun se m\u00eale au chant et m\u00eame les plus discrets se lancent \u00e0 participer. Il faut dire que Sophie Daneman est une excellente institutrice tant elle fait partager son amour de cette musique et sait comment s\u2019adresser aux enfants sans pour autant en oublier les adultes. Un moment tr\u00e8s convivial\u00a0!<\/p>\n<ul>\n<li style=\"text-align: justify;\">Thir\u00e9<\/li>\n<li style=\"text-align: justify;\">Les Jardins de William Christie, sous une tente<\/li>\n<li style=\"text-align: justify;\">30 ao\u00fbt 2019, 15h45<\/li>\n<li style=\"text-align: justify;\">Atelier \u00ab Les F\u00eates d\u2019anniversaire\u00bb<\/li>\n<li style=\"text-align: justify;\">Sophie Daneman, Animation<\/li>\n<li style=\"text-align: justify;\">Juliette Perret, soprano<\/li>\n<li style=\"text-align: justify;\">Jean-Yves Ravoux, t\u00e9nor<\/li>\n<li style=\"text-align: justify;\">Anicet Castel, basse<\/li>\n<li style=\"text-align: justify;\">Edson Scheid, violon<\/li>\n<li style=\"text-align: justify;\">Maximilian Morel, trompette (\u00e9l\u00e8ve de la Julliard School)<\/li>\n<li style=\"text-align: justify;\">Massimo Moscardo, th\u00e9orbe<\/li>\n<li style=\"text-align: justify;\">B\u00e9atrice Martin, clavecin<\/li>\n<\/ul>\n<h6>2 &#8211; Promenades musicales : Concerto pour luth<\/h6>\n<div id=\"attachment_2297\" style=\"width: 510px\" class=\"wp-caption aligncenter\"><a href=\"http:\/\/erikcarnets.fr\/wp-content\/uploads\/thire_2019_1.jpg\" target=\"_blank\" rel=\"noopener noreferrer\"><img loading=\"lazy\" decoding=\"async\" aria-describedby=\"caption-attachment-2297\" class=\"wp-image-2297\" src=\"http:\/\/erikcarnets.fr\/wp-content\/uploads\/thire_2019_1-300x146.jpg\" alt=\"\" width=\"500\" height=\"243\" srcset=\"https:\/\/erikcarnets.fr\/wp-content\/uploads\/thire_2019_1-300x146.jpg 300w, https:\/\/erikcarnets.fr\/wp-content\/uploads\/thire_2019_1-768x374.jpg 768w, https:\/\/erikcarnets.fr\/wp-content\/uploads\/thire_2019_1-1024x498.jpg 1024w, https:\/\/erikcarnets.fr\/wp-content\/uploads\/thire_2019_1.jpg 1028w\" sizes=\"auto, (max-width: 500px) 100vw, 500px\" \/><\/a><p id=\"caption-attachment-2297\" class=\"wp-caption-text\">Le Mur des Cyclopes<\/p><\/div>\n<p style=\"text-align: justify;\">Apr\u00e8s ce premier petit concert dans une tente, voici que nous nous rapprochons du c\u0153ur du jardin. Nous nous arr\u00eatons au Mur des Cyclopes, donc dans une partie encore assez sauvage du jardin, sous des arbres dans le creux d\u2019une rivi\u00e8re pour \u00e9couter le {concerto pour Luth en r\u00e9 majeur} de Vivaldi. Au calme malgr\u00e9 le monde qui vient assister \u00e0 ce premier concert. Avec la rivi\u00e8re derri\u00e8re et aussi le fameux mur, voici les musiciens qui s\u2019installent. Mais il nous manque la star\u00a0: <strong>Thomas Dunford<\/strong> se fait attendre. Il va finir par arriver, calmement, son luth pas encore accord\u00e9. Un peu de d\u00e9sinvolture peut-\u00eatre oui\u2026 mais surtout on lui pardonne tant musicalement il offre un grand moment. Bien s\u00fbr, tout le monde conna\u00eet les\u00a0<em>Quatre Saisons <\/em>de Vivaldi\u2026 mais c\u2019est l\u2019arbre qui cache la for\u00eat car la grande majorit\u00e9 de ses concertos sont vraiment passionnants, pour des instruments divers et vari\u00e9s. Et ce concerto tr\u00e8s contrast\u00e9 avec des danses et des mouvements lents. La musique est d\u2019une grande qualit\u00e9 et l\u2019interpr\u00e9tation splendide. Les musiciens sont totalement impliqu\u00e9s : bien s\u00fbr il y a <strong>Douglas Balliett<\/strong> qui semble faire figure de chef avec les trois \u00e9l\u00e8ves de la Julliard School. Mais malgr\u00e9 la jeunesse des instrumentistes, ils sont totalement investis dans leurs parties avec une joie visible pour tous. Et bien Thomas Dunford est d\u2019une musicalit\u00e9 impressionnante\u00a0: le concerto demande \u00e0 la fois de la virtuosit\u00e9 pour les deux danses extr\u00eames, mais aussi un moment beaucoup calme et m\u00e9lodique pour le mouvement central. Dans les deux cas le luth sonne et vie, montrant combien Thomas Dunford est vraiment l\u2019un des plus grands joueurs de cet instrument actuellement.<\/p>\n<ul>\n<li>Thir\u00e9<\/li>\n<li>Les Jardins de William Christie, Le Mur des Cyclopes<\/li>\n<li>30 ao\u00fbt 2019, 16h45<\/li>\n<li>Concerto pour luth<\/li>\n<li>Antonio Vivaldi (1678-1741) : Concerto pour luth en r\u00e9 majeur<\/li>\n<li>Rachell Wong \/ Chloe Kim, violons (\u00e9l\u00e8ves de la Julliard School)<\/li>\n<li>Morgan Little, violoncelle (\u00e9l\u00e8ve de la Julliard School)<\/li>\n<li>Douglas Balliett, contrebasse<\/li>\n<li>Thomas Dunford, luth<\/li>\n<\/ul>\n<h6 style=\"text-align: justify;\">3 &#8211; Promenades musicales : Ballets de village<\/h6>\n<div id=\"attachment_2298\" style=\"width: 510px\" class=\"wp-caption aligncenter\"><a href=\"http:\/\/erikcarnets.fr\/wp-content\/uploads\/thire_2019_2.jpg\" target=\"_blank\" rel=\"noopener noreferrer\"><img loading=\"lazy\" decoding=\"async\" aria-describedby=\"caption-attachment-2298\" class=\"wp-image-2298\" src=\"http:\/\/erikcarnets.fr\/wp-content\/uploads\/thire_2019_2-300x189.jpg\" alt=\"\" width=\"500\" height=\"315\" srcset=\"https:\/\/erikcarnets.fr\/wp-content\/uploads\/thire_2019_2-300x189.jpg 300w, https:\/\/erikcarnets.fr\/wp-content\/uploads\/thire_2019_2-768x484.jpg 768w, https:\/\/erikcarnets.fr\/wp-content\/uploads\/thire_2019_2.jpg 791w\" sizes=\"auto, (max-width: 500px) 100vw, 500px\" \/><\/a><p id=\"caption-attachment-2298\" class=\"wp-caption-text\">Le Petit Bois de d&rsquo;Henry-Claude<\/p><\/div>\n<p style=\"text-align: justify;\">Pour le concert suivant, il faut traverser l\u2019ensemble du jardin, passer par le Miroir d\u2019Eau o\u00f9 aura lieu le concert du soir\u2026 et on y voit alors la pr\u00e9sence de cam\u00e9ras. Par la suite, on d\u00e9couvre aussi de nouvelles cr\u00e9ations dans le jardin. Ainsi, depuis deux ans il continue \u00e0 se d\u00e9velopper et en l\u2019occurrence c\u2019est dans un nouvel espace que nous nous rendons\u00a0: le petit bois d\u2019Henry-Claude. Au milieu de bouleaux notamment, nous retrouvons pour un concert consacr\u00e9 \u00e0 Boismortier. Une petite installation en bois inclin\u00e9e permet au public de s\u2019installer dans cette clairi\u00e8re afin de profiter de ces danses. Boismortier n\u2019est pas le musicien le plus connu, mais il a propos\u00e9 des partitions souvent pleines de couleur et de vie. Ici ce sont les \u00e9l\u00e8ves de la Juliard School qui sont mis \u00e0 l\u2019honneur. Ces jeunes musiciens sont invit\u00e9s par William Christie et ils font ici leurs premi\u00e8res armes aux c\u00f4t\u00e9s des Arts Florissants\u2026 ou entre eux comme ici\u00a0! L\u2019ensemble manque peut-\u00eatre un peu de coh\u00e9sion durant quelques instants, mais les sonorit\u00e9s et le sens du rythme nous offre une vision champ\u00eatre du plus bel effet, surtout dans ce cadre. On regrettera juste la proximit\u00e9 de la route et donc des quelques bruits de voitures qui cassent l\u2019atmosph\u00e8re. Sinon, on peut juger de la grande qualit\u00e9 des instrumentistes encore une fois qui ici sont mis en avant chacun leur tour tout en formant un bel ensemble color\u00e9 et champ\u00eatre.<\/p>\n<ul>\n<li>Thir\u00e9<\/li>\n<li>Les Jardins de William Christie, Le petit bois d\u2019Henry-Claude<\/li>\n<li>30 ao\u00fbt 2019, 17h15<\/li>\n<li>Ballets de village<\/li>\n<li>Joseph Bodin de Boismortier (1689-1745), Quatri\u00e8me Ballet de Village<\/li>\n<li>Joseph Bodin de Boismortier (1689-1745), S\u00e9r\u00e9nade, ou Symphonie fran\u00e7aise<\/li>\n<li>Joseph Bodin de Boismortier (1689-1745), Chaconne<\/li>\n<li>Chiara Fasani Stauffer \/ Rachel Wong, violons (\u00e9l\u00e8ves de la Julliard School)<\/li>\n<li>Berhanne Walker, fl\u00fbte (\u00e9l\u00e8ve de la Julliard School)<\/li>\n<li>Matthew Hudgens, hautbois (\u00e9l\u00e8ve de la Julliard School)<\/li>\n<li>Georgeanne Banker, basson (\u00e9l\u00e8ve de la Julliard School)<\/li>\n<li>Morgan Little, violoncelle (\u00e9l\u00e8ve de la Julliard School)<\/li>\n<\/ul>\n<h6>4 &#8211; Promenades musicales : Aux plaisirs, aux d\u00e9lices, berg\u00e8res<\/h6>\n<div id=\"attachment_2299\" style=\"width: 260px\" class=\"wp-caption alignright\"><img loading=\"lazy\" decoding=\"async\" aria-describedby=\"caption-attachment-2299\" class=\"wp-image-2299\" src=\"http:\/\/erikcarnets.fr\/wp-content\/uploads\/thire_2019_3-185x300.jpg\" alt=\"\" width=\"250\" height=\"405\" srcset=\"https:\/\/erikcarnets.fr\/wp-content\/uploads\/thire_2019_3-185x300.jpg 185w, https:\/\/erikcarnets.fr\/wp-content\/uploads\/thire_2019_3.jpg 498w\" sizes=\"auto, (max-width: 250px) 100vw, 250px\" \/><p id=\"caption-attachment-2299\" class=\"wp-caption-text\">La Pin\u00e8de, Maud Gnidzaz et Massimo Moscardo<\/p><\/div>\n<p style=\"text-align: justify;\">Retour dans la partie civilis\u00e9e du jardin : la Pin\u00e8de. C\u2019est s\u00fbrement l\u2019un des lieux les plus agr\u00e9ables de l\u2019apr\u00e8s-midi. Sur un gazon magnifique, sous des grands pins avec la maison de William Christie qui \u00e9merge des hautes haies, avec le pigeonnier \u00e0 c\u00f4t\u00e9\u2026 c\u2019est un endroit d\u2019une telle qui\u00e9tude que l\u2019on aurait envie de s\u2019y allonger pour se reposer. Mais le but de notre pr\u00e9sence est bien s\u00fbr d\u2019\u00e9couter un autre concert. Ce sera des m\u00e9lodies de cours, du Gu\u00e9dron pour \u00eatre pr\u00e9cis. Nous avons ici les fondements des Arts Florissants et <strong>Maud Gnidzaz<\/strong> conna\u00eet parfaitement ce style tr\u00e8s pr\u00e9cis. La diction est parfaite et le sens des mots bien mis en avant. Que ce soit des m\u00e9lodies gaillardes ou m\u00e9lancoliques, sa voix trouve le juste sentiment et le juste ton pour donner vie \u00e0 ces chansons de l\u2019\u00e9poque. La simplicit\u00e9 ne cache pas le grand travail de d\u00e9corations discr\u00e8tes, on entend parfaitement tout le texte et ces petites volutes. Pour l\u2019accompagner, <strong>Massimo Moscardo<\/strong> se montre un petit peu terne\u2026 mais il faut dire que depuis quelques temps, c\u2019est souvent Thomas Dunford qui accompagne ce r\u00e9pertoire dans les concerts vus <a href=\"http:\/\/erikcarnets.fr\/?p=2275\" target=\"_blank\" rel=\"noopener noreferrer\">r\u00e9cemment<\/a>. Nous sommes ici dans un jeu beaucoup plus sobre et moins vari\u00e9.<\/p>\n<ul>\n<li style=\"text-align: justify;\">Thir\u00e9<\/li>\n<li style=\"text-align: justify;\">Les Jardins de William Christie, La Pin\u00e8de<\/li>\n<li style=\"text-align: justify;\">30 ao\u00fbt 2019, 17h45<\/li>\n<li style=\"text-align: justify;\">Aux plaisirs, aux d\u00e9lices, berg\u00e8res<\/li>\n<li style=\"text-align: justify;\">Pierre Gu\u00e9dron (1565-1620), Aux plaisirs, aux d\u00e9lices, berg\u00e8res<\/li>\n<li style=\"text-align: justify;\">Pierre Gu\u00e9dron (1565-1620), Si le parler et le silence<\/li>\n<li style=\"text-align: justify;\">Pierre Gu\u00e9dron (1565-1620), Dans ce bois si beau je m\u2019amuse<\/li>\n<li style=\"text-align: justify;\">Pierre Gu\u00e9dron (1565-1620), Belle qui m\u2019avez bless\u00e9<\/li>\n<li style=\"text-align: justify;\">Maud Gnidzaz, soprano<\/li>\n<li style=\"text-align: justify;\">Massimo Moscardo, luth<\/li>\n<\/ul>\n<h6>5 &#8211; Promenades musicales : Oh how sweet it is to love<\/h6>\n<div id=\"attachment_2295\" style=\"width: 510px\" class=\"wp-caption aligncenter\"><a href=\"http:\/\/erikcarnets.fr\/wp-content\/uploads\/69345669_10157602701558979_2894135975510802432_n.jpg\" target=\"_blank\" rel=\"noopener noreferrer\"><img loading=\"lazy\" decoding=\"async\" aria-describedby=\"caption-attachment-2295\" class=\"wp-image-2295\" src=\"http:\/\/erikcarnets.fr\/wp-content\/uploads\/69345669_10157602701558979_2894135975510802432_n-300x200.jpg\" alt=\"\" width=\"500\" height=\"333\" srcset=\"https:\/\/erikcarnets.fr\/wp-content\/uploads\/69345669_10157602701558979_2894135975510802432_n-300x200.jpg 300w, https:\/\/erikcarnets.fr\/wp-content\/uploads\/69345669_10157602701558979_2894135975510802432_n-768x512.jpg 768w, https:\/\/erikcarnets.fr\/wp-content\/uploads\/69345669_10157602701558979_2894135975510802432_n.jpg 960w\" sizes=\"auto, (max-width: 500px) 100vw, 500px\" \/><\/a><p id=\"caption-attachment-2295\" class=\"wp-caption-text\">Les Coulisses du Th\u00e9\u00e2tre<\/p><\/div>\n<p style=\"text-align: justify;\">Pour le dernier concert dans les jardins, nous voici dans un autre nouveau lieu\u00a0: les Coulisses du Th\u00e9\u00e2tre. Le th\u00e9\u00e2tre en question est le Th\u00e9\u00e2tre de Verdure qui semble \u00eatre devenu trop petit pour accueillir des concerts. Nous sommes donc juste derri\u00e8re, en limite de la propri\u00e9t\u00e9 \u00e0 l\u2019avant. Le public est venu nombreux car ici nous avons rien de moins que William Christie, Paul Agnew, Sophie Daneman et Thomas Dunford parmi les plus connus. Ils nous ont concoct\u00e9 un petit pastiche anglais \u00e0 l\u2019histoire tr\u00e8s banale comme le dit Paul Agnew. Deux amoureux\u2026 elle ne l\u2019aime plus, il se lamente\u2026 puis elle l\u2019aime de nouveau. En allant piocher principalement dans la musique d\u2019Henry Purcell, nous avons un tr\u00e8s beau moment bucolique. Le symbole de faire chanter deux anciens des Arts Florissants est une belle image. Mais le fait que <strong>Sophie Daneman<\/strong> ne chante plus depuis quelques ann\u00e9es n\u2019est sans doute pas sans raison. Les d\u00e9buts sont difficiles et l\u2019on peut sentir que la chanteuse est extr\u00eamement tendue. Mais apr\u00e8s quelques minutes, le m\u00e9tier revient et si le timbre est un peu us\u00e9, la musicalit\u00e9 reste l\u00e0. <strong>Paul Agnew<\/strong> semble beaucoup plus \u00e0 l\u2019aise pour camper le jeune amoureux. Les musiciens se montrent bien s\u00fbr magnifiques o\u00f9 l\u2019on entend chaque instrument distinctement. Par contre, le manque de place oblige une grande partie du public \u00e0 rester debout, ne pouvant ainsi profiter totalement du spectacle.<\/p>\n<ul>\n<li>Thir\u00e9<\/li>\n<li>Les Jardins de William Christie, Les Coulisses du Th\u00e9\u00e2tre<\/li>\n<li>30 ao\u00fbt 2019, 18h15<\/li>\n<li>Oh how sweet it is to love<\/li>\n<li>Henry Purcell (1659-1695), The Virtuous Wife : Ouverture<\/li>\n<li>John Blow (1649-1708), Welcome ode : Welcome to the Muses Feast<\/li>\n<li>Henry Purcell (1659-1695), The Virtuous Wife : Song tune<\/li>\n<li>Henry Purcell (1659-1695), Tyrannic Love : Ah how sweet it is to love<\/li>\n<li>Henry Lawes (1595-1662), A Dilogue and a kiss<\/li>\n<li>Henry Purcell (1659-1695), The Virtuous Wife : Slow Aire<\/li>\n<li>Henry Purcell (1659-1695), Orpheus Britannicus : Dear, pretty youth \u2013 I see she flies me<\/li>\n<li>Henry Purcell (1659-1695), Distressed Innocence<\/li>\n<li>Daniel Purcell (1664-1717), My dearest, my fairest<\/li>\n<li>Sophie Daneman, soprano<\/li>\n<li>Paul Agnew, t\u00e9nor<\/li>\n<li>Jeffrey Girton \/ Liv Heym, violons<\/li>\n<li>Lucia Peralta, alto<\/li>\n<li>Magali Boyer, violoncelle<\/li>\n<li>S\u00e9bastien Marq, fl\u00fbte \u00e0 bec<\/li>\n<li>Thomas Dunford, luth<\/li>\n<li>William Christie, clavecin<\/li>\n<\/ul>\n<h6>6 &#8211; Promenades musicales : L&rsquo;Odyss\u00e9e baroque, extraits<\/h6>\n<div id=\"attachment_2296\" style=\"width: 510px\" class=\"wp-caption aligncenter\"><a href=\"http:\/\/erikcarnets.fr\/wp-content\/uploads\/69518392_10157602701168979_2671799618974515200_n.jpg\" target=\"_blank\" rel=\"noopener noreferrer\"><img loading=\"lazy\" decoding=\"async\" aria-describedby=\"caption-attachment-2296\" class=\"wp-image-2296\" src=\"http:\/\/erikcarnets.fr\/wp-content\/uploads\/69518392_10157602701168979_2671799618974515200_n-300x200.jpg\" alt=\"\" width=\"500\" height=\"333\" srcset=\"https:\/\/erikcarnets.fr\/wp-content\/uploads\/69518392_10157602701168979_2671799618974515200_n-300x200.jpg 300w, https:\/\/erikcarnets.fr\/wp-content\/uploads\/69518392_10157602701168979_2671799618974515200_n-768x512.jpg 768w, https:\/\/erikcarnets.fr\/wp-content\/uploads\/69518392_10157602701168979_2671799618974515200_n.jpg 960w\" sizes=\"auto, (max-width: 500px) 100vw, 500px\" \/><\/a><p id=\"caption-attachment-2296\" class=\"wp-caption-text\">Saluts des terrasses<\/p><\/div>\n<p style=\"text-align: justify;\">Comme d\u2019habitude, c\u2019est devant la terrasse que nous terminons tous l\u2019apr\u00e8s-midi pour des extraits du spectacle du soir. Bien s\u00fbr, cela pourrait faire un peu redite mais finalement, on appr\u00e9cie la diff\u00e9rence d\u2019ambiance. Ici nous sommes tous assis dans l\u2019herbe (enfin sauf les innombrables personnes ayant apport\u00e9 une chaise pliante\u2026), au soleil\u2026 l\u2019ambiance reste d\u00e9tendue. Tous les artistes de la soir\u00e9e sont pr\u00e9sents\u00a0: le ch\u0153ur en bas des escaliers, l\u2019orchestre sur la terrasse, les chanteurs qui arrivent sur les promontoires\u2026 et les deux chefs qui alternent \u00e0 la direction\u00a0! La mise en bouche dus soir est tr\u00e8s agr\u00e9able avec un petit peu d\u2019italien, de l\u2019anglais et du fran\u00e7ais. Le Haendel montre une <strong>Rachel Redmond<\/strong> lumineuse de timbre, le Purcell un <strong>Cyril Auvity<\/strong> aussi \u00e0 l\u2019aise en anglais qu\u2019en fran\u00e7ais\u2026 et enfin des Sauvages vigoureux\u00a0! La proximit\u00e9 des artistes et la d\u00e9contraction de tous termine de belle mani\u00e8re cette apr\u00e8s-midi. Et comment r\u00e9sister \u00e0 <strong>Marie-Ange Petit<\/strong> aux percussions que William Christie fait descendre au milieu des spectateurs durant son solo de tambour\u00a0!<\/p>\n<ul>\n<li>Thir\u00e9<\/li>\n<li>Les Jardins de William Christie, Les Terrasses<\/li>\n<li>30 ao\u00fbt 2019, 18h45<\/li>\n<li>L\u2019Odyss\u00e9e baroque, extraits<\/li>\n<li>Georg Friedrich Haendel (1685-179), L\u2019Allegro, il Penseroso ed il Moderato : \u00ab O let merry bells ring round \u00bb<\/li>\n<li>Henry Purcell (1659-1695), King Arthur : Passacaglia<\/li>\n<li>Jean-Philippe Rameau (1683-1764), Les Indes Galantes \u2013 Les Sauvages : \u00ab For\u00eats paisibles \u00bb<\/li>\n<li>\u00c9lodie Fonnard, soprano<\/li>\n<li>Rachel Redmond, soprano<\/li>\n<li>Anna Reinhold, mezzo-soprano<\/li>\n<li>Cyril Auvity, t\u00e9nor<\/li>\n<li>Lisandro Abadie, basse<\/li>\n<li>Musiciens de Arts Florissants et \u00e9l\u00e8ves de la Julliard School<\/li>\n<li>Paul Agnew, direction<\/li>\n<li>William Christie, direction<\/li>\n<\/ul>\n<h6>7 &#8211; Le Concert du Soir : Odyss\u00e9e Baroque<\/h6>\n<div id=\"attachment_2292\" style=\"width: 510px\" class=\"wp-caption aligncenter\"><a href=\"http:\/\/erikcarnets.fr\/wp-content\/uploads\/69341190_10157602703468979_5827488623091515392_n.jpg\" target=\"_blank\" rel=\"noopener noreferrer\"><img loading=\"lazy\" decoding=\"async\" aria-describedby=\"caption-attachment-2292\" class=\"wp-image-2292\" src=\"http:\/\/erikcarnets.fr\/wp-content\/uploads\/69341190_10157602703468979_5827488623091515392_n-300x200.jpg\" alt=\"\" width=\"500\" height=\"333\" srcset=\"https:\/\/erikcarnets.fr\/wp-content\/uploads\/69341190_10157602703468979_5827488623091515392_n-300x200.jpg 300w, https:\/\/erikcarnets.fr\/wp-content\/uploads\/69341190_10157602703468979_5827488623091515392_n-768x512.jpg 768w, https:\/\/erikcarnets.fr\/wp-content\/uploads\/69341190_10157602703468979_5827488623091515392_n.jpg 960w\" sizes=\"auto, (max-width: 500px) 100vw, 500px\" \/><\/a><p id=\"caption-attachment-2292\" class=\"wp-caption-text\">Le Concert du Soir<\/p><\/div>\n<p style=\"text-align: justify;\">Apr\u00e8s une petite promenade dans les jardins, le temps de se reposer et manger un petit peu, voici le plat de r\u00e9sistance\u00a0: le concert du soir sur le Miroir d\u2019Eau. D\u00e8s l\u2019arriv\u00e9e, on sent bien que l\u2019atmosph\u00e8re n\u2019est pas exactement comme d\u2019habitude. Les cam\u00e9ras, la r\u00e9gie, les ampoules sur la sc\u00e8ne, les bougies flottant derri\u00e8re cette derni\u00e8re\u2026 La mise en sc\u00e8ne semble plus soign\u00e9e qu\u2019\u00e0 l\u2019habitude. Et on sentira aussi William Christie plus tendu, allant m\u00eame jusqu\u2019\u00e0 demander des applaudissements apr\u00e8s la premi\u00e8re pi\u00e8ce (lui qui d\u2019habitude semble agac\u00e9 si l\u2019on applaudit trop\u00a0!). Mais nous avons l\u00e0 le premier concert de cette Odyss\u00e9e Baroque qui c\u00e9l\u00e8bre les 40 ans de l\u2019ensemble et la tension est sans doute importante et l\u2019enjeu aussi si le but est de produire un DVD.<\/p>\n<div id=\"attachment_2301\" style=\"width: 510px\" class=\"wp-caption aligncenter\"><a href=\"http:\/\/erikcarnets.fr\/wp-content\/uploads\/thire_2019_5.jpg\" target=\"_blank\" rel=\"noopener noreferrer\"><img loading=\"lazy\" decoding=\"async\" aria-describedby=\"caption-attachment-2301\" class=\"wp-image-2301\" src=\"http:\/\/erikcarnets.fr\/wp-content\/uploads\/thire_2019_5-300x146.jpg\" alt=\"\" width=\"500\" height=\"243\" srcset=\"https:\/\/erikcarnets.fr\/wp-content\/uploads\/thire_2019_5-300x146.jpg 300w, https:\/\/erikcarnets.fr\/wp-content\/uploads\/thire_2019_5-768x374.jpg 768w, https:\/\/erikcarnets.fr\/wp-content\/uploads\/thire_2019_5-1024x498.jpg 1024w, https:\/\/erikcarnets.fr\/wp-content\/uploads\/thire_2019_5.jpg 1028w\" sizes=\"auto, (max-width: 500px) 100vw, 500px\" \/><\/a><p id=\"caption-attachment-2301\" class=\"wp-caption-text\">La Pin\u00e8de<\/p><\/div>\n<p style=\"text-align: justify;\">La premi\u00e8re partie s\u2019ouvre sur quelques extraits de Haendel. Dans la lumi\u00e8re du soleil couchant, on est comme hypnotis\u00e9 par les deux premiers extraits majestueusement rendus par les musiciens. Mais c\u2019est l\u2019air qui suivra qui va vraiment donner le signal du d\u00e9part de la soir\u00e9e. <strong>Anna Reinhold<\/strong> vient nous chanter un \u00ab Scherza infida \u00bb d\u2019une beaut\u00e9 troublante. La voix de la mezzo-soprano n\u2019a pas forc\u00e9ment les couleurs des plus grandes, mais elle trouve des accents et une simplicit\u00e9 qui sont d\u00e9sarmants. Le public ne s\u2019y trompe pas et \u00e9coute attentivement ce grand moment d\u2019\u00e9motions. Le temps semble s\u2019\u00eatre arr\u00eat\u00e9. L\u2019ovation qui suivra sera totalement justifi\u00e9e ! Ensuite, c\u2019est une ambiance plus festive qui arrive avec un duo d\u2019<em>Ariodante<\/em> o\u00f9 la mezzo est rejointe par <strong>Rachel Redmond<\/strong>. Duo d\u2019amour \u00e0 la d\u00e9licatesse superbe, \u00e0 la virtuosit\u00e9 discr\u00e8te mais parfaitement ex\u00e9cut\u00e9e. Enfin, d\u00e9j\u00e0 entendu aux Terrasses, voici l\u2019extrait de <em>L\u2019Allegro, il Penseroso ed il Moderato<\/em> beaucoup plus joyeux et lumineux pour terminer cette partie consacr\u00e9e \u00e0 Haendel. Car si l\u2019on associe souvent les Arts Florissants au baroque fran\u00e7ais voir \u00e0 Monteverdi, il ne faut pas oublier toutes les productions de Haendel qu\u2019ils ont donn\u00e9es\u2026 les quelques extraits rassembl\u00e9s ici sont les souvenirs de ces prestations o\u00f9 brilla et brille toujours des musiciens accomplis sous la main d\u2019un chef tr\u00e8s attentif et qui sait toujours \u00e9viter la d\u00e9monstration pour favoriser l\u2019\u00e9motion.<\/p>\n<div id=\"attachment_2302\" style=\"width: 260px\" class=\"wp-caption alignright\"><a href=\"http:\/\/erikcarnets.fr\/wp-content\/uploads\/thire_2019_6.jpg\" target=\"_blank\" rel=\"noopener noreferrer\"><img loading=\"lazy\" decoding=\"async\" aria-describedby=\"caption-attachment-2302\" class=\"wp-image-2302\" src=\"http:\/\/erikcarnets.fr\/wp-content\/uploads\/thire_2019_6-196x300.jpg\" alt=\"\" width=\"250\" height=\"384\" srcset=\"https:\/\/erikcarnets.fr\/wp-content\/uploads\/thire_2019_6-196x300.jpg 196w, https:\/\/erikcarnets.fr\/wp-content\/uploads\/thire_2019_6.jpg 500w\" sizes=\"auto, (max-width: 250px) 100vw, 250px\" \/><\/a><p id=\"caption-attachment-2302\" class=\"wp-caption-text\">Le Mur des Cyclopes<\/p><\/div>\n<p style=\"text-align: justify;\">Les choses s\u00e9rieuses commencent pourrait-on dire avec la premi\u00e8re partie fran\u00e7aise. Bien s\u00fbr impossible de ne pas proposer un extrait des <em>Arts Florissants<\/em>, pi\u00e8ce de Charpentier dont l\u2019ensemble tire son nom. Dommage de ne pas pouvoir nous donner le premier ensemble o\u00f9 chaque art d*se d\u00e9voile car c\u2019est sans doute le passage le plus impressionnant de l\u2019ouvrage. Mais nous avons tout de m\u00eame un superbe air par <em>\u00c9lodie Fonnard<\/em> dont on peut admirer la diction et la finesse d\u2019interpr\u00e9tation. Si le chant pourrait para\u00eetre un peu rigide, il est tout de m\u00eame tr\u00e8s nuanc\u00e9 pour cette all\u00e9gorie. Suit un superbe ch\u0153ur, montrant bien s\u00fbr toutes les qualit\u00e9s du ch\u0153ur maison. Enfin voici Lully. Il faut avouer une petite frustration dans la sc\u00e8ne du Sommeil d\u2019<em>Atys<\/em>. D\u00e9j\u00e0, cette version est tr\u00e8s \u00e9trange, chant\u00e9e tout le temps en trop, \u00e0 la mani\u00e8re du trio de Parques d\u2019<em>Hyppolite et Aricie<\/em> de Rameau. On perd ici les entr\u00e9es successives, les tuilages progressifs de chanteurs. Et puis pourquoi ne pas avoir propos\u00e9 toute la sc\u00e8ne du sommeil ? Nous n\u2019avons ici que la partie chant\u00e9e par les solistes sans l\u2019apparition des r\u00eaves heureux ou malheureux. On saluera tout de m\u00eame les trois chanteurs parmi lesquels <strong>Cyril Auvity<\/strong> qui rayonne comme toujours dans ce r\u00e9pertoire. Et puis chacun revoit les magnifiques images de la production de Villegier bien s\u00fbr ! Pour terminer cette premi\u00e8re partie, voici donc la passacaille d\u2019<em>Armide<\/em>. Quel bonheur que cette musique splendide ! L\u00e0 encore on aurait esp\u00e9r\u00e9 qu\u2019elle ne s\u2019arr\u00eate pas tant ce passage est splendide. L\u2019\u00e9couter dehors, sous un ciel \u00e9toil\u00e9 dans une atmosph\u00e8re digne des jardins enchant\u00e9s d\u2019Armide : que faire de mieux ? Surtout quand nous avons un Cyril Auvity toujours au m\u00eame niveau d\u2019excellence dans son air.<\/p>\n<div id=\"attachment_2304\" style=\"width: 510px\" class=\"wp-caption aligncenter\"><a href=\"http:\/\/erikcarnets.fr\/wp-content\/uploads\/thire_2019_8.jpg\" target=\"_blank\" rel=\"noopener noreferrer\"><img loading=\"lazy\" decoding=\"async\" aria-describedby=\"caption-attachment-2304\" class=\"wp-image-2304\" src=\"http:\/\/erikcarnets.fr\/wp-content\/uploads\/thire_2019_8-300x146.jpg\" alt=\"\" width=\"500\" height=\"243\" srcset=\"https:\/\/erikcarnets.fr\/wp-content\/uploads\/thire_2019_8-300x146.jpg 300w, https:\/\/erikcarnets.fr\/wp-content\/uploads\/thire_2019_8-768x374.jpg 768w, https:\/\/erikcarnets.fr\/wp-content\/uploads\/thire_2019_8-1024x498.jpg 1024w, https:\/\/erikcarnets.fr\/wp-content\/uploads\/thire_2019_8.jpg 1028w\" sizes=\"auto, (max-width: 500px) 100vw, 500px\" \/><\/a><p id=\"caption-attachment-2304\" class=\"wp-caption-text\">La Cour d&rsquo;Honneur<\/p><\/div>\n<p style=\"text-align: justify;\">Le d\u00e9but de la seconde partie est consacr\u00e9 \u00e0 Purcell\u2026 et la baguette change de main puisque <strong>Paul Agnew<\/strong> sera le ma\u00eetre pour cette fois. Il nous donne une lecture tr\u00e8s l\u00e9g\u00e8re et pleine de po\u00e9sie aux diff\u00e9rentes pi\u00e8ces, avec entre autre l\u2019\u00e9cho superbe. Bien s\u00fbr, des chanteurs sont aussi de la partie. On retrouve la magnifique <strong>Rachel Redmond<\/strong> mais aussi <strong>Cyril Auvity<\/strong>. Les deux sont splendides et l\u2019on a une vision totalement irr\u00e9elle dans ce jardin o\u00f9 la nuit est tomb\u00e9. Nous sommes chez la Reine Maab ici, avec toutes ces lumi\u00e8res magnifiques, cette musique f\u00e9erique\u2026 on est totalement transport\u00e9s\u00a0!<\/p>\n<div id=\"attachment_2303\" style=\"width: 260px\" class=\"wp-caption alignleft\"><a href=\"http:\/\/erikcarnets.fr\/wp-content\/uploads\/thire_2019_7.jpg\" target=\"_blank\" rel=\"noopener noreferrer\"><img loading=\"lazy\" decoding=\"async\" aria-describedby=\"caption-attachment-2303\" class=\"wp-image-2303\" src=\"http:\/\/erikcarnets.fr\/wp-content\/uploads\/thire_2019_7-183x300.jpg\" alt=\"\" width=\"250\" height=\"410\" srcset=\"https:\/\/erikcarnets.fr\/wp-content\/uploads\/thire_2019_7-183x300.jpg 183w, https:\/\/erikcarnets.fr\/wp-content\/uploads\/thire_2019_7.jpg 497w\" sizes=\"auto, (max-width: 250px) 100vw, 250px\" \/><\/a><p id=\"caption-attachment-2303\" class=\"wp-caption-text\">Le Pont Chinois<\/p><\/div>\n<p style=\"text-align: justify;\">Pour conclure cette grande soir\u00e9e, c\u2019est Rameau qui sera \u00e0 l\u2019honneur sous la direction de <strong>William Christie<\/strong>. <em>Les F\u00eates d\u2019H\u00e9b\u00e9<\/em> nous donnent une belle introduction en hommage \u00e0 la musique avec une <strong>\u00c9lodie Fonnard<\/strong> toujours superbe. Puis voici <em>Les Incas du P\u00e9rou<\/em>, l\u2019entr\u00e9e des <em>Indes Galantes<\/em> presque dans son int\u00e9gralit\u00e9 avec toujours <strong>\u00c9lodie Fonnard<\/strong> dans le r\u00f4le de Phani, <strong>Cyril Auvity<\/strong> en Don Carlos et <strong>Lisandro Abadie<\/strong> pour Huascar. Les trois chanteurs vont habiter leurs r\u00f4les. On soulignera encore une fois l\u2019aisance de la soprano qui se montre totalement \u00e0 la hauteur de ce r\u00f4le qui est peut-\u00eatre l\u2019un des plus tragiques de l\u2019ouvrage. Bien s\u00fbr, Cyril Auvity est un mod\u00e8le de diction et de nuances\u2026 et la grande surprise vient de Lisandro Abadie qui campe un Huascar de tr\u00e8s haute tenue avec un beau charisme alors qu\u2019il \u00e9tait pourtant souvent plus timide sur sc\u00e8ne dans d\u2019<a href=\"http:\/\/erikcarnets.fr\/?p=1872\" target=\"_blank\" rel=\"noopener noreferrer\">autres<\/a> <a href=\"http:\/\/erikcarnets.fr\/?p=1304\">productions<\/a>. Nous avons ainsi trois sp\u00e9cialistes\u2026 mais aussi un orchestre tr\u00e8s beau et color\u00e9 pour nous donner entre autre un tremblement de terre tr\u00e8s r\u00e9aliste, mais aussi des accompagnements lents. La production marquantes de l\u2019Op\u00e9ra Garnier est ici revenue en m\u00e9moire de bien des spectateurs. Enfin, ce sera bien s\u00fbr le grand moment des <em>Sauvages<\/em>\u2026 d\u00e9j\u00e0 entendue l\u2019apr\u00e8s-midi, elle est toujours aussi belle, mais l\u2019acoustique semble ne pas favoriser l\u2019explosivit\u00e9 de cette musique ce qui donne un orchestre un peu terne.<\/p>\n<div id=\"attachment_2305\" style=\"width: 510px\" class=\"wp-caption aligncenter\"><a href=\"http:\/\/erikcarnets.fr\/wp-content\/uploads\/thire_2019_9.jpg\" target=\"_blank\" rel=\"noopener noreferrer\"><img loading=\"lazy\" decoding=\"async\" aria-describedby=\"caption-attachment-2305\" class=\"wp-image-2305\" src=\"http:\/\/erikcarnets.fr\/wp-content\/uploads\/thire_2019_9-300x146.jpg\" alt=\"\" width=\"500\" height=\"243\" srcset=\"https:\/\/erikcarnets.fr\/wp-content\/uploads\/thire_2019_9-300x146.jpg 300w, https:\/\/erikcarnets.fr\/wp-content\/uploads\/thire_2019_9-768x374.jpg 768w, https:\/\/erikcarnets.fr\/wp-content\/uploads\/thire_2019_9-1024x498.jpg 1024w, https:\/\/erikcarnets.fr\/wp-content\/uploads\/thire_2019_9.jpg 1028w\" sizes=\"auto, (max-width: 500px) 100vw, 500px\" \/><\/a><p id=\"caption-attachment-2305\" class=\"wp-caption-text\">La potager fleuri<\/p><\/div>\n<p style=\"text-align: justify;\">Apr\u00e8s bien s\u00fbr des ovations, deux bis arrivent. Tout d\u2019abord la fameux quatuor de l\u2019entr\u00e9e des <em>Fleurs<\/em> des <em>Indes Galantes<\/em>\u2026 et comme William Christie aime \u00e0 le faire, c\u2019est au ch\u0153ur qu\u2019il offre ce moment magique. Les solistes viennent d\u2019ailleurs le renforcer et nous offrir un moment de pure beaut\u00e9. Tout y est calme et limpide, les lignes se croisent et se m\u00ealent. Quel bonheur\u2026 Puis arrive la chaconne qui conclue les <em>Indes Galantes<\/em>\u2026 plus martiale avec ses trompettes\u2026 et brusquement, des d\u00e9tonations retentissent et au fond de la pi\u00e8ce d\u2019eau d\u00e9bute une grand feu d\u2019artifice tout en blanc, qui \u00e9claire les jardins. Durant tout ce temps ou presque, l\u2019orchestre joue. Mais le bruit du feu d\u2019artifice masque totalement ou presque l\u2019orchestre. Mais quel final magique !<\/p>\n<div id=\"attachment_2293\" style=\"width: 510px\" class=\"wp-caption aligncenter\"><a href=\"http:\/\/erikcarnets.fr\/wp-content\/uploads\/69509322_2424676400933435_8957332648619933696_n.jpg\" target=\"_blank\" rel=\"noopener noreferrer\"><img loading=\"lazy\" decoding=\"async\" aria-describedby=\"caption-attachment-2293\" class=\"wp-image-2293\" src=\"http:\/\/erikcarnets.fr\/wp-content\/uploads\/69509322_2424676400933435_8957332648619933696_n-300x200.jpg\" alt=\"\" width=\"500\" height=\"333\" srcset=\"https:\/\/erikcarnets.fr\/wp-content\/uploads\/69509322_2424676400933435_8957332648619933696_n-300x200.jpg 300w, https:\/\/erikcarnets.fr\/wp-content\/uploads\/69509322_2424676400933435_8957332648619933696_n-768x512.jpg 768w, https:\/\/erikcarnets.fr\/wp-content\/uploads\/69509322_2424676400933435_8957332648619933696_n.jpg 960w\" sizes=\"auto, (max-width: 500px) 100vw, 500px\" \/><\/a><p id=\"caption-attachment-2293\" class=\"wp-caption-text\">Feu d&rsquo;artifice<\/p><\/div>\n<ul>\n<li>Thir\u00e9<\/li>\n<li>Les Jardins de William Christie, Le Miroir d&rsquo;Eau<\/li>\n<li>30 ao\u00fbt 2019, 20h30<\/li>\n<li>Odyss\u00e9e Baroque<\/li>\n<li>Georg Friedrich Haendel (1685-1759), Atalanta, Acte III.7 : Sinfonia<\/li>\n<li>Georg Friedrich Haendel (1685-1759), Zadok the priest : Hymne de couronnement<\/li>\n<li>Georg Friedrich Haendel (1685-1759), Ariodante, Acte II.3 : \u00ab Scherza infida \u00bb (Anna Reinhold)<\/li>\n<li>Georg Friedrich Haendel (1685-1759), Ariodante, Acte III.12 : \u00ab Bramo aver mille vite \u00bb (Rachel Redmond, Anna Reinhold)<\/li>\n<li>Georg Friedrich Haendel (1685-1759), L\u2019Allegro, il Penseroso ed il Moderato : \u00ab O let the merry bells ring round \u00bb (Rachel Redmond)<\/li>\n<li>Marc-Antoine Charpentier (1643-1704), Les Arts Florissants : \u00ab Que mes divins concerts \u00bb (\u00c9lodie Fonnard) \u2013 \u00ab Amour du ciel et de la terre \u00bb<\/li>\n<li>Jean-Baptiste Lully (1632-1687), Atys : Pr\u00e9lude \u2013 \u00ab Dormons, dormons tous \u00bb (Cyril Auvity, Lisandro Abadie, Jonathan Spicher) &#8211; Pr\u00e9lude da capo<\/li>\n<li>Jean-Baptiste Lully (1632-1687), Armide : Passacaille (Cyril Auvity)<\/li>\n<li>Henry Purcell (1659-1695), The Fairy Queen : Pr\u00e9lude de l\u2019Acte II, \u00ab Come all, come all y songsters \u00bb (Rachel Redmond) \u2013 Pr\u00e9lude &#8211; \u00ab May the God of Wit inspire \u00bb (Rachel Redmond, Cyril Auvity, Lisandro Abadie) \u2013 Echo &#8211; \u00ab Now join your warbling voices \u00bb \u2013 \u00ab Sing while we trip it \u00bb (Rachel Redmond) \u2013 Danse des f\u00e9es<\/li>\n<li>Henry Purcell (1659-1695), King Arthur : Passacaglia (Cyril Auvity)<\/li>\n<li>Jean-Philippe Rameau (1683-1764), Les F\u00eates d\u2019H\u00e9b\u00e9 \u2013 La Musique : \u00ab Pour rendre \u00e0 mon hymen tout l\u2019Olympe propice\u2026 Tu chantais \u00bb (\u00c9lodie Fonnard)<\/li>\n<li>Jean-Philippe Rameau (1683-1764), Les Indes Galantes \u2013 Les Incas du P\u00e9rou (\u00c9lodie Fonnard, Cyril Auvity, Lisandro Abadie)<\/li>\n<li>Jean-Philippe Rameau (1683-1764), Les Indes Galantes \u2013 Les Sauvages : \u00ab For\u00eats paisibles \u00bb (\u00c9lodie Fonnard, Lisandro Abadie)<\/li>\n<li>BIS \u2013 Jean-Philippe Rameau (1683-1764), Les Indes Galantes \u2013 Les Fleurs : \u00ab Tendre amour \u00bb (version pour ch\u0153ur)<\/li>\n<li>BIS \u2013 Jean-Philippe Rameau (1683-1764), Les Indes Galantes \u2013 Les Sauvages : Chaconne<\/li>\n<li>\u00c9lodie Fonnard, soprano<\/li>\n<li>Rachel Redmond, soprano<\/li>\n<li>Anna Reinhold, mezzo-soprano<\/li>\n<li>Cyril Auvity, t\u00e9nor<\/li>\n<li>Jonathan Spicher, t\u00e9nor<\/li>\n<li>Lisandro Abadie, basse<\/li>\n<li>Musiciens de Arts Florissants et \u00e9l\u00e8ves de la Julliard School<\/li>\n<li>Paul Agnew, direction<\/li>\n<li>William Christie, direction<\/li>\n<\/ul>\n<h6>8 &#8211; M\u00e9ditations \u00e0 l&rsquo;Aube de la Nuit : Te Deum de Charpentier<\/h6>\n<div id=\"attachment_2300\" style=\"width: 260px\" class=\"wp-caption alignleft\"><a href=\"http:\/\/erikcarnets.fr\/wp-content\/uploads\/thire_2019_4.jpg\" target=\"_blank\" rel=\"noopener noreferrer\"><img loading=\"lazy\" decoding=\"async\" aria-describedby=\"caption-attachment-2300\" class=\"wp-image-2300\" src=\"http:\/\/erikcarnets.fr\/wp-content\/uploads\/thire_2019_4-146x300.jpg\" alt=\"\" width=\"250\" height=\"514\" srcset=\"https:\/\/erikcarnets.fr\/wp-content\/uploads\/thire_2019_4-146x300.jpg 146w, https:\/\/erikcarnets.fr\/wp-content\/uploads\/thire_2019_4-498x1024.jpg 498w, https:\/\/erikcarnets.fr\/wp-content\/uploads\/thire_2019_4.jpg 500w\" sizes=\"auto, (max-width: 250px) 100vw, 250px\" \/><\/a><p id=\"caption-attachment-2300\" class=\"wp-caption-text\">Eglise de Thir\u00e9, Les M\u00e9ditations<\/p><\/div>\n<p style=\"text-align: justify;\">Place maintenant au dernier concert de la journ\u00e9e\u2026 mais pour cela, il faut aller \u00e0 l\u2019\u00e9glise de Thir\u00e9. Chemin faisant, on remarque un v\u00e9lo qui double tout le monde\u2026 et l\u2019on comprend que ce n\u2019est autre que Paul Agnew qui venait de saluer sur le Miroir d\u2019Eau. Et l\u00e0, on comprend que toute sa soir\u00e9e n\u2019a \u00e9t\u00e9 qu\u2019une alternance entre le jardin et l\u2019\u00e9glise\u00a0! Il dirigea un concert \u00e0 l\u2019\u00e9glise \u00e0 20h\u2026 une fois ce concert termin\u00e9, il est venu diriger la partie consacr\u00e9e \u00e0 Purcell dans les jardins, puis est retourn\u00e9 \u00e0 l\u2019\u00e9glise pour la premi\u00e8re M\u00e9ditation de la soir\u00e9e, est revenu aux jardins saluer avant de revenir enfin \u00e0 l\u2019\u00e9glise pour notre M\u00e9ditation. Quelle soir\u00e9e\u00a0!! Et quelle \u00e9nergie\u00a0!<\/p>\n<p style=\"text-align: justify;\">\u00c0 l\u2019entr\u00e9e des jardins en d\u00e9but d\u2019apr\u00e8s-midi, il \u00e9tait indiqu\u00e9 que le concert des M\u00e9ditations \u00e0 l\u2019Aube de la Nuit serait rien de moins que le <em>Te Deum<\/em> de Charpentier ! Mais comment donner cet ouvrage si immense dans l\u2019\u00e9glise de Thir\u00e9\u2026 et comment font les instrumentistes et le ch\u0153ur ? Beaucoup de questions qui seront r\u00e9solues par Paul Agnew lors de sa pr\u00e9sentation : c\u2019est un autre <em>Te Deum<\/em> de Marc-Antoine Charpentier qui sera propos\u00e9 ! Pour une petite formation. Se m\u00ealent instrumentistes des Arts Florissants et \u00e9l\u00e8ves de la Juliard School. Les huit chanteurs sont extraits du ch\u0153ur et l\u2019on se rend compte en les entendant du niveau miraculeux de ces chanteurs qui sont presque toujours entendus en ensemble. Ici nous avons des solistes de tr\u00e8s haute tenue, avec des techniques parfaitement adapt\u00e9es et une musicalit\u00e9 merveilleuse. Ce <em>Te Deum<\/em> n\u2019est peut-\u00eatre pas le plus propice aux m\u00e9ditations, mais en tout cas il couronne magistralement la journ\u00e9e et comme l\u2019indique Paul Agnew, le <em>In Te Domine<\/em> triomphale qui termine la pi\u00e8ce doit \u00eatre entendue comme la c\u00e9l\u00e9bration de ces quarante ans des Arts Florissants. Si l\u2019\u00e9glise est un peu petite pour cette \u0153uvre malgr\u00e9 les effectifs r\u00e9duits, elle est tout de m\u00eame une d\u00e9couverte majeure tant on y entend quelque chose de plus fin et d\u00e9licat que le <em>Te Deum<\/em> si connu de Charpentier (splendide aussi!). Et le choix de <strong>Paul Agnew<\/strong> de limiter le plus possibles les interpr\u00e8tes la rend encore plus belle et simple, permettant d\u2019entendre toutes les r\u00e9ponses entre les diff\u00e9rentes parties. La sym\u00e9trie de la disposition des musiciens et chanteurs permet des effets de spatialisation qui transportent l\u2019auditeur !<\/p>\n<p style=\"text-align: justify;\">La musique s\u2019arr\u00eate, l\u2019\u00e9cho laisse planer les derni\u00e8res notes\u2026 et tout le monde quitte son banc dans le silence, heureux de la journ\u00e9e pass\u00e9e hors du temps et baign\u00e9e de musique. Malgr\u00e9 les petits reproches adress\u00e9s, ces journ\u00e9es chez William Christie sont toujours aussi magiques et passionnantes. Entre les d\u00e9couvertes, les jardins, les musiciens de haut niveau\u2026 et ces musiques choisies avec amour et passion\u2026 un vrai r\u00eave\u00a0!<\/p>\n<ul>\n<li>Thir\u00e9<\/li>\n<li>\u00c9glise de Thir\u00e9<\/li>\n<li>30 ao\u00fbt 2019, 23h<\/li>\n<li>M\u00e9ditations \u00e0 l&rsquo;Aube de la Nuit, Te Deum<\/li>\n<li>Marc-Antoine Charpentier (1643-1704) : Te Deum \u00e0 8 voix avec fl\u00fbtes et violons H.145<\/li>\n<li>C\u00e9cile Granger \/ Virginie Thomas, sopranos<\/li>\n<li>Marcio Soares Holanda \/ Jonathan Spicher, haute-contres<\/li>\n<li>Thibaut Lenearts \/ Jean-Yves Ravoux, t\u00e9nors<\/li>\n<li>Anicet Caster \/ Christophe Gautier, basses<\/li>\n<li>Liv Heym \/ Chloe Kim (\u00e9l\u00e8ve de la Julliard School), violons 1<\/li>\n<li>Jeff Girton \/ Chiara Fasani Stauffer (\u00e9l\u00e8ve de la Julliard School), violons 2<\/li>\n<li>Galina Zinchenko \/ Rachell Wong (\u00e9l\u00e8ve de la Julliard School), altos<\/li>\n<li>Serge Saitta \/ Bethanne Walker (\u00e9l\u00e8ve de la Julliard School), violoncelles<\/li>\n<li>Thomas Dunford, luth<\/li>\n<li>Marie Van Rhijn, orgue<\/li>\n<li>Paul Agnew, direction<\/li>\n<\/ul>\n","protected":false},"excerpt":{"rendered":"<p>Cette ann\u00e9e encore, la fin des vacances se passait chez William Christie, ou plut\u00f4t dans son jardin toujours aussi enchanteur. Le principe reste le m\u00eame depuis maintenant de nombreuses ann\u00e9es [&hellip;]<\/p>\n","protected":false},"author":1,"featured_media":0,"comment_status":"open","ping_status":"closed","sticky":false,"template":"","format":"standard","meta":{"jetpack_post_was_ever_published":false,"_jetpack_newsletter_access":"","_jetpack_dont_email_post_to_subs":false,"_jetpack_newsletter_tier_id":0,"_jetpack_memberships_contains_paywalled_content":false,"_jetpack_memberships_contains_paid_content":false,"footnotes":"","jetpack_publicize_message":"","jetpack_publicize_feature_enabled":true,"jetpack_social_post_already_shared":true,"jetpack_social_options":{"image_generator_settings":{"template":"highway","default_image_id":0,"font":"","enabled":false},"version":2}},"categories":[1],"tags":[129,127,89,90,55,128,8,130,72,24,23,100,63,13,71],"class_list":["post-2289","post","type-post","status-publish","format-standard","hentry","category-non-classe","tag-blow","tag-boismortier","tag-charpentier-marc-antoine","tag-christie","tag-epoque_baroque","tag-guedron","tag-haendel","tag-lawes","tag-lully","tag-musique-religieuse","tag-opera","tag-purcell","tag-rameau","tag-recital","tag-vivaldi","clearfix"],"jetpack_publicize_connections":[],"jetpack_featured_media_url":"","jetpack_shortlink":"https:\/\/wp.me\/p4G2uP-AV","jetpack_sharing_enabled":true,"_links":{"self":[{"href":"https:\/\/erikcarnets.fr\/index.php?rest_route=\/wp\/v2\/posts\/2289","targetHints":{"allow":["GET"]}}],"collection":[{"href":"https:\/\/erikcarnets.fr\/index.php?rest_route=\/wp\/v2\/posts"}],"about":[{"href":"https:\/\/erikcarnets.fr\/index.php?rest_route=\/wp\/v2\/types\/post"}],"author":[{"embeddable":true,"href":"https:\/\/erikcarnets.fr\/index.php?rest_route=\/wp\/v2\/users\/1"}],"replies":[{"embeddable":true,"href":"https:\/\/erikcarnets.fr\/index.php?rest_route=%2Fwp%2Fv2%2Fcomments&post=2289"}],"version-history":[{"count":1,"href":"https:\/\/erikcarnets.fr\/index.php?rest_route=\/wp\/v2\/posts\/2289\/revisions"}],"predecessor-version":[{"id":2306,"href":"https:\/\/erikcarnets.fr\/index.php?rest_route=\/wp\/v2\/posts\/2289\/revisions\/2306"}],"wp:attachment":[{"href":"https:\/\/erikcarnets.fr\/index.php?rest_route=%2Fwp%2Fv2%2Fmedia&parent=2289"}],"wp:term":[{"taxonomy":"category","embeddable":true,"href":"https:\/\/erikcarnets.fr\/index.php?rest_route=%2Fwp%2Fv2%2Fcategories&post=2289"},{"taxonomy":"post_tag","embeddable":true,"href":"https:\/\/erikcarnets.fr\/index.php?rest_route=%2Fwp%2Fv2%2Ftags&post=2289"}],"curies":[{"name":"wp","href":"https:\/\/api.w.org\/{rel}","templated":true}]}}