{"id":221,"date":"2014-06-03T22:51:19","date_gmt":"2014-06-03T20:51:19","guid":{"rendered":"http:\/\/erikcarnets.fr\/\/?p=221"},"modified":"2016-10-05T19:53:13","modified_gmt":"2016-10-05T17:53:13","slug":"orfeo-et-les-talents-lyriques","status":"publish","type":"post","link":"https:\/\/erikcarnets.fr\/?p=221","title":{"rendered":"L&rsquo;Orfeo de Monteverdi et Les Talens Lyriques"},"content":{"rendered":"<p style=\"text-align: justify;\"><img loading=\"lazy\" decoding=\"async\" class=\"size-medium wp-image-1036 alignleft\" src=\"http:\/\/erikcarnets.fr\/wp-content\/uploads\/rousset-1-300x261.jpg\" alt=\"rousset\" width=\"300\" height=\"261\" srcset=\"https:\/\/erikcarnets.fr\/wp-content\/uploads\/rousset-1-300x261.jpg 300w, https:\/\/erikcarnets.fr\/wp-content\/uploads\/rousset-1.jpg 510w\" sizes=\"auto, (max-width: 300px) 100vw, 300px\" \/><em>L&rsquo;Orfeo<\/em> de Monteverdi est r\u00e9put\u00e9 pour \u00eatre le premier op\u00e9ra&#8230; mais il est plus que cela\u00a0: c&rsquo;est une \u0153uvre fascinante par ses couleurs et ses inspirations, depuis la tr\u00e9pidante toccata d&rsquo;ouverture jusqu&rsquo;\u00e0 la sombre d\u00e9ploration finale d&rsquo;Orfeo en passant par toutes les couleurs pastorales ou sombres. Monteverdi a pos\u00e9 les bases d&rsquo;un op\u00e9ra, mais finalement bouleversera totalement les structures dans les autres \u0153uvres qui nous sont parvenues\u00a0! Comment retrouver la m\u00eame architecture humble de cet <em>Orfeo<\/em> dans les grandes sc\u00e8nes du <em>Couronnement<\/em> ? Tout ici respire la po\u00e9sie, avec au dessus de tous bien s\u00fbr l&rsquo;incarnation de l&rsquo;artiste lui-m\u00eame. \u00c0 c\u00f4t\u00e9 de lui, les dieux sont beaucoup plus prosa\u00efques. La direction de Christophe Rousset et la sobre mise en espace vont nous r\u00e9v\u00e9ler toute la profondeur de l\u2019\u0153uvre.<\/p>\n<p class=\"western\" style=\"margin-bottom: 0cm; text-align: justify;\"><!--more--><\/p>\n<p style=\"text-align: justify;\">M&rsquo;attendant \u00e0 une version de concert, quel ne fut pas mon plaisir de d\u00e9couvrir une mise en espace intelligente, d\u00e9licate et passionnante\u00a0! Par des \u00e9clairages finement dos\u00e9s, des d\u00e9placements significatifs et des attitudes naturelles, l&rsquo;op\u00e9ra prend vie sous nos yeux dans sa forme la plus sobre et touchante. Servie par des chanteurs tr\u00e8s impliqu\u00e9s, on ne peut qu&rsquo;\u00eatre emport\u00e9 par ce mythe.<\/p>\n<p style=\"text-align: justify;\">Et musicalement nous sommes aussi superbement servis. Christophe Rousset dirige avec beaucoup de couleurs et de retenue l&rsquo;orchestre compos\u00e9 d&rsquo;une petite vingtaine de musiciens. Les Talens Lyriques ont une belle r\u00e9putation et chaque musicien fait ici preuve d&rsquo;une superbe musicalit\u00e9 et d&rsquo;un talent de soliste pour habiter chaque note. Comment r\u00e9sister \u00e0 l&rsquo;accompagnement tellement sensible de la plainte d&rsquo;Orfeo \u00e0 la double harpe par Siobhan Armstrong\u00a0? Tout est au niveau d&rsquo;excellence qu&rsquo;on peut attendre d&rsquo;un tel ensemble, avec \u00e0 sa t\u00eate un Christophe Rousset peut-\u00eatre plus volubile au clavecin qu&rsquo;\u00e0 l&rsquo;orgue (un peu plaqu\u00e9 s\u00e8chement m\u00eame si il signifie toujours l&rsquo;implacable destin). Finalement, la seule petite chose qui d\u00e9\u00e7oit l\u00e9g\u00e8rement est l&rsquo;entr\u00e9e des trombones qui sonnent un peu l\u00e9gers et non conqu\u00e9rants\u00a0! A cet excellent niveau orchestral s&rsquo;ajoute un tr\u00e8s beau ch\u0153ur d&rsquo;un ensemble parfait.<\/p>\n<p style=\"text-align: justify;\">Enfin, et non des moindres, il faut signaler une tr\u00e8s belle distribution. Pas de grand nom mais des voix justes pour chaque r\u00f4le. Deux petites d\u00e9ceptions tout de m\u00eame. Pour l&rsquo;Apollo de Damian Thantrey (on se demande l&rsquo;int\u00e9r\u00eat de faire appel \u00e0 un autre soliste quand on en a d\u00e9j\u00e0 de magnifiques chanteurs pouvant prendre sa place dans la distribution&#8230;) \u00e0 la voix sans impact et au timbre gris. Et puis pour le berger du contre-t\u00e9nor Nicholas Spanos\u00a0: il aura fallu attendre presque la moiti\u00e9 du premier acte avant d&rsquo;entendre sa voix\u00a0: aucun volume et un timbre assez caricatural de contre-t\u00e9nor. Mais mis \u00e0 part ces deux petites d\u00e9ceptions, le reste de la distribution est assez parfaite. Les trois autres bergers entre autre sont magnifiques\u00a0: baryton-basse et t\u00e9nors voient chacun d\u00e9ployer une superbe voix et un style parfait. Se distingue particuli\u00e8rement Cyril Auvity dont on se demande pourquoi il ne chante pas le r\u00f4le titre tant le timbre est beau, l&rsquo;aigu superbement mix\u00e9 et le style raffin\u00e9. Chacune de ses interventions est magistrale et m\u00eame dans les ensembles il surclasse ses partenaires. Esp\u00e9rons qu&rsquo;un jour il abordera dans une version pour t\u00e9nor le r\u00f4le d&rsquo;Orfeo&#8230;<\/p>\n<p style=\"text-align: justify;\">Dans le double r\u00f4le des basses, Gianluca Buratto impressionne par une voix puissante et arrogante. Par contre le style est l\u00e9g\u00e8rement d\u00e9braill\u00e9 m\u00eame dans le r\u00f4le de Pluton. Au contraire, Elena Galitskaya se montre splendide de timbre et de d\u00e9tails mais avec une projection trop limit\u00e9e. Mais ceci n&#8217;emp\u00eache pas la Nymphe d&rsquo;avoir toute sa fra\u00eecheur et Proserpine b\u00e9n\u00e9ficie de sa beaut\u00e9 vocale. La fragile apparition d&rsquo;Em\u00f6ke Barath en Euridice rayonne de bont\u00e9 et de fragilit\u00e9.<\/p>\n<p style=\"text-align: justify;\">Celle qui ouvre l\u2019\u0153uvre dans le r\u00f4le de la Musique est \u00e9blouissante. Carol Garcia montre un timbre chaud, une vocalisation rapide et surtout une grande musicalit\u00e9 lui permettant d&rsquo;assumer \u00e0 la fois la splendeur du prologue et la douloureuse d\u00e9ploration de la Messag\u00e8re funeste. Avec une voix \u00e0 l&rsquo;\u00e9motion communicative et o\u00f9 le bonheur de chanter semble manifeste, Carol Garcia est une splendide d\u00e9couverte qui assume avec panache ses trois r\u00f4les.<\/p>\n<p style=\"text-align: justify;\">Et pour finir on ne sait que louer dans la prestation de Gyula Orendt dans le r\u00f4le titre. Ce jeune baryton nous ravi par ses nuances et sa po\u00e9sie. Orfeo joyeux ou totalement effondr\u00e9, capable des tenues de notes et des diminuedi sublimes, au style parfait dans ses moindres d\u00e9tails avec une vocalisation bluffante face au passeur&#8230; Cet Orfeo est extr\u00eamement touchant et humain, douloureux mais toujours po\u00e8te. Chaque nuance fait sens dans sa composition.<\/p>\n<p style=\"text-align: justify;\">Ce concert \u00e9tait a priori le dernier concert auquel j&rsquo;assistai Salle Pleyel. Et pour clore cette histoire avec une salle o\u00f9 j&rsquo;ai fini par prendre mes petites habitudes, cet <em>Orfeo<\/em> me laissera un magnifique souvenir. \u0152uvre sublime, interpr\u00e9tation magnifique et une mise en espace sobre et bienvenue\u00a0: tout \u00e9tait l\u00e0.<\/p>\n<ul>\n<li>Paris<\/li>\n<li>Salle Pleyel<\/li>\n<li>02 juin 2014<\/li>\n<li>Claudio Monteverdi (1567-1643), L&rsquo;Orfeo, Favola in musica en cinq actes et un prologue<\/li>\n<li>Lumi\u00e8res, Ludovic Lagarde, S\u00e9bastien Michaud<\/li>\n<li>Orfeo, Gyula Orendt\u00a0; Euridice, Em\u00f6ke Bar\u00e0th ; La Musica-Messaggiera-Speranza, Carol Garcia ; Proserpina-Ninfa, Elena Galitskaya ; Pastore, Cyril Auvity-Alexander Sprague-Nicholas Spanos-Daniel Grice ; Caronte-Plutone, Gianluca Buratto ; Apollo, Damian Thantrey<\/li>\n<li>Ch\u0153ur de l&rsquo;Op\u00e9ra National de Lorraine<\/li>\n<li>Les Talens Lyriques<\/li>\n<li>Christophe Rousset, direction<\/li>\n<\/ul>\n","protected":false},"excerpt":{"rendered":"<p>L&rsquo;Orfeo de Monteverdi est r\u00e9put\u00e9 pour \u00eatre le premier op\u00e9ra&#8230; mais il est plus que cela\u00a0: c&rsquo;est une \u0153uvre fascinante par ses couleurs et ses inspirations, depuis la tr\u00e9pidante toccata [&hellip;]<\/p>\n","protected":false},"author":1,"featured_media":0,"comment_status":"open","ping_status":"closed","sticky":false,"template":"","format":"standard","meta":{"jetpack_post_was_ever_published":false,"_jetpack_newsletter_access":"","_jetpack_dont_email_post_to_subs":true,"_jetpack_newsletter_tier_id":0,"_jetpack_memberships_contains_paywalled_content":false,"_jetpack_memberships_contains_paid_content":false,"footnotes":"","jetpack_publicize_message":"","jetpack_publicize_feature_enabled":true,"jetpack_social_post_already_shared":true,"jetpack_social_options":{"image_generator_settings":{"template":"highway","default_image_id":0,"font":"","enabled":false},"version":2}},"categories":[28,3],"tags":[55,39,23],"class_list":["post-221","post","type-post","status-publish","format-standard","hentry","category-concert","category-musique_classique","tag-epoque_baroque","tag-monteverdi","tag-opera","clearfix"],"jetpack_publicize_connections":[],"jetpack_featured_media_url":"","jetpack_shortlink":"https:\/\/wp.me\/p4G2uP-3z","jetpack_sharing_enabled":true,"_links":{"self":[{"href":"https:\/\/erikcarnets.fr\/index.php?rest_route=\/wp\/v2\/posts\/221","targetHints":{"allow":["GET"]}}],"collection":[{"href":"https:\/\/erikcarnets.fr\/index.php?rest_route=\/wp\/v2\/posts"}],"about":[{"href":"https:\/\/erikcarnets.fr\/index.php?rest_route=\/wp\/v2\/types\/post"}],"author":[{"embeddable":true,"href":"https:\/\/erikcarnets.fr\/index.php?rest_route=\/wp\/v2\/users\/1"}],"replies":[{"embeddable":true,"href":"https:\/\/erikcarnets.fr\/index.php?rest_route=%2Fwp%2Fv2%2Fcomments&post=221"}],"version-history":[{"count":6,"href":"https:\/\/erikcarnets.fr\/index.php?rest_route=\/wp\/v2\/posts\/221\/revisions"}],"predecessor-version":[{"id":1042,"href":"https:\/\/erikcarnets.fr\/index.php?rest_route=\/wp\/v2\/posts\/221\/revisions\/1042"}],"wp:attachment":[{"href":"https:\/\/erikcarnets.fr\/index.php?rest_route=%2Fwp%2Fv2%2Fmedia&parent=221"}],"wp:term":[{"taxonomy":"category","embeddable":true,"href":"https:\/\/erikcarnets.fr\/index.php?rest_route=%2Fwp%2Fv2%2Fcategories&post=221"},{"taxonomy":"post_tag","embeddable":true,"href":"https:\/\/erikcarnets.fr\/index.php?rest_route=%2Fwp%2Fv2%2Ftags&post=221"}],"curies":[{"name":"wp","href":"https:\/\/api.w.org\/{rel}","templated":true}]}}