{"id":1630,"date":"2017-12-30T20:27:59","date_gmt":"2017-12-30T19:27:59","guid":{"rendered":"http:\/\/erikcarnets.fr\/?p=1630"},"modified":"2017-12-30T20:27:59","modified_gmt":"2017-12-30T19:27:59","slug":"maria-by-callas-le-documentaire","status":"publish","type":"post","link":"https:\/\/erikcarnets.fr\/?p=1630","title":{"rendered":"Maria By Callas, le documentaire"},"content":{"rendered":"<div id=\"attachment_1631\" style=\"width: 310px\" class=\"wp-caption alignleft\"><a href=\"http:\/\/erikcarnets.fr\/?p=1630\"><img loading=\"lazy\" decoding=\"async\" aria-describedby=\"caption-attachment-1631\" class=\"wp-image-1631\" src=\"http:\/\/erikcarnets.fr\/wp-content\/uploads\/affiche-maria-by-callas-221x300.jpg\" alt=\"\" width=\"300\" height=\"408\" srcset=\"https:\/\/erikcarnets.fr\/wp-content\/uploads\/affiche-maria-by-callas-221x300.jpg 221w, https:\/\/erikcarnets.fr\/wp-content\/uploads\/affiche-maria-by-callas-768x1044.jpg 768w, https:\/\/erikcarnets.fr\/wp-content\/uploads\/affiche-maria-by-callas-753x1024.jpg 753w, https:\/\/erikcarnets.fr\/wp-content\/uploads\/affiche-maria-by-callas.jpg 800w\" sizes=\"auto, (max-width: 300px) 100vw, 300px\" \/><\/a><p id=\"caption-attachment-1631\" class=\"wp-caption-text\">\u00a9 Fonds de Dotation Maria Callas<\/p><\/div>\n<p style=\"text-align: justify;\">Alors que l\u2019on f\u00eate les quarante ans de la disparition de Maria Callas, les manifestations se sont multipli\u00e9es. La sortie chez Warner d\u2019un beau coffret reprenant une partie de ses prestations en direct (dont les premiers op\u00e9ras ont \u00e9t\u00e9 critiqu\u00e9s ici\u2026 la suite devrait venir), des concerts hommages comme une <em>Lucia di Lammermoor<\/em> avec Jessica Pratt\u2026 et le travail de Tom Wolf qui se d\u00e9cline sous plusieurs formats. On a beaucoup entendu parler de l\u2019exposition qui a eu lieue \u00e0 la Seine Musicale tout au long de cet automne. Elle replongeait dans l\u2019intimit\u00e9 de la chanteuse en nous montrant non seulement des images d\u2019archives, mais aussi des costumes ou des objets du quotidien. Des livres sont sortis comme ses m\u00e9moires inachev\u00e9es et des lettres (<em>Lettres et m\u00e9moires inachev\u00e9es<\/em>, \u00e9ditions Fayard) mais aussi deux livres document\u00e9s au plus pr\u00e8s de la cantatrice en proposant des documents in\u00e9dits et en allant interroger les plus proches\u00a0: <em>Maria by Callas<\/em> aux \u00e9ditions Assouline, mais aussi <em>Callas Confidential<\/em> chez La Marini\u00e8re. Pour finir cette ann\u00e9e, c\u2019est un documentaire qui est sorti au cin\u00e9ma pour nous montrer la Divine en image.<!--more--><\/p>\n<p style=\"text-align: justify;\"><a href=\"http:\/\/erikcarnets.fr\/wp-content\/uploads\/photo_2.jpg\" target=\"_blank\" rel=\"noopener\"><img loading=\"lazy\" decoding=\"async\" class=\"aligncenter wp-image-1632\" src=\"http:\/\/erikcarnets.fr\/wp-content\/uploads\/photo_2-300x169.jpg\" alt=\"\" width=\"500\" height=\"281\" srcset=\"https:\/\/erikcarnets.fr\/wp-content\/uploads\/photo_2-300x169.jpg 300w, https:\/\/erikcarnets.fr\/wp-content\/uploads\/photo_2-768x432.jpg 768w, https:\/\/erikcarnets.fr\/wp-content\/uploads\/photo_2-1024x576.jpg 1024w\" sizes=\"auto, (max-width: 500px) 100vw, 500px\" \/><\/a><\/p>\n<p style=\"text-align: justify;\">Quarante ans d\u00e9j\u00e0 que Maria Callas est morte apr\u00e8s quelques ann\u00e9es de silence. Il nous reste bien s\u00fbr tous ces enregistrements mais ils ne peuvent malheureusement pas rendre totalement vie \u00e0 l\u2019art de la femme. Mais nous avons d\u00e9j\u00e0 une partie de son g\u00e9nie par son sens des nuances et l\u2019engagement vocal. Par contre, rien ou presque de ses prestations sc\u00e9niques. Elle a \u00e9t\u00e9 reconnue comme une grande actrice, mais en dehors de deux actes II de <em>Tosca<\/em>, nous n\u2019avons rien d\u2019autre ou presque. Il y a bien quelques captations muettes qui ont circul\u00e9 sur Internet depuis quelques ann\u00e9es mais cela reste bien peu et l\u2019on se demande de nos jours pourquoi il n\u2019y a pas eu plus de captations officielles, m\u00eame tardives. Mais plus encore, la femme en elle-m\u00eame est assez peu connue tant la cantatrice a \u00e9cras\u00e9 la personnalit\u00e9 de la femme. A force de l\u2019identifier \u00e0 Floria Tosca, le mythe s\u2019est construit sur une femme qui aurait consacr\u00e9 sa vie \u00e0 son art, une tigresse pr\u00eate \u00e0 faire un scandale pour une broutille\u2026 et finalement une femme trahie et qui meurt de chagrin apr\u00e8s la perte de son unique amour. Voici le portrait populaire de celle qui fut l\u2019une des plus grandes chanteuses du vingti\u00e8me si\u00e8cle. Mais <strong>Tom Wolf<\/strong> s\u2019est plong\u00e9 dans l\u2019intimit\u00e9 de la chanteuse, cherchant \u00e0 conna\u00eetre Maria au travers d\u2019images souvent in\u00e9dites.<\/p>\n<div id=\"attachment_1637\" style=\"width: 310px\" class=\"wp-caption alignright\"><a href=\"http:\/\/erikcarnets.fr\/wp-content\/uploads\/photo_7.jpg\" target=\"_blank\" rel=\"noopener\"><img loading=\"lazy\" decoding=\"async\" aria-describedby=\"caption-attachment-1637\" class=\"wp-image-1637\" src=\"http:\/\/erikcarnets.fr\/wp-content\/uploads\/photo_7-282x300.jpg\" alt=\"\" width=\"300\" height=\"319\" srcset=\"https:\/\/erikcarnets.fr\/wp-content\/uploads\/photo_7-282x300.jpg 282w, https:\/\/erikcarnets.fr\/wp-content\/uploads\/photo_7-768x816.jpg 768w, https:\/\/erikcarnets.fr\/wp-content\/uploads\/photo_7-964x1024.jpg 964w\" sizes=\"auto, (max-width: 300px) 100vw, 300px\" \/><\/a><p id=\"caption-attachment-1637\" class=\"wp-caption-text\">avec Visconti \u00e0 La Scala 1954 &#8211; \u00a9 Fonds de Dotation Maria Callas<\/p><\/div>\n<p style=\"text-align: justify;\">Le film est chronologique mais se concentre surtout entre 1952 et 1977. La jeunesse de la diva est assez vite expliqu\u00e9e avec des photographies et une interview de son professeur Elvira de Hidalgo. Mais par contre, rien ou presque de ses premiers succ\u00e8s, de cette premi\u00e8re carri\u00e8re avant les premiers triomphes et la reconnaissance de 1952. C\u2019est l\u00e0 le principal point n\u00e9gatif de ce documentaire. Bien s\u00fbr il faut \u00e9viter d\u2019\u00eatre exhaustif dans cet exercice, mais c\u2019est aussi cette femme mal dans sa peau qui chante Wagner avant de d\u00e9couvrir le bel-canto, cette chanteuse qui part tous les \u00e9t\u00e9s en Am\u00e9rique du sud pour chanter et roder ses plus grands r\u00f4les alors qu\u2019elle n\u2019est pas encore la star qu\u2019elle sera. En 1952 elle est d\u00e9j\u00e0 install\u00e9e dans le paysage lyrique italien et m\u00eame mondial. C\u2019est ici la construction de la cantatrice que l\u2019on passe sous silence, de ce bourreau de travail qui s\u2019\u00e9puise \u00e0 chanter un r\u00e9pertoire toujours plus large dans des conditions loin d\u2019\u00eatre confortables et qui commence \u00e0 luter pour se forger une image sc\u00e9nique.<\/p>\n<div id=\"attachment_1636\" style=\"width: 310px\" class=\"wp-caption alignleft\"><a href=\"http:\/\/erikcarnets.fr\/wp-content\/uploads\/photo_6.jpg\" target=\"_blank\" rel=\"noopener\"><img loading=\"lazy\" decoding=\"async\" aria-describedby=\"caption-attachment-1636\" class=\"wp-image-1636 size-medium\" src=\"http:\/\/erikcarnets.fr\/wp-content\/uploads\/photo_6-300x262.jpg\" alt=\"\" width=\"300\" height=\"262\" srcset=\"https:\/\/erikcarnets.fr\/wp-content\/uploads\/photo_6-300x262.jpg 300w, https:\/\/erikcarnets.fr\/wp-content\/uploads\/photo_6-768x670.jpg 768w, https:\/\/erikcarnets.fr\/wp-content\/uploads\/photo_6-1024x893.jpg 1024w\" sizes=\"auto, (max-width: 300px) 100vw, 300px\" \/><\/a><p id=\"caption-attachment-1636\" class=\"wp-caption-text\">Rome, conf\u00e9rence de presse 5 jours apr\u00e8s le scandale, 7 janvier 1958 &#8211; \u00a9 Fonds de Dotation Maria Callas<\/p><\/div>\n<p style=\"text-align: justify;\">Il faut bien comprendre que nous n\u2019avons pas ici une documentation compl\u00e8te de ses prises de r\u00f4les ou ses plus grands succ\u00e8s. Nous avons bien s\u00fbr de nombreux documents la montrant sur sc\u00e8ne (dans des versions coloris\u00e9es \u00e9trangement), mais beaucoup plus d\u2019images hors de sc\u00e8ne. Arriv\u00e9es en avion, sortie de salle apr\u00e8s le concert, photographies ou film priv\u00e9s. Voici sur quoi repose avant tout le documentaire pr\u00e9sent\u00e9. Et le but est clair\u00a0: ne pas documenter la cantatrice mais bien la femme qui se cache derri\u00e8re. Le fil rouge sera d\u2019ailleurs une interview r\u00e9alis\u00e9e en 1970 par David Frost o\u00f9 elle aborde nombre de ses regrets dans sa vie personnelle et o\u00f9 l\u2019on d\u00e9couvre notamment sa d\u00e9ception de ne pas avoir eu une vraie vie de famille. On retiendra aussi bien s\u00fbr les cons\u00e9quences des diff\u00e9rents scandales qui ont \u00e9maill\u00e9 sa carri\u00e8re\u00a0: le 2 janvier 1958 o\u00f9 elle n\u2019arrive pas \u00e0 terminer la repr\u00e9sentation de <em>Norma<\/em> \u00e0 Rome, la rupture de contrat \u00e0 New-York\u2026 et ses relations difficiles avec son mari puis son amour avec Aristote Onassis. Pour chacun de ces \u00e9v\u00e8nements, nous avons un \u00e9clairage qui vient directement d\u2019elle\u00a0: quelques phrases au d\u00e9tour d\u2019une interview ou une lettre magnifiquement lue par Fanny Ardant. Le but est de lui donner la parole, d\u2019\u00eatre le plus proche possible de ce qu\u2019elle souhaitait \u00eatre ou montrer. Car il y a bien une diff\u00e9rence entre les lettres intimes o\u00f9 l\u2019on sent poindre le doute et la solitude\u2026 et ce personnage public au grand sourire et \u00e0 la d\u00e9marche hautaine.<\/p>\n<div id=\"attachment_1633\" style=\"width: 510px\" class=\"wp-caption aligncenter\"><a href=\"http:\/\/erikcarnets.fr\/wp-content\/uploads\/photo_3.jpg\" target=\"_blank\" rel=\"noopener\"><img loading=\"lazy\" decoding=\"async\" aria-describedby=\"caption-attachment-1633\" class=\"wp-image-1633\" src=\"http:\/\/erikcarnets.fr\/wp-content\/uploads\/photo_3-300x205.jpg\" alt=\"\" width=\"500\" height=\"342\" srcset=\"https:\/\/erikcarnets.fr\/wp-content\/uploads\/photo_3-300x205.jpg 300w, https:\/\/erikcarnets.fr\/wp-content\/uploads\/photo_3-768x525.jpg 768w, https:\/\/erikcarnets.fr\/wp-content\/uploads\/photo_3-1024x701.jpg 1024w\" sizes=\"auto, (max-width: 500px) 100vw, 500px\" \/><\/a><p id=\"caption-attachment-1633\" class=\"wp-caption-text\">avec David Frost, 1970 &#8211; \u00a9 Fonds de Dotation Maria Callas<\/p><\/div>\n<p style=\"text-align: justify;\">Mais qu\u2019apprend-t-on dans ce film\u00a0? Et bien surtout la solitude de cette femme qui a plus subit sa carri\u00e8re qu\u2019elle ne l\u2019a souhait\u00e9e, pouss\u00e9e par sa m\u00e8re puis son mari. La tristesse de celle qui n\u2019attendait qu\u2019une chose\u00a0: rencontrer un homme et arr\u00eater sa carri\u00e8re pour vivre la vie de femme au foyer qu\u2019elle consid\u00e9rait comme normale. Et enfin l\u2019\u00e9volution de son rapport au chant qui s\u2019est produit au contact d\u2019Aristote Onassis. Oui avec lui elle v\u00e9cu une vie tr\u00e9pidante et presque frivole. Mais elle en avait besoin et justement il lui a donn\u00e9 la libert\u00e9 dont elle avait \u00e9t\u00e9 priv\u00e9e durant toute sa vie. Elle aimait chanter et esp\u00e9rera d\u2019ailleurs jusqu\u2019aux derniers jours remonter sur sc\u00e8ne\u2026 mais ces ann\u00e9es lui auront permis de trouver un \u00e9quilibre\u00a0: Maria a pu vivre alors que La Callas devait commencer \u00e0 d\u00e9cliner.<\/p>\n<div id=\"attachment_1635\" style=\"width: 310px\" class=\"wp-caption alignright\"><a href=\"http:\/\/erikcarnets.fr\/wp-content\/uploads\/photo_5.jpg\" target=\"_blank\" rel=\"noopener\"><img loading=\"lazy\" decoding=\"async\" aria-describedby=\"caption-attachment-1635\" class=\"wp-image-1635 size-medium\" src=\"http:\/\/erikcarnets.fr\/wp-content\/uploads\/photo_5-300x291.jpg\" alt=\"\" width=\"300\" height=\"291\" srcset=\"https:\/\/erikcarnets.fr\/wp-content\/uploads\/photo_5-300x291.jpg 300w, https:\/\/erikcarnets.fr\/wp-content\/uploads\/photo_5-768x744.jpg 768w, https:\/\/erikcarnets.fr\/wp-content\/uploads\/photo_5-1024x993.jpg 1024w, https:\/\/erikcarnets.fr\/wp-content\/uploads\/photo_5.jpg 1140w\" sizes=\"auto, (max-width: 300px) 100vw, 300px\" \/><\/a><p id=\"caption-attachment-1635\" class=\"wp-caption-text\">Polaroid autoportrait, 1966 en croisie\u00e8re sur le Christina &#8211; \u00a9 Fonds de Dotation Maria Callas<\/p><\/div>\n<p style=\"text-align: justify;\">Sur le fond, ce document est donc passionnant car c\u2019est vraiment une toute autre image que celle de La Divine qui nous est montr\u00e9e. Mais on peut rester sceptique sur la forme. D\u00e9j\u00e0, pourquoi avoir coloris\u00e9 tant d\u2019images d\u2019archive\u00a0? Bien s\u00fbr le public actuel est moins habitu\u00e9 au noir et blanc, mais il n\u2019emp\u00eache que cela perturbe de voir ces couleurs si vives sur les costumes sans qu\u2019il ne soit possible de savoir si ce sont des choix de la production ou des d\u00e9cisions prises suite \u00e0 des recherches pr\u00e9cises. On se trouve aussi face \u00e0 une Maria Callas bl\u00eame et des mises en couleurs parfois hasardeuses (le concert de 1958 \u00e0 Paris montre une cantatrice magnifique dans sa robe rouge\u2026 mais les choristes derri\u00e8res sont r\u00e9duits \u00e0 des taches vaguement humaines!). A de nombreux moments, on nous montre aussi des images accompagn\u00e9es du chant\u2026 mais ce sont bien s\u00fbr des montages comme cette <em>Madama Butterfly<\/em> o\u00f9 l\u2019on d\u00e9couvre \u00e0 quel point La Callas pouvait donner de la fragilit\u00e9 dans son jeu de sc\u00e8ne. Le chant qui lui est superpos\u00e9 est bien s\u00fbr issu de l\u2019int\u00e9grale studio qui suivra, mais pourquoi ne pas le pr\u00e9ciser dans le film\u00a0? Chacune des archives visuelles est dat\u00e9e mais il n\u2019en est malheureusement rien sur les archives sonores.<\/p>\n<div id=\"attachment_1638\" style=\"width: 510px\" class=\"wp-caption aligncenter\"><a href=\"http:\/\/erikcarnets.fr\/wp-content\/uploads\/photo_8.jpg\" target=\"_blank\" rel=\"noopener\"><img loading=\"lazy\" decoding=\"async\" aria-describedby=\"caption-attachment-1638\" class=\"wp-image-1638\" src=\"http:\/\/erikcarnets.fr\/wp-content\/uploads\/photo_8-300x297.jpg\" alt=\"\" width=\"500\" height=\"495\" srcset=\"https:\/\/erikcarnets.fr\/wp-content\/uploads\/photo_8-300x297.jpg 300w, https:\/\/erikcarnets.fr\/wp-content\/uploads\/photo_8-150x150.jpg 150w, https:\/\/erikcarnets.fr\/wp-content\/uploads\/photo_8-768x761.jpg 768w, https:\/\/erikcarnets.fr\/wp-content\/uploads\/photo_8-1024x1014.jpg 1024w\" sizes=\"auto, (max-width: 500px) 100vw, 500px\" \/><\/a><p id=\"caption-attachment-1638\" class=\"wp-caption-text\">avec Georges Pr\u00eatre \u00e0 Paris, 18 mai 1965 &#8211; \u00a9 INA<\/p><\/div>\n<p style=\"text-align: justify;\">Malgr\u00e9 ces points n\u00e9gatifs, ce documentaire est magnifique car il nous plonge sans aucun voyeurisme dans sa vie. En ne faisant que parler Maria Callas par ses lettres ou ses interviews, il n\u2019y a pas de secrets d\u00e9voil\u00e9s mais juste ce qu\u2019elle voulait bien nous montrer tant comme cantatrice que comme femme. Et si Tom Wolf a plus ax\u00e9 son montage sur cette derni\u00e8re, c\u2019est parce qu\u2019elle est particuli\u00e8rement touchante dans sa vie et son parcours tant personnel qu\u2019artistique.<\/p>\n<p style=\"text-align: justify;\"><a href=\"http:\/\/erikcarnets.fr\/wp-content\/uploads\/Callas-confidential.jpg\" target=\"_blank\" rel=\"noopener\"><img loading=\"lazy\" decoding=\"async\" class=\"wp-image-1639 size-thumbnail alignleft\" src=\"http:\/\/erikcarnets.fr\/wp-content\/uploads\/Callas-confidential-150x150.jpg\" alt=\"\" width=\"150\" height=\"150\" srcset=\"https:\/\/erikcarnets.fr\/wp-content\/uploads\/Callas-confidential-150x150.jpg 150w, https:\/\/erikcarnets.fr\/wp-content\/uploads\/Callas-confidential-200x200.jpg 200w\" sizes=\"auto, (max-width: 150px) 100vw, 150px\" \/><\/a>Nul doute que ce documentaire sortira dans les moins qui viennent en DVD. Mais en attendant, les amateurs pourront se tourner vers le tr\u00e8s beau livre <em>Callas Confidential<\/em> de ce m\u00eame <strong>Tom Wolf<\/strong> aux \u00c9ditions de La Martini\u00e8re. On y retrouve la m\u00eame optique avec des interviews, des photographies personnelles comme professionnelles, de coupures de presses qu\u2019elle conservait\u2026 C\u2019est l\u00e0 encore toute la femme qui est document\u00e9e et non pas uniquement la Diva adul\u00e9e.<\/p>\n<ul>\n<li>Cin\u00e9ma<\/li>\n<li>17 d\u00e9cembre 2017<\/li>\n<li>Maria by Callas<\/li>\n<li>Documentaire<\/li>\n<li>Tom Wolf, direction<\/li>\n<li>Thierry Bizot \/ Emmanuel Chain \/ Ga\u00ebl Leiblang \/ Emmanuelle Lepers \/ Tom Volf, producteurs<\/li>\n<li>Fanny Ardant, voix<\/li>\n<li>Sorti en salle le 13 d\u00e9cembre 2017, 1h53<\/li>\n<\/ul>\n","protected":false},"excerpt":{"rendered":"<p>Alors que l\u2019on f\u00eate les quarante ans de la disparition de Maria Callas, les manifestations se sont multipli\u00e9es. La sortie chez Warner d\u2019un beau coffret reprenant une partie de ses [&hellip;]<\/p>\n","protected":false},"author":1,"featured_media":0,"comment_status":"open","ping_status":"closed","sticky":false,"template":"","format":"standard","meta":{"jetpack_post_was_ever_published":false,"_jetpack_newsletter_access":"","_jetpack_dont_email_post_to_subs":false,"_jetpack_newsletter_tier_id":0,"_jetpack_memberships_contains_paywalled_content":false,"_jetpack_memberships_contains_paid_content":false,"footnotes":"","jetpack_publicize_message":"","jetpack_publicize_feature_enabled":true,"jetpack_social_post_already_shared":true,"jetpack_social_options":{"image_generator_settings":{"template":"highway","default_image_id":0,"font":"","enabled":false},"version":2}},"categories":[105,3],"tags":[91,23],"class_list":["post-1630","post","type-post","status-publish","format-standard","hentry","category-documentaire","category-musique_classique","tag-maria-callas","tag-opera","clearfix"],"jetpack_publicize_connections":[],"jetpack_featured_media_url":"","jetpack_shortlink":"https:\/\/wp.me\/p4G2uP-qi","jetpack_sharing_enabled":true,"_links":{"self":[{"href":"https:\/\/erikcarnets.fr\/index.php?rest_route=\/wp\/v2\/posts\/1630","targetHints":{"allow":["GET"]}}],"collection":[{"href":"https:\/\/erikcarnets.fr\/index.php?rest_route=\/wp\/v2\/posts"}],"about":[{"href":"https:\/\/erikcarnets.fr\/index.php?rest_route=\/wp\/v2\/types\/post"}],"author":[{"embeddable":true,"href":"https:\/\/erikcarnets.fr\/index.php?rest_route=\/wp\/v2\/users\/1"}],"replies":[{"embeddable":true,"href":"https:\/\/erikcarnets.fr\/index.php?rest_route=%2Fwp%2Fv2%2Fcomments&post=1630"}],"version-history":[{"count":3,"href":"https:\/\/erikcarnets.fr\/index.php?rest_route=\/wp\/v2\/posts\/1630\/revisions"}],"predecessor-version":[{"id":1643,"href":"https:\/\/erikcarnets.fr\/index.php?rest_route=\/wp\/v2\/posts\/1630\/revisions\/1643"}],"wp:attachment":[{"href":"https:\/\/erikcarnets.fr\/index.php?rest_route=%2Fwp%2Fv2%2Fmedia&parent=1630"}],"wp:term":[{"taxonomy":"category","embeddable":true,"href":"https:\/\/erikcarnets.fr\/index.php?rest_route=%2Fwp%2Fv2%2Fcategories&post=1630"},{"taxonomy":"post_tag","embeddable":true,"href":"https:\/\/erikcarnets.fr\/index.php?rest_route=%2Fwp%2Fv2%2Ftags&post=1630"}],"curies":[{"name":"wp","href":"https:\/\/api.w.org\/{rel}","templated":true}]}}