{"id":1438,"date":"2017-08-30T23:18:16","date_gmt":"2017-08-30T21:18:16","guid":{"rendered":"http:\/\/erikcarnets.fr\/?p=1438"},"modified":"2017-09-03T14:57:29","modified_gmt":"2017-09-03T12:57:29","slug":"dans-les-jardins-de-william-christie-2017-an-english-garden","status":"publish","type":"post","link":"https:\/\/erikcarnets.fr\/?p=1438","title":{"rendered":"Dans les Jardins de William Christie 2017 : An English Garden"},"content":{"rendered":"<p style=\"text-align: justify;\"><img loading=\"lazy\" decoding=\"async\" class=\"alignleft wp-image-1440\" src=\"http:\/\/erikcarnets.fr\/wp-content\/uploads\/affiche_2017-222x300.jpg\" alt=\"\" width=\"300\" height=\"405\" srcset=\"https:\/\/erikcarnets.fr\/wp-content\/uploads\/affiche_2017-222x300.jpg 222w, https:\/\/erikcarnets.fr\/wp-content\/uploads\/affiche_2017.jpg 444w\" sizes=\"auto, (max-width: 300px) 100vw, 300px\" \/>Comme chaque ann\u00e9e, William Christie ouvre son domaine aux amoureux des jardins et de la musique baroque. Comme chaque ann\u00e9e l&rsquo;on peut admirer les beaut\u00e9s des nouvelles plantations mais aussi \u00e9couter les nouvelles d\u00e9couvertes du chef d&rsquo;orchestre. Car dans ce lieu, c&rsquo;est le m\u00e9lange entre musique et horticulture qui devient magique, ces cadres magnifiques et intimes pour de superbes moments de musique en petit comit\u00e9. Pour cette sixi\u00e8me \u00e9dition, ce sont encore des musiciens chevronn\u00e9s qui c\u00f4toient de jeunes \u00e9tudiants de New-York&#8230; des membres historiques des Arts Florissants qui regardent d&rsquo;un \u0153il bienveillant la future g\u00e9n\u00e9ration de musiciens ou de chanteurs. Et comme toujours l&rsquo;ambiance est clame et bienveillante, chacun des artistes \u00e9tant l\u00e0 pour se faire plaisir en m\u00eame temps qu&rsquo;\u00e9blouir les oreilles du public qui vient ici dans le respect non seulement des lieux, mais aussi du ma\u00eetre des lieux qui sait imposer une certaine discipline paternaliste. Encore un beau voyage au pays du baroque&#8230; parfois originale mais toujours d&rsquo;une grande qualit\u00e9 artistique\u00a0!<!--more--><\/p>\n<p style=\"text-align: justify;\">Comme toujours, la journ\u00e9e se d\u00e9roule en plusieurs \u00e9tapes. Tout d&rsquo;abord nous avons les Promenades musicales o\u00f9 l&rsquo;on assiste \u00e0 un atelier participatif, puis cinq petits concerts de quinze minutes&#8230; Ensuite ce sera une pause afin de profiter des jardins&#8230; puis c&rsquo;est le grand concert du soir, en l&rsquo;occurrence sur la pi\u00e8ce d&rsquo;eau. Enfin, les m\u00e9ditations \u00e0 l&rsquo;aube de la nuit pour terminer dans le calme cette grande journ\u00e9e de musique. Voici donc un petit retour sur cette journ\u00e9e qui reste toujours une superbe exp\u00e9rience \u00e0 vivre\u00a0!<\/p>\n<h6 style=\"text-align: justify;\">1 \u2013 Promenades Musicales : Atelier, Bal au petit Trianon<\/h6>\n<div id=\"attachment_1444\" style=\"width: 210px\" class=\"wp-caption alignright\"><a href=\"http:\/\/erikcarnets.fr\/wp-content\/uploads\/20170819_194244.jpg\" target=\"_blank\" rel=\"noopener\"><img loading=\"lazy\" decoding=\"async\" aria-describedby=\"caption-attachment-1444\" class=\"wp-image-1444\" src=\"http:\/\/erikcarnets.fr\/wp-content\/uploads\/20170819_194244-169x300.jpg\" alt=\"\" width=\"200\" height=\"356\" srcset=\"https:\/\/erikcarnets.fr\/wp-content\/uploads\/20170819_194244-169x300.jpg 169w, https:\/\/erikcarnets.fr\/wp-content\/uploads\/20170819_194244-768x1365.jpg 768w, https:\/\/erikcarnets.fr\/wp-content\/uploads\/20170819_194244-576x1024.jpg 576w, https:\/\/erikcarnets.fr\/wp-content\/uploads\/20170819_194244.jpg 1836w\" sizes=\"auto, (max-width: 200px) 100vw, 200px\" \/><\/a><p id=\"caption-attachment-1444\" class=\"wp-caption-text\">La Cour d&rsquo;Honneur<\/p><\/div>\n<p style=\"text-align: justify;\">Une tente blanche, quelques chaises de jardin autour&#8230; et un clavecin au fond de la tente. Rien de bien passionnant a priori. Tous s&rsquo;assoient sur les chaises en attendant le d\u00e9but de l&rsquo;atelier. Puis arrivent les deux artistes qui enjoignent les spectateurs \u00e0 venir sous la tente\u00a0: beaucoup pensaient assister \u00e0 des d\u00e9monstrations et des explications mais en fait c&rsquo;est un vrai moment d&rsquo;apprentissage\u00a0! <strong>Pierre-Fran\u00e7ois Doll\u00e9<\/strong> va en effet apprendre \u00e0 tous \u00e0 danser quelques figures n\u00e9cessaires \u00e0 divers contredanses de l&rsquo;\u00e9poque de Marie-Antoinette&#8230; Ce sera donc au final deux danses qui nous seront montr\u00e9es, avec double pas, pas de rigaudon, r\u00e9v\u00e9rence, dos \u00e0 dos&#8230; Si au d\u00e9but chacun reste un peu sur la r\u00e9serve, rapidement les spectateurs deviennent acteurs et oublient la pudeur qui retenait d&rsquo;\u00e9changer de partenaire. Pendant ces trois quarts d&rsquo;heure, nous voici donc tous \u00e0 danser sans distinction d&rsquo;\u00e2ge ou de niveau social&#8230; se glisse m\u00eame parmi les danseurs un certain Cyril Auvity venu en tout anonymat et qui va donc danser avec certaines dames&#8230; avec une grande aisance bien s\u00fbr\u00a0! On ressort d\u00e9tendu et amus\u00e9 de cet atelier o\u00f9 l&rsquo;on d\u00e9couvre les codes basiques de ces danses plus intimes que la danse de cours de l&rsquo;\u00e9poque de Louis XVI, ces danses que Marie-Antoinette avait introduit dans le cadre ferm\u00e9 de son petit Trianon.<\/p>\n<ul>\n<li>Thir\u00e9<\/li>\n<li>Les Jardins de William Christie, sous une tente<\/li>\n<li>19 ao\u00fbt 2017, 15h45-16h30<\/li>\n<li>Pierre-Fran\u00e7ois Doll\u00e9, danseur<\/li>\n<li>Marie Van Rhijn, clavecin<\/li>\n<\/ul>\n<h6 style=\"text-align: justify;\">2 \u2013 Promenades Musicales\u00a0: Haydn dans son jardin anglais<\/h6>\n<div id=\"attachment_1441\" style=\"width: 510px\" class=\"wp-caption aligncenter\"><a href=\"http:\/\/erikcarnets.fr\/wp-content\/uploads\/20170819_194531.jpg\" target=\"_blank\" rel=\"noopener\"><img loading=\"lazy\" decoding=\"async\" aria-describedby=\"caption-attachment-1441\" class=\"wp-image-1441\" src=\"http:\/\/erikcarnets.fr\/wp-content\/uploads\/20170819_194531-300x169.jpg\" alt=\"\" width=\"500\" height=\"281\" srcset=\"https:\/\/erikcarnets.fr\/wp-content\/uploads\/20170819_194531-300x169.jpg 300w, https:\/\/erikcarnets.fr\/wp-content\/uploads\/20170819_194531-768x432.jpg 768w, https:\/\/erikcarnets.fr\/wp-content\/uploads\/20170819_194531-1024x576.jpg 1024w\" sizes=\"auto, (max-width: 500px) 100vw, 500px\" \/><\/a><p id=\"caption-attachment-1441\" class=\"wp-caption-text\">Le Th\u00e9\u00e2tre de Verdure<\/p><\/div>\n<p style=\"text-align: justify;\">Premier concert de l&rsquo;apr\u00e8s-midi au Th\u00e9\u00e2tre de Verdure. Ce cercle de v\u00e9g\u00e9tation magnifiquement taill\u00e9 est un \u00e9crin parfait pour cette musique joyeuse et color\u00e9e. Les trois musiciens arrivent d\u00e9tendus et jouent avec un plaisir \u00e9vident. <strong>Serge Saitta<\/strong> est visiblement le meneur de ce trio avec des attaques bien marqu\u00e9es et les deux autres musiciens qui le regardent attentivement. Mais on ressent aussi une belle communion chez ces trois l\u00e0. Pourtant de g\u00e9n\u00e9rations diff\u00e9rentes, ils sont aussi heureux l&rsquo;un que l&rsquo;autre de jouer cette musique et l&rsquo;\u00e9quilibre est parfaitement assur\u00e9. Le public, assis \u00e0 m\u00eame le sol avec de nombreux citronniers, s&rsquo;\u00e9vade. L&rsquo;on en vient \u00e0 admirer un petit bourdon qui vient butiner les fleurs alors que la fl\u00fbte virevolte. Moment de beaut\u00e9 \u00e0 tous points de vue\u00a0: la partition est superbe et vari\u00e9e, le cadre est grandement bucolique&#8230; et les musiciens sont superbes.<\/p>\n<ul>\n<li>Thir\u00e9<\/li>\n<li>Les Jardins de William Christie, Le Th\u00e9\u00e2tre de Verdure<\/li>\n<li>19 ao\u00fbt 2017, 16h45-17h<\/li>\n<li>Joseph Haydn\u00a0: London trio Hob. IV\u00a0: 3<\/li>\n<li>Serge Saitta, fl\u00fbte traversi\u00e8re<\/li>\n<li>Emmanuel Resche, violon<\/li>\n<li>Cyril Poulet, violoncelle<\/li>\n<\/ul>\n<h6 style=\"text-align: justify;\">3 \u2013 Promenades Musicales\u00a0: Monteverdi 450, Duos pour t\u00e9nors<\/h6>\n<div id=\"attachment_1442\" style=\"width: 510px\" class=\"wp-caption aligncenter\"><a href=\"http:\/\/erikcarnets.fr\/wp-content\/uploads\/21105738_1474628912604860_8527715340807294252_n.jpg\" target=\"_blank\" rel=\"noopener\"><img loading=\"lazy\" decoding=\"async\" aria-describedby=\"caption-attachment-1442\" class=\"wp-image-1442\" src=\"http:\/\/erikcarnets.fr\/wp-content\/uploads\/21105738_1474628912604860_8527715340807294252_n-300x200.jpg\" alt=\"\" width=\"500\" height=\"333\" srcset=\"https:\/\/erikcarnets.fr\/wp-content\/uploads\/21105738_1474628912604860_8527715340807294252_n-300x200.jpg 300w, https:\/\/erikcarnets.fr\/wp-content\/uploads\/21105738_1474628912604860_8527715340807294252_n-768x512.jpg 768w, https:\/\/erikcarnets.fr\/wp-content\/uploads\/21105738_1474628912604860_8527715340807294252_n.jpg 960w\" sizes=\"auto, (max-width: 500px) 100vw, 500px\" \/><\/a><p id=\"caption-attachment-1442\" class=\"wp-caption-text\">La Pin\u00e8de : Myriam Rignol, William Christie, Paul Agnew, Cyril Auvity<\/p><\/div>\n<p style=\"text-align: justify;\">En lisant le programme, il \u00e9tait difficile de passer \u00e0 c\u00f4t\u00e9 de ce concert qui s&rsquo;annon\u00e7ait comme le clou de l&rsquo;apr\u00e8s-midi. En effet, on retrouve deux grands t\u00e9nors et le ma\u00eetre lui-m\u00eame en simple accompagnateur. La pin\u00e8de n&rsquo;est peut-\u00eatre pas le lieu le plus beau et intime, mais il semble tout indiqu\u00e9 pour ces madrigaux italiens. A l&rsquo;ombre de pins parasols, le public est venu nombreux&#8230; Assis \u00e0 distance respectueuse, il assiste \u00e0 l&rsquo;arriv\u00e9e des artistes qui s&rsquo;assoient sur un banc et discutent avant le d\u00e9but de la musique. On voit par exemple la toute jeune <strong>Myriam Rignol<\/strong> plaisanter avec un <strong>William Christie<\/strong> d\u00e9tendu et heureux. Les deux chanteurs eux sont aussi calmes et se r\u00e9v\u00e8lent \u00eatre les vrais stars du concert. Car si les deux musiciens sont superbes, leurs r\u00f4les se r\u00e9sument vraiment \u00e0 un accompagnement. Celui qui dirige le concert n&rsquo;est autre que <strong>Paul Agnew<\/strong> qui a propos\u00e9 r\u00e9cemment une int\u00e9grale des madrigaux de Monteverdi. Ici il trouve en <strong>Cyril Auvity<\/strong> un partenaire \u00e0 la hauteur. Celui qui a \u00e9t\u00e9 un grandiose <a href=\"http:\/\/erikcarnets.fr\/?p=1249\" target=\"_blank\" rel=\"noopener\">Orfeo<\/a> de Monteverdi est stylistiquement parfait et donc sait r\u00e9pondre parfaitement \u00e0 Paul Agnew. Les deux voix diff\u00e9rentes mais compl\u00e9mentaires se marient tr\u00e8s bien\u00a0: \u00e0 la rondeur de timbre de l&rsquo;anglais r\u00e9pond une plus grande tension chez le fran\u00e7ais. Mais toujours ce jeu de couleurs et de variations qui offrent une grande vie \u00e0 ces madrigaux.<\/p>\n<ul>\n<li>Thir\u00e9<\/li>\n<li>Les Jardins de William Christie, La Pin\u00e8de<\/li>\n<li>19 ao\u00fbt 2017, 17h15-17h30<\/li>\n<li>Claudio Monteverdi\u00a0: extraits du Septi\u00e8me Libre de Madrigaux (Tornate, o cari baci\u00a0; Interrotte speranze, eterna fede\u00a0; Soave libertate\u00a0; Perch\u00e9 fuggi tra&rsquo; salci)<\/li>\n<li>Paul Agnew, t\u00e9nor<\/li>\n<li>Cyril Auvity, t\u00e9nor<\/li>\n<li>Myriam Rignol, viole de gambe<\/li>\n<li>William Christie, clavecin<\/li>\n<\/ul>\n<h6 style=\"text-align: justify;\">4 \u2013 Promenades Musicales\u00a0: L&rsquo;Inconstante<\/h6>\n<div id=\"attachment_1443\" style=\"width: 510px\" class=\"wp-caption aligncenter\"><img loading=\"lazy\" decoding=\"async\" aria-describedby=\"caption-attachment-1443\" class=\"wp-image-1443\" src=\"http:\/\/erikcarnets.fr\/wp-content\/uploads\/20953582_1472227619511656_2196799989177752407_n-300x200.jpg\" alt=\"\" width=\"500\" height=\"333\" srcset=\"https:\/\/erikcarnets.fr\/wp-content\/uploads\/20953582_1472227619511656_2196799989177752407_n-300x200.jpg 300w, https:\/\/erikcarnets.fr\/wp-content\/uploads\/20953582_1472227619511656_2196799989177752407_n-768x512.jpg 768w, https:\/\/erikcarnets.fr\/wp-content\/uploads\/20953582_1472227619511656_2196799989177752407_n.jpg 960w\" sizes=\"auto, (max-width: 500px) 100vw, 500px\" \/><p id=\"caption-attachment-1443\" class=\"wp-caption-text\">La Pin\u00e8de : Pierre-Fran\u00e7ois Doll\u00e9, Marie Van Rhijn<\/p><\/div>\n<p style=\"text-align: justify;\">\u00c9trangement, le public se fait moins nombreux pour ce concert de nouveau dans la Pin\u00e8de&#8230; Pourtant, entendre une suite d\u2019\u00c9lisabeth Jacquet de la Guerre est d\u00e9j\u00e0 un \u00e9v\u00e9nement. Ensuite, le concert propose une chor\u00e9graphie sur cette musique superbe et tr\u00e8s vari\u00e9e selon les mouvements. Reprenant l&rsquo;id\u00e9e du clavecin chromatique imagin\u00e9 par Laborde, le danseur <strong>Pierre-Fran\u00e7ois Doll\u00e9<\/strong> a imagin\u00e9 un parcours avec diff\u00e9rents personnages de la cours de Versailles, chacun personnifi\u00e9 par une masque de couleur diff\u00e9rente. La danse nous pr\u00e9sente les mouvements appris lors de l&rsquo;atelier qui ouvrait la journ\u00e9e et il est tr\u00e8s agr\u00e9able de voir cette danse tr\u00e8s codifi\u00e9e sortie du carcan de la reproduction historique. Le danseur est en chaussures de sport et se prom\u00e8ne sur l&rsquo;herbe\u00a0: beaucoup de fra\u00eecheur et de l\u00e9g\u00e8ret\u00e9 donc. Malheureusement, le clavecin de <strong>Marie Van Rhijn<\/strong> se voit un peu \u00e9touff\u00e9 par cette danse et la distance. Ainsi on est \u00e9bloui par certains moments, mais souvent on reste plus ax\u00e9 sur la performance chor\u00e9graphique que le jeu de la musicienne. Pourtant, le touch\u00e9 et la virtuosit\u00e9 sont bien l\u00e0 mais elle n&rsquo;arrive pas vraiment \u00e0 s&rsquo;imposer. L&rsquo;ouvrage par contre est superbe et tr\u00e8s int\u00e9ressant par ses diff\u00e9rents mouvements tr\u00e8s vari\u00e9s et bien agenc\u00e9s. On entend une grande compositrice ici, trop rarement propos\u00e9e lors de concerts.<\/p>\n<ul>\n<li>Thir\u00e9<\/li>\n<li>Les Jardins de William Christie, La Pin\u00e8de<\/li>\n<li>19 ao\u00fbt 2017, 17h45-18h<\/li>\n<li>\u00c9lisabeth Jacquet de la Guerre\u00a0: Suite I en r\u00e9 mineur (premier livre)<\/li>\n<li>Pierre-Fran\u00e7ois Doll\u00e9, danseurs<\/li>\n<li>Marie Van Rhijn, clavecin<\/li>\n<\/ul>\n<h6 style=\"text-align: justify;\">5 \u2013 Promenades Musicales\u00a0: Barock Boutur\u00e9<\/h6>\n<div id=\"attachment_1450\" style=\"width: 510px\" class=\"wp-caption aligncenter\"><a href=\"http:\/\/erikcarnets.fr\/wp-content\/uploads\/21106835_1474629092604842_4424705840085569758_n.jpg\" target=\"_blank\" rel=\"noopener\"><img loading=\"lazy\" decoding=\"async\" aria-describedby=\"caption-attachment-1450\" class=\"wp-image-1450\" src=\"http:\/\/erikcarnets.fr\/wp-content\/uploads\/21106835_1474629092604842_4424705840085569758_n-300x200.jpg\" alt=\"\" width=\"500\" height=\"333\" srcset=\"https:\/\/erikcarnets.fr\/wp-content\/uploads\/21106835_1474629092604842_4424705840085569758_n-300x200.jpg 300w, https:\/\/erikcarnets.fr\/wp-content\/uploads\/21106835_1474629092604842_4424705840085569758_n-768x512.jpg 768w, https:\/\/erikcarnets.fr\/wp-content\/uploads\/21106835_1474629092604842_4424705840085569758_n.jpg 960w\" sizes=\"auto, (max-width: 500px) 100vw, 500px\" \/><\/a><p id=\"caption-attachment-1450\" class=\"wp-caption-text\">Le Jardin Eph\u00e9m\u00e8re : S\u00e9bastien Marq (fl\u00fbte \u00e0 bec), Douglas Balliet (contrebasse), Thomas Dunford (luth), Jakub J\u00f3zef Orli\u0144ski (contre-t\u00e9nor)<\/p><\/div>\n<p style=\"text-align: justify;\">Pour finir dans les choix de cette Promenade Musicale, il \u00e9tait difficile d&rsquo;oublier ces trois musiciens&#8230; <strong>Thomas Dunford<\/strong> est un g\u00e9nie du luth, <strong>S\u00e9bastien Marq<\/strong> un fl\u00fbtiste virtuose&#8230; et <strong>Douglas Balliet<\/strong> avait d\u00e9j\u00e0 \u00e9t\u00e9 remarqu\u00e9 les ann\u00e9es pr\u00e9c\u00e9dentes\u00a0: ce jeune \u00e9l\u00e8ve de Juliard School se montrait d\u00e9j\u00e0 tr\u00e8s adepte des d\u00e9tournements. Ce sont donc trois artistes ouverts sur les diff\u00e9rentes musiques. Et \u00e0 eux s&rsquo;est ajout\u00e9 le contre-t\u00e9nor <strong>Jakub J\u00f3zef Orli\u0144ski<\/strong>, chanteur des Arts Florissants. Apr\u00e8s un petit discours introductif, on commence par \u00ab\u00a0Music for a while\u00a0\u00bb&#8230; accompagn\u00e9 par le luth et la contrebasse&#8230; et le chanteur bien s\u00fbr. Puis arrive le fl\u00fbtiste qui joue les percussionnistes sur la bo\u00eete de sa fl\u00fbte&#8230; et la musique se d\u00e9forme et \u00e9volue vers un rythme plus jazz ou pop, le luth se transforme en guitare et le chanteur commence \u00e0 improviser ou \u00e0 cr\u00e9er des percussions par sa voix. Ainsi, on \u00e9volue, on change d&rsquo;univers&#8230; les musiciens se font chanteurs aussi, que ce soit en ch\u0153ur ou en solistes. Puis onn revient au baroque avec le d\u00e9but de la mort de Didon de Purcell&#8230; avant l\u00e0 encore de d\u00e9river de belle mani\u00e8re, \u00e0 tel point que le contre-t\u00e9nor devient danseur de break-dance et impressionne tous les spectateurs. Trois musiciens, un chanteur&#8230; et une m\u00eame id\u00e9e de l&rsquo;improvisation qui veut dire briser les codes. Un splendide moment de musique et de bonne humeur\u00a0!<\/p>\n<ul>\n<li>Thir\u00e9<\/li>\n<li>Les Jardins de William Christie, le Pont Chinois<\/li>\n<li>19 ao\u00fbt 2017, 18h15-18h30<\/li>\n<li>Improvisations sur des th\u00e8mes baroques&#8230; qui d\u00e9rivent vers de la musique plus actuelles\u00a0!<\/li>\n<li>S\u00e9bastien Marq, fl\u00fbte \u00e0 bec<\/li>\n<li>Thomas Dunford, luth<\/li>\n<li>Douglas Balliet, contrebasse<\/li>\n<li>Jakub J\u00f3zef Orli\u0144ski, contre-t\u00e9nor<\/li>\n<\/ul>\n<h6 style=\"text-align: justify;\">6 \u2013 Promenades Musicales\u00a0: An English Garden (Extraits)<\/h6>\n<div id=\"attachment_1446\" style=\"width: 510px\" class=\"wp-caption aligncenter\"><a href=\"http:\/\/erikcarnets.fr\/wp-content\/uploads\/21105823_1472227792844972_5256909665401992357_n.jpg\" target=\"_blank\" rel=\"noopener\"><img loading=\"lazy\" decoding=\"async\" aria-describedby=\"caption-attachment-1446\" class=\"wp-image-1446\" src=\"http:\/\/erikcarnets.fr\/wp-content\/uploads\/21105823_1472227792844972_5256909665401992357_n-300x200.jpg\" alt=\"\" width=\"500\" height=\"333\" srcset=\"https:\/\/erikcarnets.fr\/wp-content\/uploads\/21105823_1472227792844972_5256909665401992357_n-300x200.jpg 300w, https:\/\/erikcarnets.fr\/wp-content\/uploads\/21105823_1472227792844972_5256909665401992357_n-768x512.jpg 768w, https:\/\/erikcarnets.fr\/wp-content\/uploads\/21105823_1472227792844972_5256909665401992357_n.jpg 960w\" sizes=\"auto, (max-width: 500px) 100vw, 500px\" \/><\/a><p id=\"caption-attachment-1446\" class=\"wp-caption-text\">Les Terrasses<\/p><\/div>\n<p style=\"text-align: justify;\">Comme chaque jour, les Promenades Musicales se terminent par le rassemblement de tous les spectateurs aux pieds des terrasses du b\u00e2timent principal. Les choix ne sont plus de mise et tous se trouvent sur le gazon parfait du chef d&rsquo;orchestre, au milieu des arbres sculpt\u00e9s admirablement. Avec seulement quatre extraits du spectacle du soir, les chanteurs du <strong>Jardin des Voix<\/strong> montrent d\u00e9j\u00e0 l&rsquo;\u00e9tendu de leurs talents. Surtout en ensemble, les six jeunes artistes se montrent tr\u00e8s \u00e0 l&rsquo;aise dans le comique et l&rsquo;\u00e9l\u00e9giaque\u00a0: les deux premiers extraits vantent la beaut\u00e9 de la nature, le troisi\u00e8me les plaisirs de la boisson&#8230; et le dernier est un ch\u0153ur sur la nuit. Des affects diff\u00e9rents, des ambiances vari\u00e9es et une m\u00eame \u00e9nergie. Ce petit aper\u00e7u du grand spectacle du soir fait esp\u00e9rer un superbe concert\u00a0! Et il est tellement agr\u00e9able de se trouver ainsi au soleil couchant sur le beau jardin et face \u00e0 une b\u00e2tisse superbe. La musique est belle, le public attentif&#8230; et voir non seulement cet ensemble mais aussi ces voles de colombes qui vont rejoindre le pigeonnier tout proche.<\/p>\n<ul>\n<li>Thir\u00e9<\/li>\n<li>Les Jardins de William Christie, La Terrasse<\/li>\n<li>19 ao\u00fbt 2017, 18h45-19h<\/li>\n<li>Extraits du spectacle du soir<\/li>\n<li>Natalie P\u00e9rez, soprano<\/li>\n<li>Natasha Schnur, soprano<\/li>\n<li>Eva Za\u00efcik, mezzo-soprano<\/li>\n<li>James Way, t\u00e9nor<\/li>\n<li>Josep-Ramon Oliv\u00e9, baryton<\/li>\n<li>Padraic Rowan, basse<\/li>\n<li>Les Arts Florissants<\/li>\n<li>William Christie, direction<\/li>\n<\/ul>\n<h6 style=\"text-align: justify;\">7 \u2013 Le Concert du Soir\u00a0: An English Garden<\/h6>\n<div id=\"attachment_1448\" style=\"width: 510px\" class=\"wp-caption aligncenter\"><a href=\"http:\/\/erikcarnets.fr\/wp-content\/uploads\/s1200800-01767a.jpg\" target=\"_blank\" rel=\"noopener\"><img loading=\"lazy\" decoding=\"async\" aria-describedby=\"caption-attachment-1448\" class=\"wp-image-1448\" src=\"http:\/\/erikcarnets.fr\/wp-content\/uploads\/s1200800-01767a-300x200.jpg\" alt=\"\" width=\"500\" height=\"333\" srcset=\"https:\/\/erikcarnets.fr\/wp-content\/uploads\/s1200800-01767a-300x200.jpg 300w, https:\/\/erikcarnets.fr\/wp-content\/uploads\/s1200800-01767a-768x512.jpg 768w, https:\/\/erikcarnets.fr\/wp-content\/uploads\/s1200800-01767a-1024x683.jpg 1024w, https:\/\/erikcarnets.fr\/wp-content\/uploads\/s1200800-01767a.jpg 1200w\" sizes=\"auto, (max-width: 500px) 100vw, 500px\" \/><\/a><p id=\"caption-attachment-1448\" class=\"wp-caption-text\">Le Miroir d&rsquo;Eau : An English Garden<\/p><\/div>\n<p style=\"text-align: justify;\">Le clou de la journ\u00e9e reste ce grand concert du soir, d&rsquo;autant plus qu&rsquo;il nous pr\u00e9sente les laur\u00e9ats du Jardin des Voix 2017. Depuis maintenant de nombreuses ann\u00e9es, ce parcours artistique permet \u00e0 de jeunes chanteurs d&rsquo;acqu\u00e9rir des comp\u00e9tences toujours plus pointues dans le domaine de la musique baroque. En 2002 par exemple, ce sont Marc Mauillon et Christophe Dumaux qui \u00e9taient r\u00e9v\u00e9l\u00e9s.Puis pour la deuxi\u00e8me \u00e9dition en 2005, ce sont notamment Xavier de Sabata ou encore Judith Van Wanroij qui sont form\u00e9s par William Christie. Et comment ne pas citer Sonya Yoncheva (2007), Emmanuelle de Negri (2009), Reinoud van Mechelen (2011), Lea Desandre (2015) ou Carlo Vistoli (2015)&#8230; ce sont les noms les plus connus, mais les autres chanteurs ont tous v\u00e9cu ce grand stage de formation comme une vraie opportunit\u00e9 \u00e0 d\u00e9velopper leurs connaissances qui ont rapidement \u00e9t\u00e9 salu\u00e9es par la suite par d&rsquo;autres ensembles baroques. Ce concert est donc peut-\u00eatre la mise en avant de futurs grands noms. Et \u00e0 l&rsquo;\u00e9coute, on ne doute pas qu&rsquo;ils feront une belle carri\u00e8re pour la plupart.<\/p>\n<div id=\"attachment_1449\" style=\"width: 510px\" class=\"wp-caption aligncenter\"><a href=\"http:\/\/erikcarnets.fr\/wp-content\/uploads\/s1200800-9e131b.jpg\" target=\"_blank\" rel=\"noopener\"><img loading=\"lazy\" decoding=\"async\" aria-describedby=\"caption-attachment-1449\" class=\"wp-image-1449\" src=\"http:\/\/erikcarnets.fr\/wp-content\/uploads\/s1200800-9e131b-300x200.jpg\" alt=\"\" width=\"500\" height=\"333\" srcset=\"https:\/\/erikcarnets.fr\/wp-content\/uploads\/s1200800-9e131b-300x200.jpg 300w, https:\/\/erikcarnets.fr\/wp-content\/uploads\/s1200800-9e131b-768x512.jpg 768w, https:\/\/erikcarnets.fr\/wp-content\/uploads\/s1200800-9e131b-1024x683.jpg 1024w, https:\/\/erikcarnets.fr\/wp-content\/uploads\/s1200800-9e131b.jpg 1200w\" sizes=\"auto, (max-width: 500px) 100vw, 500px\" \/><\/a><p id=\"caption-attachment-1449\" class=\"wp-caption-text\">James Way (t\u00e9nor), Padraic Rowan (baryton-basse), Natasha Schnur (soprano), Natalie P\u00e9rez (soprano), Eva Za\u00efcik (mezzo-soprano), Josep-Ramon Oliv\u00e9 (baryton)<br \/> &#8211;<\/p><\/div>\n<p style=\"text-align: justify;\">Apr\u00e8s <em>le Jardin de Monsieur Rameau<\/em> en 2013, puis <em>Un Jardin Italien<\/em> en <a href=\"http:\/\/erikcarnets.fr\/?p=582\" target=\"_blank\" rel=\"noopener\">2015<\/a>, voici que William Christie emm\u00e8ne ses jeunes pousses vers les terres anglaises. Et pour ce programme, le chef et ses comparses ont explor\u00e9s des territoires tr\u00e8s rares. Bien s\u00fbr, Purcell, Haendel et Dowland sont connus, mais qui a d\u00e9j\u00e0 entendu parler de Ward, Weldon, Tomkins ou Arne\u00a0? Pas de grands airs connus, m\u00eame chez Haendel, mais plut\u00f4t un choix r\u00e9fl\u00e9chis afin de constituer un bel arc d&rsquo;ambiances et une petite histoire. On pourrait craindre du coup une certaine monotonie surtout qu&rsquo;il devient difficile de suivre les paroles en fin de spectacle. Mais il n&rsquo;en est rien. Le spectacle raconte une histoire simple\u00a0: le refus de la soprano devant les avances du t\u00e9nor&#8230; le d\u00e9sespoir de ce dernier&#8230; et bien s\u00fbr la fin heureuse. La premi\u00e8re partie c\u00e9l\u00e8bre la musique alors que la deuxi\u00e8me met \u00e0 l&rsquo;honneur la nuit qui justement est tomb\u00e9e durant l&rsquo;entracte.<\/p>\n<div id=\"attachment_1451\" style=\"width: 510px\" class=\"wp-caption aligncenter\"><a href=\"http:\/\/erikcarnets.fr\/wp-content\/uploads\/s1200800-8c1d2e.jpg\" target=\"_blank\" rel=\"noopener\"><img loading=\"lazy\" decoding=\"async\" aria-describedby=\"caption-attachment-1451\" class=\"wp-image-1451\" src=\"http:\/\/erikcarnets.fr\/wp-content\/uploads\/s1200800-8c1d2e-300x200.jpg\" alt=\"\" width=\"500\" height=\"333\" srcset=\"https:\/\/erikcarnets.fr\/wp-content\/uploads\/s1200800-8c1d2e-300x200.jpg 300w, https:\/\/erikcarnets.fr\/wp-content\/uploads\/s1200800-8c1d2e-768x512.jpg 768w, https:\/\/erikcarnets.fr\/wp-content\/uploads\/s1200800-8c1d2e-1024x683.jpg 1024w, https:\/\/erikcarnets.fr\/wp-content\/uploads\/s1200800-8c1d2e.jpg 1200w\" sizes=\"auto, (max-width: 500px) 100vw, 500px\" \/><\/a><p id=\"caption-attachment-1451\" class=\"wp-caption-text\">Le Miroir d&rsquo;Eau : Les solistes du Jardin des Voix<\/p><\/div>\n<p style=\"text-align: justify;\">Si la pr\u00e9paration musicale est sign\u00e9e par William Christie et Paul Agnew, la mise en espace est elle sign\u00e9e par <strong>Sophie Daneman<\/strong>. 2015 \u00e9tait plac\u00e9 sous le signe de l&rsquo;amour et du rouge&#8230; 2017 sera donc toujours sous le signe de l&rsquo;amour mais moins violent et plus galant avec ce bleu omnipr\u00e9sent. La cr\u00e9ation de ce spectacle r\u00e9pond \u00e0 l&rsquo;ambiance globale de la musique\u00a0: en dehors d&rsquo;un \u00e9pisode de beuverie suite au d\u00e9sespoir du t\u00e9nor, le reste des partitions baigne dans une certaine m\u00e9lancolie. Quelques accessoires permettent d&rsquo;ancrer les personnages, deux estrades permettent de varier les positions&#8230; et en dehors de cela, juste les six chanteurs et quelques musiciens quand leurs instruments sont cit\u00e9s par les textes (violon, luth&#8230; ou basson). Tout est fluide ici et tr\u00e8s bien venu avec de tr\u00e8s belles couleurs et quelques passages plus comiques comme le contraste entre les femmes buvant du th\u00e9 alors que les hommes se soulent \u00e0 la bi\u00e8re. Mais c&rsquo;est la petite pique vers le Royaume-Uni qui fera le plus r\u00e9agir le public\u00a0: alors que retentit \u00ab\u00a0God save the King\u00a0\u00bb dans une pi\u00e8ce d&rsquo;Arne, voici que notre t\u00e9nor (anglais justement!) sort un Union-Jack&#8230; auquel vont r\u00e9pondre tous les autres chanteurs par le drapeau europ\u00e9en\u00a0!<\/p>\n<div id=\"attachment_1452\" style=\"width: 510px\" class=\"wp-caption aligncenter\"><a href=\"http:\/\/erikcarnets.fr\/wp-content\/uploads\/s1200800-00936a.jpg\" target=\"_blank\" rel=\"noopener\"><img loading=\"lazy\" decoding=\"async\" aria-describedby=\"caption-attachment-1452\" class=\"wp-image-1452\" src=\"http:\/\/erikcarnets.fr\/wp-content\/uploads\/s1200800-00936a-300x200.jpg\" alt=\"\" width=\"500\" height=\"333\" srcset=\"https:\/\/erikcarnets.fr\/wp-content\/uploads\/s1200800-00936a-300x200.jpg 300w, https:\/\/erikcarnets.fr\/wp-content\/uploads\/s1200800-00936a-768x512.jpg 768w, https:\/\/erikcarnets.fr\/wp-content\/uploads\/s1200800-00936a-1024x683.jpg 1024w, https:\/\/erikcarnets.fr\/wp-content\/uploads\/s1200800-00936a.jpg 1200w\" sizes=\"auto, (max-width: 500px) 100vw, 500px\" \/><\/a><p id=\"caption-attachment-1452\" class=\"wp-caption-text\">Le Miroir d&rsquo;Eau : Les solistes du Jardin des Voix<\/p><\/div>\n<p style=\"text-align: justify;\">Si les chanteurs sont bien s\u00fbr mis en avant, il faut aussi saluer les musiciens des Arts Florissants. Que ce soit en solo ou en orchestre, ils sont toujours aussi parfaits dans leurs interpr\u00e9tations. Quelques musiciens s&rsquo;\u00e9taient d\u00e9j\u00e0 illustr\u00e9s durant l&rsquo;apr\u00e8s-midi et l&rsquo;on retrouve ainsi Thomas Dunford ou Emmanuel Resche par exemple qui nous offrent des moments de virtuosit\u00e9 ou de douceur. <strong>William Christie<\/strong> semble diriger un ensemble d&rsquo;exception tant la beaut\u00e9 des timbres et la d\u00e9licatesse des nuances sont magnifiques. Aussi \u00e0 l&rsquo;aise dans la musique anglaise qu&rsquo;ils le sont chez Lully ou Monteverdi, musiciens et chef cr\u00e9ent des ambiances d&rsquo;une immense po\u00e9sie pour cette nuit mise \u00e0 l&rsquo;honneur.<\/p>\n<div id=\"attachment_1453\" style=\"width: 510px\" class=\"wp-caption aligncenter\"><a href=\"http:\/\/erikcarnets.fr\/wp-content\/uploads\/s1200800-19a7dd.jpg\" target=\"_blank\" rel=\"noopener\"><img loading=\"lazy\" decoding=\"async\" aria-describedby=\"caption-attachment-1453\" class=\"wp-image-1453\" src=\"http:\/\/erikcarnets.fr\/wp-content\/uploads\/s1200800-19a7dd-300x200.jpg\" alt=\"\" width=\"500\" height=\"333\" srcset=\"https:\/\/erikcarnets.fr\/wp-content\/uploads\/s1200800-19a7dd-300x200.jpg 300w, https:\/\/erikcarnets.fr\/wp-content\/uploads\/s1200800-19a7dd-768x512.jpg 768w, https:\/\/erikcarnets.fr\/wp-content\/uploads\/s1200800-19a7dd-1024x683.jpg 1024w, https:\/\/erikcarnets.fr\/wp-content\/uploads\/s1200800-19a7dd.jpg 1200w\" sizes=\"auto, (max-width: 500px) 100vw, 500px\" \/><\/a><p id=\"caption-attachment-1453\" class=\"wp-caption-text\">Natasha Schnur (soprano), James Way (t\u00e9nor)<\/p><\/div>\n<p style=\"text-align: justify;\">Chacun des chanteurs \u00e0 sont moment de gloire et ses ensembles. On commencera par la soprano <strong>Natasha Schnur<\/strong>. D&rsquo;une belle finesse, sa voix manque encore peut-\u00eatre d&rsquo;un peu de personnalit\u00e9. Mais elle nous offre beaucoup de d\u00e9licatesse durant son chant. La voix est fine et bien projet\u00e9e, le timbre cristallin. Elle campe parfaitement cette jeune femme inaccessible qui finira par succomber au charme du t\u00e9nor. L&rsquo;allemande a peut-\u00eatre encore besoin d&rsquo;un petit peu de maturit\u00e9 mais elle sera sans nul doute une tr\u00e8s belle baroqueuse dans les ann\u00e9es qui viennent.<\/p>\n<div id=\"attachment_1454\" style=\"width: 510px\" class=\"wp-caption aligncenter\"><a href=\"http:\/\/erikcarnets.fr\/wp-content\/uploads\/s1200800-a1b74e.jpg\" target=\"_blank\" rel=\"noopener\"><img loading=\"lazy\" decoding=\"async\" aria-describedby=\"caption-attachment-1454\" class=\"wp-image-1454\" src=\"http:\/\/erikcarnets.fr\/wp-content\/uploads\/s1200800-a1b74e-300x200.jpg\" alt=\"\" width=\"500\" height=\"333\" srcset=\"https:\/\/erikcarnets.fr\/wp-content\/uploads\/s1200800-a1b74e-300x200.jpg 300w, https:\/\/erikcarnets.fr\/wp-content\/uploads\/s1200800-a1b74e-768x512.jpg 768w, https:\/\/erikcarnets.fr\/wp-content\/uploads\/s1200800-a1b74e-1024x683.jpg 1024w, https:\/\/erikcarnets.fr\/wp-content\/uploads\/s1200800-a1b74e.jpg 1200w\" sizes=\"auto, (max-width: 500px) 100vw, 500px\" \/><\/a><p id=\"caption-attachment-1454\" class=\"wp-caption-text\">Natalie P\u00e9rez (soprano), Josep-Ramon Oliv\u00e9 (baryton)<\/p><\/div>\n<p style=\"text-align: justify;\">Deuxi\u00e8me sopranos, <strong>Natalie P\u00e9rez<\/strong> se montre tr\u00e8s diff\u00e9rente\u00a0: avec un timbre plus dense et affirm\u00e9, elle offre imm\u00e9diatement un chant plus touchant car plus incarn\u00e9. La chanteuse fran\u00e7aise poss\u00e8de en plus une capacit\u00e9 \u00e0 varier son vibrato qui donne vie \u00e0 la ligne musicale. Ses attaques droites comme une pointe de lumi\u00e8re sont magnifiques, alors qu&rsquo;elle sait aussi habiller son chant d&rsquo;un beau vibrato expressif. Tr\u00e8s \u00e0 l&rsquo;aise sur sc\u00e8ne, elle donne imm\u00e9diatement un ton tragique \u00e0 ses apparitions et une belle noblesse. On peut attendre de tr\u00e8s grandes choses chez cette chanteuse fran\u00e7aise\u00a0: si sa diction est \u00e0 la hauteur de son chant, il faut esp\u00e9rer qu&rsquo;elle se frotte au baroque de Lully ou Charpentier.<\/p>\n<div id=\"attachment_1455\" style=\"width: 510px\" class=\"wp-caption aligncenter\"><a href=\"http:\/\/erikcarnets.fr\/wp-content\/uploads\/s1200800-61302a.jpg\" target=\"_blank\" rel=\"noopener\"><img loading=\"lazy\" decoding=\"async\" aria-describedby=\"caption-attachment-1455\" class=\"wp-image-1455\" src=\"http:\/\/erikcarnets.fr\/wp-content\/uploads\/s1200800-61302a-300x200.jpg\" alt=\"\" width=\"500\" height=\"333\" srcset=\"https:\/\/erikcarnets.fr\/wp-content\/uploads\/s1200800-61302a-300x200.jpg 300w, https:\/\/erikcarnets.fr\/wp-content\/uploads\/s1200800-61302a-768x512.jpg 768w, https:\/\/erikcarnets.fr\/wp-content\/uploads\/s1200800-61302a-1024x683.jpg 1024w, https:\/\/erikcarnets.fr\/wp-content\/uploads\/s1200800-61302a.jpg 1200w\" sizes=\"auto, (max-width: 500px) 100vw, 500px\" \/><\/a><p id=\"caption-attachment-1455\" class=\"wp-caption-text\">James Way (t\u00e9nor), Eva Za\u00efcik (mezzo-soprano), Thomas Dunford (luth)<\/p><\/div>\n<p style=\"text-align: justify;\">Pour compl\u00e9ter ce trio de femmes, la mezzo-soprano <strong>Eva Za\u00efcik<\/strong> impressionne par la beaut\u00e9 du timbre et l&rsquo;aisance sur toute la tessiture. A aucun moment la voix ne semble tass\u00e9e ou outrageusement sombr\u00e9e\u00a0: elle est naturellement dans ces notes chaudes et douces, avec un grave magnifique et une lumi\u00e8re dans le timbre. Elle interpr\u00e8te par exemple les deux m\u00e9lodies de Dowland avec une gr\u00e2ce et un art qui illuminent le public. Ce sont des interm\u00e8des de po\u00e9sie dans un moment d\u00e9j\u00e0 tout en d\u00e9licatesse. Si la fran\u00e7aise manque peut-\u00eatre un peu d&rsquo;implication th\u00e9\u00e2trale tant sc\u00e9niquement que dans son chant, elle est dans la lign\u00e9e d&rsquo;une d&rsquo;Oustrac par exemple pour ce naturel de la voix de mezzo-soprano et l&rsquo;intelligence du chant.<\/p>\n<div id=\"attachment_1456\" style=\"width: 510px\" class=\"wp-caption aligncenter\"><a href=\"http:\/\/erikcarnets.fr\/wp-content\/uploads\/s1200800-defce7.jpg\" target=\"_blank\" rel=\"noopener\"><img loading=\"lazy\" decoding=\"async\" aria-describedby=\"caption-attachment-1456\" class=\"wp-image-1456\" src=\"http:\/\/erikcarnets.fr\/wp-content\/uploads\/s1200800-defce7-300x200.jpg\" alt=\"\" width=\"500\" height=\"333\" srcset=\"https:\/\/erikcarnets.fr\/wp-content\/uploads\/s1200800-defce7-300x200.jpg 300w, https:\/\/erikcarnets.fr\/wp-content\/uploads\/s1200800-defce7-768x512.jpg 768w, https:\/\/erikcarnets.fr\/wp-content\/uploads\/s1200800-defce7-1024x683.jpg 1024w, https:\/\/erikcarnets.fr\/wp-content\/uploads\/s1200800-defce7.jpg 1200w\" sizes=\"auto, (max-width: 500px) 100vw, 500px\" \/><\/a><p id=\"caption-attachment-1456\" class=\"wp-caption-text\">James Way (t\u00e9nor), Padraic Rowan (basse), Natalie P\u00e9rez (soprano), Josep-Ramon Oliv\u00e9 (baryton)<\/p><\/div>\n<p style=\"text-align: justify;\">Ce fameux t\u00e9nor au c\u0153ur de l&rsquo;histoire est chant\u00e9 par le jeune <strong>James Way<\/strong>. Britannique, il ne peut nier sa nationalit\u00e9 quand on l&rsquo;\u00e9coute. Dans la droite ligne des Bostridge ou Pears, il a ce timbre un peu blanc qui peut para\u00eetre un peu terne au d\u00e9but. Mais \u00e0 l&rsquo;\u00e9coute et apr\u00e8s un petit temps o\u00f9 le stress et le froid doivent jouer, voici que la voix se d\u00e9ploie bien et sonne agr\u00e9ablement. Surtout, elle poss\u00e8de une grande expressivit\u00e9. De plus, malgr\u00e9 les conditions acoustiques qui ne sont pas les meilleures, le chanteur r\u00e9ussi \u00e0 se faire entendre de belle mani\u00e8re sur la pi\u00e8ce d&rsquo;eau. Son site propose un <em>Canticles<\/em> de Britten et l&rsquo;on retrouve exactement les qualit\u00e9s de ce t\u00e9nor dans cette pi\u00e8ce.<\/p>\n<div id=\"attachment_1457\" style=\"width: 510px\" class=\"wp-caption aligncenter\"><a href=\"http:\/\/erikcarnets.fr\/wp-content\/uploads\/s1200800-446e38.jpg\" target=\"_blank\" rel=\"noopener\"><img loading=\"lazy\" decoding=\"async\" aria-describedby=\"caption-attachment-1457\" class=\"wp-image-1457\" src=\"http:\/\/erikcarnets.fr\/wp-content\/uploads\/s1200800-446e38-300x200.jpg\" alt=\"\" width=\"500\" height=\"333\" srcset=\"https:\/\/erikcarnets.fr\/wp-content\/uploads\/s1200800-446e38-300x200.jpg 300w, https:\/\/erikcarnets.fr\/wp-content\/uploads\/s1200800-446e38-768x512.jpg 768w, https:\/\/erikcarnets.fr\/wp-content\/uploads\/s1200800-446e38-1024x683.jpg 1024w, https:\/\/erikcarnets.fr\/wp-content\/uploads\/s1200800-446e38.jpg 1200w\" sizes=\"auto, (max-width: 500px) 100vw, 500px\" \/><\/a><p id=\"caption-attachment-1457\" class=\"wp-caption-text\">Josep-Ramon Oliv\u00e9 (baryton), Claude Wassmer (basson)<\/p><\/div>\n<p style=\"text-align: justify;\">Face \u00e0 cette voix un peu glaciale, se trouve le baryton doux et chaleureux de <strong>Josep-Ramon Oliv\u00e9<\/strong>. Cet espagnol d\u00e9j\u00e0 habitu\u00e9 \u00e0 collaborer avec Jordi Savall est assur\u00e9ment d\u00e9j\u00e0 un bon connaisseur de la musique baroque et se montre souvent tr\u00e8s juste dans son expression. Son duo avec la basson de Claude Wassmer \u00e9tait un superbe moment. Dans un style tout \u00e0 fait diff\u00e9rent, il est tr\u00e8s \u00e0 l&rsquo;aise dans le comique avec un air parodique d&rsquo;un chanteur chantant particuli\u00e8rement faux. La grande taille et la noblesse sc\u00e9nique lui promettent de beaux r\u00f4les tragiques ou comiques tant il semble aussi \u00e0 l&rsquo;aise dans l&rsquo;un comme dans l&rsquo;autre.<\/p>\n<div id=\"attachment_1458\" style=\"width: 510px\" class=\"wp-caption aligncenter\"><a href=\"http:\/\/erikcarnets.fr\/wp-content\/uploads\/s1200800-023d2b.jpg\" target=\"_blank\" rel=\"noopener\"><img loading=\"lazy\" decoding=\"async\" aria-describedby=\"caption-attachment-1458\" class=\"wp-image-1458\" src=\"http:\/\/erikcarnets.fr\/wp-content\/uploads\/s1200800-023d2b-300x200.jpg\" alt=\"\" width=\"500\" height=\"333\" srcset=\"https:\/\/erikcarnets.fr\/wp-content\/uploads\/s1200800-023d2b-300x200.jpg 300w, https:\/\/erikcarnets.fr\/wp-content\/uploads\/s1200800-023d2b-768x512.jpg 768w, https:\/\/erikcarnets.fr\/wp-content\/uploads\/s1200800-023d2b-1024x683.jpg 1024w, https:\/\/erikcarnets.fr\/wp-content\/uploads\/s1200800-023d2b.jpg 1200w\" sizes=\"auto, (max-width: 500px) 100vw, 500px\" \/><\/a><p id=\"caption-attachment-1458\" class=\"wp-caption-text\">James Way (t\u00e9nor), Padraic Rowan (basse), Josep-Ramon Oliv\u00e9 (baryton)<\/p><\/div>\n<p style=\"text-align: justify;\">Enfin vient <strong>Padraic Rowan<\/strong>, baryton-basse irlandais qui s&rsquo;impose imm\u00e9diatement par un timbre marqu\u00e9 et une voix g\u00e9n\u00e9reuse. Si trop souvent les basses dans la musique baroque sont assez l\u00e9g\u00e8res et avec un grave tr\u00e8s clair, il se montre imm\u00e9diatement \u00e0 l&rsquo;encontre de cette tradition surtout britannique. La voix se d\u00e9veloppe avec un beau velours et un petit vibrato tr\u00e8s agr\u00e9able car il enl\u00e8ve le c\u00f4t\u00e9 monolithique que pourrait avoir son chant sinon. C&rsquo;est donc un beau timbre de basse vivant qui se d\u00e9ploie avec aisance durant toute la soir\u00e9e. Malgr\u00e9 sa relative petite stature, il s&rsquo;impose facilement avec ce chant noble et rac\u00e9. Lui aussi semble promis \u00e0 de grands r\u00f4les et ce genre de voix capables d&rsquo;assumer les exigences de la musique baroque est assez rare pour esp\u00e9rer qu&rsquo;elle continue \u00e0 bien se d\u00e9velopper par la suite.<\/p>\n<div id=\"attachment_1459\" style=\"width: 510px\" class=\"wp-caption aligncenter\"><a href=\"http:\/\/erikcarnets.fr\/wp-content\/uploads\/s1200800-db5b7d.jpg\" target=\"_blank\" rel=\"noopener\"><img loading=\"lazy\" decoding=\"async\" aria-describedby=\"caption-attachment-1459\" class=\"wp-image-1459\" src=\"http:\/\/erikcarnets.fr\/wp-content\/uploads\/s1200800-db5b7d-300x200.jpg\" alt=\"\" width=\"500\" height=\"333\" srcset=\"https:\/\/erikcarnets.fr\/wp-content\/uploads\/s1200800-db5b7d-300x200.jpg 300w, https:\/\/erikcarnets.fr\/wp-content\/uploads\/s1200800-db5b7d-768x512.jpg 768w, https:\/\/erikcarnets.fr\/wp-content\/uploads\/s1200800-db5b7d-1024x683.jpg 1024w, https:\/\/erikcarnets.fr\/wp-content\/uploads\/s1200800-db5b7d.jpg 1200w\" sizes=\"auto, (max-width: 500px) 100vw, 500px\" \/><\/a><p id=\"caption-attachment-1459\" class=\"wp-caption-text\">Eva Za\u00efcik (mezzo-soprano), Josep-Ramon Oliv\u00e9 (baryton), Natalie P\u00e9rez (soprano), James Way (t\u00e9nor), Natasha Schnur (soprano), Padraic Rowan (basse)<\/p><\/div>\n<p style=\"text-align: justify;\">Le concert s&rsquo;av\u00e8re magnifique. Entre la beaut\u00e9 du cadre, le choix des extraits musicaux et la qualit\u00e9 de l&rsquo;interpr\u00e9tation, la nuit s&rsquo;envole sans que le public ne ressente le froid qui est tomb\u00e9 sur Thir\u00e9. Encore une fois, la Jardin des Voix devrait r\u00e9v\u00e9ler de grands artistes auxquels il manque juste quelques petits d\u00e9tails pour vraiment s&rsquo;imposer. Nul doute que la fr\u00e9quentation assidue de William Christie et Paul Agnew devrait leur apporter ce petit plus qui d\u00e9marque les artistes des Arts Florissants des autres.<\/p>\n<ul>\n<li>Thir\u00e9<\/li>\n<li>Les Jardins de William Christie, La Terrasse<\/li>\n<li>19 ao\u00fbt 2017, 20h30-22h30<\/li>\n<li>Mise en espace, Sophie Daneman<\/li>\n<li>Matthew Locke (?1621-1677), The Tempest\u00a0: Curtain tune<\/li>\n<li>Orlando Gibbons (1583-1625)\u00a0: The Cryes of London<\/li>\n<li>George Frideric Handel (1685-1759), Acis and Galatea\u00a0: O the pleasure of the plains<\/li>\n<li>Henry Purcell (1659-1695)\u00a0: If music be the food of love<\/li>\n<li>Thomas Tomkins (1572-1656)\u00a0: Music divine<\/li>\n<li>Thomas Augustin Arne (1710-1778), The Essex Harmony\u00a0: The singing club<\/li>\n<li>George Frideric Handel (1685-1759), Ode for St Cecilia&rsquo;s Day\u00a0: Sharp Violins proclaim<\/li>\n<li>Henry Purcell (1659-1695), Come, ye sons of Art\u00a0: Strike the viol, touch the lute<\/li>\n<li>Henry Purcell (1659-1695)\u00a0: Of all the instruments that are<\/li>\n<li>Henry Purcell (1659-1695), Ode on St Cecilia&rsquo;s Day\u00a0: Wondrous Machine<\/li>\n<li>George Frideric Handel (1685-1759), Ode for St Cecilia&rsquo;s Day\u00a0: The soft complaining Flute<\/li>\n<li>Thomas Augustin Arne (1710-1778), The Fairy Prince \u2013 Duo et choeur\u00a0: Now all the air shall ring<\/li>\n<li>George Frideric Handel (1685-1759), L&rsquo;Allegro, il Penseroso ed il Moderato\u00a0: Oh let the merry bells ting round<\/li>\n<li>Henry Purcell (1659-1695), The Fairy Queen \u2013 Air\u00a0: See, even Night herself is here<\/li>\n<li>John Ward (1589-1638), The first set of English madrigals\u00a0: Come sable night<\/li>\n<li>Henry Purcell (1659-1695), The Fairy Queen\u00a0: One charming night<\/li>\n<li>Henry Purcell (1659-1695), The Libertine\u00a0: In these delightful pleasant groves<\/li>\n<li>John Dowland (1553-1626)\u00a0: Welcome, black night<\/li>\n<li>Henry Purcell (1659-1695), The Fairy Queen\u00a0: Hush, no more, be silent<\/li>\n<li>Henry Purcell (1659-1695), Timon of Athens \u2013 Air\u00a0: Hence with your trifling deiry<\/li>\n<li>Henry Purcell (1659-1695), Timon of Athens \u2013 Trio But over us no griefs prevail<\/li>\n<li>Henry Purcell (1659-1695), The Prophetess \u2013 Duo\u00a0: Make room for the great god<\/li>\n<li>Henry Purcell (1659-1695), The Prophetess \u2013 Trio et choeur\u00a0: I&rsquo;m here with my jolly crew<\/li>\n<li>Henry Purcell (1659-1695), The Prophetess \u2013 Dance of Bacchanals<\/li>\n<li>Henry Purcell (1659-1695), Bacchus is a pow&rsquo;r divine<\/li>\n<li>Henry Purcell (1659-1695), Tis women makes us love<\/li>\n<li>Henry Purcell (1659-1695), King Arthur\u00a0: Fairest Isle<\/li>\n<li>John Dowland (1553-1626), A Pilgrimes Solace\u00a0: Cease these false sports<\/li>\n<li>George Frideric Handel (1685-1759), Theodora\u00a0: A with rosy steps the morne<\/li>\n<li>George Frideric Handel (1685-1759), L&rsquo;Allegro, il Penseroso ed il Moderato\u00a0: As steals the morn upon the night<\/li>\n<li>Henry Purcell (1659-1695), The Fairy Queen\u00a0: Now the night is chas&rsquo;d away<\/li>\n<li>John Weldon (1676-1736), The Judgment of Paris \u2013 Ch\u0153ur\u00a0: Hither all ye Graces all ye Loves<\/li>\n<li>Natalie P\u00e9rez, soprano<\/li>\n<li>Natasha Schnur, soprano<\/li>\n<li>Eva Za\u00efcik, mezzo-soprano<\/li>\n<li>James Way, t\u00e9nor<\/li>\n<li>Josep-Ramon Oliv\u00e9, baryton<\/li>\n<li>Padraic Rowan, basse<\/li>\n<li>Les Arts Florissants<\/li>\n<li>William Christie, direction<\/li>\n<\/ul>\n<h6 style=\"text-align: justify;\">8 \u2013 M\u00e9ditations \u00e0 l&rsquo;Aube de la Nuit\u00a0:<\/h6>\n<div id=\"attachment_1460\" style=\"width: 510px\" class=\"wp-caption aligncenter\"><a href=\"http:\/\/erikcarnets.fr\/wp-content\/uploads\/20953382_1470362386364846_4303839093579493291_n.jpg\" target=\"_blank\" rel=\"noopener\"><img loading=\"lazy\" decoding=\"async\" aria-describedby=\"caption-attachment-1460\" class=\"wp-image-1460\" src=\"http:\/\/erikcarnets.fr\/wp-content\/uploads\/20953382_1470362386364846_4303839093579493291_n-300x200.jpg\" alt=\"\" width=\"500\" height=\"333\" srcset=\"https:\/\/erikcarnets.fr\/wp-content\/uploads\/20953382_1470362386364846_4303839093579493291_n-300x200.jpg 300w, https:\/\/erikcarnets.fr\/wp-content\/uploads\/20953382_1470362386364846_4303839093579493291_n-768x512.jpg 768w, https:\/\/erikcarnets.fr\/wp-content\/uploads\/20953382_1470362386364846_4303839093579493291_n.jpg 960w\" sizes=\"auto, (max-width: 500px) 100vw, 500px\" \/><\/a><p id=\"caption-attachment-1460\" class=\"wp-caption-text\">Eglise de Thir\u00e9 : Maud Gnidzaz (soprano)<\/p><\/div>\n<p style=\"text-align: justify;\">Pour terminer la journ\u00e9e dans le calme et la s\u00e9r\u00e9nit\u00e9, rien de mieux que la travers\u00e9e du village, l&rsquo;arriv\u00e9e \u00e0 l&rsquo;\u00e9glise de Thir\u00e9 illumin\u00e9e par les bougies&#8230; et un programme calme et m\u00e9ditatif.<\/p>\n<p style=\"text-align: justify;\">Paul Agnew nous pr\u00e9sente cette partition inconnue\u00a0: alors qu&rsquo;il cherchait des ouvrages originaux, il trouve un recueil qui semble \u00eatre compos\u00e9 par une certaine \u00ab\u00a0Philomela\u00a0\u00bb. Une religieuse qui aurait compos\u00e9 des ouvrages religieux\u00a0? Apr\u00e8s avoir lu cette magnifique musique, il est convaincu de sa qualit\u00e9, mais trouve en fin le nom de Daniel Speer. Ce n&rsquo;est donc pas une religieuse recluse, mais bien un compositeur qui est \u00e0 l&rsquo;origine de ces \u0153uvres. Avec ses cordes qui correspondent \u00e0 l&rsquo;effectif des jeunes musiciens de la Julliard School de New York, elle est parfaite pour la circonstance et cela semble \u00eatre une vraie r\u00e9surrection car nul part Paul Agnew n&rsquo;a trouv\u00e9 trace de ces pi\u00e8ces en dehors de ce recueil.<\/p>\n<p style=\"text-align: justify;\">C&rsquo;est donc d&rsquo;une oreille curieuse que le spectateur \u00e9coute et d\u00e9couvre une musique tr\u00e8s calme et m\u00e9ditative, d&rsquo;une grande sobri\u00e9t\u00e9 mais sans \u00eatre monotone. Elle nous emm\u00e8ne dans un autre monde, continuant \u00e0 nous d\u00e9payser pour ces derniers instants d&rsquo;une journ\u00e9e passionnante.<\/p>\n<p style=\"text-align: justify;\">Orgue, luth et cordes&#8230; tout cet ensemble offre une beau tapis \u00e0 la voix de <strong>Maud Gnidzaz<\/strong>, mais l&rsquo;acoustique de l&rsquo;\u00e9glise ne permet pas d&rsquo;entendre tout le d\u00e9tail des instruments. Par contre, la voix de soprano tr\u00e8s pure s&rsquo;\u00e9l\u00e8ve avec aisance et l\u00e9g\u00e8ret\u00e9 dans la nef. Grande habitu\u00e9e de la musique baroque italienne, elle se montre parfaite dans les d\u00e9tails de d\u00e9corations tout comme dans la ligne globale. Sobre mais aussi inspir\u00e9e, elle enchante les oreilles de chacun.<\/p>\n<p style=\"text-align: justify;\">A la fin du concert, le silence demand\u00e9 est respect\u00e9 tant que les musiciens sortent et laissent l&rsquo;\u00e9glise uniquement remplie du silence des spectateurs et \u00e9clair\u00e9e par les chandelles. Mais rapidement, les petites discussions reprennent, les gens se l\u00e8vent et font du bruit&#8230; au final la magie du lieu est tr\u00e8s rapidement bris\u00e9e.<\/p>\n<ul>\n<li>Thir\u00e9<\/li>\n<li>\u00c9glise de Thir\u00e9<\/li>\n<li>19 ao\u00fbt 2017, 23h-23h20<\/li>\n<li>Daniel Speer (1636-1707), Philomela angelica cantionum sacrarum\u00a0: Venite ad me omnes, O Jesu meus amor, Quis mihi det bibere calicem Domini\u00a0?<\/li>\n<li>Maud Gnidzaz, soprano<\/li>\n<li>Robert Mealy \/ Jeffrey Girton, violons<\/li>\n<li>Alana Youssefian \/ Karen Dekker, alto<\/li>\n<li>Ana Kim, violoncelle<\/li>\n<li>Thibault Roussel, luth<\/li>\n<li>Marie Van Rhijn, orgue<\/li>\n<li>Paul Agnew, direction<\/li>\n<\/ul>\n<div id=\"attachment_1461\" style=\"width: 510px\" class=\"wp-caption aligncenter\"><a href=\"http:\/\/erikcarnets.fr\/wp-content\/uploads\/20170819_194332.jpg\" target=\"_blank\" rel=\"noopener\"><img loading=\"lazy\" decoding=\"async\" aria-describedby=\"caption-attachment-1461\" class=\"wp-image-1461\" src=\"http:\/\/erikcarnets.fr\/wp-content\/uploads\/20170819_194332-300x169.jpg\" alt=\"\" width=\"500\" height=\"281\" srcset=\"https:\/\/erikcarnets.fr\/wp-content\/uploads\/20170819_194332-300x169.jpg 300w, https:\/\/erikcarnets.fr\/wp-content\/uploads\/20170819_194332-768x432.jpg 768w, https:\/\/erikcarnets.fr\/wp-content\/uploads\/20170819_194332-1024x576.jpg 1024w\" sizes=\"auto, (max-width: 500px) 100vw, 500px\" \/><\/a><p id=\"caption-attachment-1461\" class=\"wp-caption-text\">Les Jardins de William Christie : Le Logis<\/p><\/div>\n<p style=\"text-align: justify;\">Comme chaque ann\u00e9e, le voyage dans ces jardins est magnifique. L&rsquo;ambiance est toujours magique (malgr\u00e9 quelques incivilit\u00e9s), le public calme et attentif, le lieu superbe&#8230; et la qualit\u00e9 musicale comme toujours au plus haut. De nombreuses d\u00e9couvertes, aussi font de ce moment de partage musical un vrai bonheur pour les m\u00e9lomanes.<\/p>\n","protected":false},"excerpt":{"rendered":"<p>Comme chaque ann\u00e9e, William Christie ouvre son domaine aux amoureux des jardins et de la musique baroque. Comme chaque ann\u00e9e l&rsquo;on peut admirer les beaut\u00e9s des nouvelles plantations mais aussi [&hellip;]<\/p>\n","protected":false},"author":1,"featured_media":0,"comment_status":"open","ping_status":"closed","sticky":false,"template":"","format":"standard","meta":{"jetpack_post_was_ever_published":false,"_jetpack_newsletter_access":"","_jetpack_dont_email_post_to_subs":false,"_jetpack_newsletter_tier_id":0,"_jetpack_memberships_contains_paywalled_content":false,"_jetpack_memberships_contains_paid_content":false,"footnotes":"","jetpack_publicize_message":"","jetpack_publicize_feature_enabled":true,"jetpack_social_post_already_shared":true,"jetpack_social_options":{"image_generator_settings":{"template":"highway","default_image_id":0,"font":"","enabled":false},"version":2}},"categories":[28,3,1],"tags":[90,55,8,39,24,23,13],"class_list":["post-1438","post","type-post","status-publish","format-standard","hentry","category-concert","category-musique_classique","category-non-classe","tag-christie","tag-epoque_baroque","tag-haendel","tag-monteverdi","tag-musique-religieuse","tag-opera","tag-recital","clearfix"],"jetpack_publicize_connections":[],"jetpack_featured_media_url":"","jetpack_shortlink":"https:\/\/wp.me\/p4G2uP-nc","jetpack_sharing_enabled":true,"_links":{"self":[{"href":"https:\/\/erikcarnets.fr\/index.php?rest_route=\/wp\/v2\/posts\/1438","targetHints":{"allow":["GET"]}}],"collection":[{"href":"https:\/\/erikcarnets.fr\/index.php?rest_route=\/wp\/v2\/posts"}],"about":[{"href":"https:\/\/erikcarnets.fr\/index.php?rest_route=\/wp\/v2\/types\/post"}],"author":[{"embeddable":true,"href":"https:\/\/erikcarnets.fr\/index.php?rest_route=\/wp\/v2\/users\/1"}],"replies":[{"embeddable":true,"href":"https:\/\/erikcarnets.fr\/index.php?rest_route=%2Fwp%2Fv2%2Fcomments&post=1438"}],"version-history":[{"count":5,"href":"https:\/\/erikcarnets.fr\/index.php?rest_route=\/wp\/v2\/posts\/1438\/revisions"}],"predecessor-version":[{"id":1477,"href":"https:\/\/erikcarnets.fr\/index.php?rest_route=\/wp\/v2\/posts\/1438\/revisions\/1477"}],"wp:attachment":[{"href":"https:\/\/erikcarnets.fr\/index.php?rest_route=%2Fwp%2Fv2%2Fmedia&parent=1438"}],"wp:term":[{"taxonomy":"category","embeddable":true,"href":"https:\/\/erikcarnets.fr\/index.php?rest_route=%2Fwp%2Fv2%2Fcategories&post=1438"},{"taxonomy":"post_tag","embeddable":true,"href":"https:\/\/erikcarnets.fr\/index.php?rest_route=%2Fwp%2Fv2%2Ftags&post=1438"}],"curies":[{"name":"wp","href":"https:\/\/api.w.org\/{rel}","templated":true}]}}