{"id":1270,"date":"2017-04-22T00:21:46","date_gmt":"2017-04-21T22:21:46","guid":{"rendered":"http:\/\/erikcarnets.fr\/?p=1270"},"modified":"2017-05-18T08:21:23","modified_gmt":"2017-05-18T06:21:23","slug":"lucy-arbell-voix-dombres-et-de-lumiere","status":"publish","type":"post","link":"https:\/\/erikcarnets.fr\/?p=1270","title":{"rendered":"Lucy Arbell, Voix d&rsquo;ombres et de lumi\u00e8re"},"content":{"rendered":"<p style=\"text-align: justify;\"><img loading=\"lazy\" decoding=\"async\" class=\"size-medium wp-image-1272 alignleft\" src=\"http:\/\/erikcarnets.fr\/wp-content\/uploads\/Lucy_Arbell_couverture-212x300.jpg\" alt=\"\" width=\"212\" height=\"300\" srcset=\"https:\/\/erikcarnets.fr\/wp-content\/uploads\/Lucy_Arbell_couverture-212x300.jpg 212w, https:\/\/erikcarnets.fr\/wp-content\/uploads\/Lucy_Arbell_couverture.jpg 353w\" sizes=\"auto, (max-width: 212px) 100vw, 212px\" \/><\/p>\n<p style=\"text-align: justify;\">La p\u00e9riode faste de Jules Massenet \u00e0 l&rsquo;op\u00e9ra est surtout marqu\u00e9e par la p\u00e9riode o\u00f9 sa muse \u00e9tait Sibyl Sanderson pour qui il composa par exemple <em>Tha\u00efs<\/em> ou <em>Esclarmonde<\/em> et qui triompha dans le r\u00f4le de <em>Manon<\/em>. Mais la derni\u00e8re grande muse du compositeur st\u00e9phanois est Lucy Arbell, chanteuse moins connue et pour qui il composa de superbes r\u00f4les mais malheureusement dans des op\u00e9ras qui n&rsquo;ont pas eu la triomphe d&rsquo;autres partitions, ou alors qui ont sombr\u00e9 dans l&rsquo;oubli. Si l&rsquo;on ajoute \u00e0 cela les d\u00e9boires juridiques apr\u00e8s la mort du compositeur et les rumeurs peu flatteuses qui lui pr\u00eataient une liaison avec le compositeur alors au cr\u00e9puscule de sa vie, ce portrait est alors peu flatteur. Lucy Arbell est donc un nom, dont on ne connait au final que peu la voix tant les compositions qui lui ont \u00e9t\u00e9 offertes ont \u00e9t\u00e9 enregistr\u00e9es rarement alors que fort bizarrement nous n&rsquo;avons conserv\u00e9 aucun enregistrement de cette chanteuse alors particuli\u00e8rement connue\u00a0! Aussi, ce livre d&rsquo;Herv\u00e9 Ol\u00e9on d\u00e9voile un personnage peu connu qui eut un r\u00f4le si important dans l&rsquo;art et la vie de Jules Massenet.<!--more--><\/p>\n<p style=\"text-align: justify;\">La vie de Lucy Arbell n&rsquo;a pas \u00e9t\u00e9 simple malgr\u00e9 un triomphe rapide. En effet, fille naturelle de la lign\u00e9e des Wallace, elle est \u00e9lev\u00e9e par sa m\u00e8re a priori actrice de th\u00e9\u00e2tre. Elle prend des cours de chant et un jour croisa le chemin du grand compositeur Jules Massenet. Saisi par la personnalit\u00e9 de la jeune fille, il en fit sa derni\u00e8re muse, celle pour qui il composa parmi ses plus beaux portraits de femmes. Le fait d&rsquo;avoir \u00e9t\u00e9 rep\u00e9r\u00e9e par ce homme d&rsquo;influence aida grandement au lancement de sa carri\u00e8re puisqu&rsquo;elle fit rapidement ses d\u00e9buts sur la sc\u00e8ne de l&rsquo;Op\u00e9ra Garnier dans le r\u00f4le de Dalila avant que Massenet ne lui compose sur mesure le magnifique r\u00f4le de Pers\u00e9phone dans <em>Ariane<\/em>. Sur ses prestations sc\u00e9niques, la quasi totalit\u00e9s seront dans les r\u00f4les du compositeur. En dehors de cela, on notera Uta dans <em>Sigurd<\/em> de Reyer, Maddalena (<em>Rigoletto<\/em> de Verdi), Amneris (<em>Aida<\/em> de Verdi), <em>Carmen<\/em> de Bizet, <em>La Vivandi\u00e8re<\/em> de Godard, Letizia Bonaparte (<em>Plus que reine<\/em> de Bertrand et enfin le G\u00e9nie des Airs (<em>Manfred<\/em> de Schumann). Mais si l&rsquo;on compare le nombre de toutes les repr\u00e9sentations dans ces r\u00f4les aux prestations dans les r\u00f4les de Massenet, le nombre est assez ridicule\u00a0!<\/p>\n<div id=\"attachment_1275\" style=\"width: 260px\" class=\"wp-caption alignright\"><a href=\"http:\/\/erikcarnets.fr\/wp-content\/uploads\/Lucy_Arbell_Proserpine_Ariane_1906.jpg\" target=\"_blank\" rel=\"noopener noreferrer\"><img loading=\"lazy\" decoding=\"async\" aria-describedby=\"caption-attachment-1275\" class=\"wp-image-1275\" src=\"http:\/\/erikcarnets.fr\/wp-content\/uploads\/Lucy_Arbell_Proserpine_Ariane_1906-199x300.jpg\" alt=\"\" width=\"250\" height=\"376\" srcset=\"https:\/\/erikcarnets.fr\/wp-content\/uploads\/Lucy_Arbell_Proserpine_Ariane_1906-199x300.jpg 199w, https:\/\/erikcarnets.fr\/wp-content\/uploads\/Lucy_Arbell_Proserpine_Ariane_1906.jpg 631w\" sizes=\"auto, (max-width: 250px) 100vw, 250px\" \/><\/a><p id=\"caption-attachment-1275\" class=\"wp-caption-text\">Lucy Arbell dans le r\u00f4le de Pers\u00e9phone (Ariane) en 1906<\/p><\/div>\n<p style=\"text-align: justify;\">Le premier r\u00f4le compos\u00e9 par Massenet n&rsquo;est pas le r\u00f4le principal d&rsquo;<em>Ariane<\/em>. En effet Pers\u00e9phone n&rsquo;apparait que dans un acte de l\u2019\u0153uvre mais elle le tient dans toute sa longueur avec un superbe air qui lui est offert. Par la suite, c&rsquo;est <em>Th\u00e9r\u00e8se<\/em> qui nait de l&rsquo;imagination du compositeur. Et l\u00e0 c&rsquo;est elle qui tient enti\u00e8rement l&rsquo;op\u00e9ra par sa pr\u00e9sence. Il y a ici une vraie collaboration entre les deux artistes car la chanteuse est consult\u00e9e durant l&rsquo;\u00e9criture \u00e0 tel point qu&rsquo;elle va influencer le compositeur install\u00e9 sur le final de l&rsquo;op\u00e9ra\u00a0: cette d\u00e9clamation parl\u00e9e haletante aurait \u00e9t\u00e9 propos\u00e9e par la mezzo. Le triomphe est tel que Lucy Arbell reprendra le personnage de tr\u00e8s nombreuses fois pendant 24 ans (de 1907 \u00e0 1931). En 1909, la suite d&rsquo;<em>Ariane<\/em> offre un r\u00f4le assez important \u00e0 Lucy Arbell\u00a0: celui de la rivale de la jeune amante de <em>Bacchus<\/em>. C&rsquo;est \u00e0 ce jour le dernier op\u00e9ra de Massenet qui n&rsquo;a pas \u00e9t\u00e9 redonn\u00e9&#8230; et il n&rsquo;y eu \u00e0 l&rsquo;\u00e9poque que cinq repr\u00e9sentations. Vient ensuite <em>Don Quichotte<\/em> en 1910 avec le grand Chaliapine dans le r\u00f4le titre\u00a0: le grand succ\u00e8s de cette \u00e9poque pour Massenet. La chanteuse y campe Dulcin\u00e9e et les critiques s&rsquo;accordent pour lui trouver une tr\u00e8s grande aisance sc\u00e9nique et un chant parfait pour cette espagnolade. Alors que <em>Th\u00e9r\u00e8se<\/em> d\u00e9voilait la trag\u00e9dienne, c&rsquo;est ici une facette plus l\u00e9g\u00e8re qui est d\u00e9voil\u00e9e mais aussi un talent dramatique tout autre avec par exemple une chanteuse s&rsquo;accompagnant aux castagnettes et dansant r\u00e9guli\u00e8rement sur sc\u00e8ne avec gr\u00e2ce. En 1912, retour \u00e0 la trag\u00e9die avec Posthumia dans <em>Roma<\/em>. Immense composition sc\u00e9nique et dramatique pour la jeune femme alors \u00e2g\u00e9e de 34 ans qui se transforme en vieille aveugle pour les besoins du drame. Totalement habit\u00e9e, elle chantait les yeux ferm\u00e9s avec de faux yeux peints sur ses paupi\u00e8res. Le tragique \u00e9tait au rendez-vous et elle s&rsquo;imposa comme la grande triomphatrice de ces repr\u00e9sentations reprenant le r\u00f4le dans toute la France. Retour \u00e0 la com\u00e9die en 1913 pour <em>Panurge<\/em> qui restera malheureusement peu convaincant. Elle chantera aussi Charlotte dans <em>Werther<\/em>&#8230; mais ce qui devait \u00eatre son grand r\u00f4le \u00e9tait <em>Cl\u00e9op\u00e2tre<\/em>. Le compositeur avait fait travailler la chanteuse de nombreuses semaines pour cr\u00e9er cet ouvrage qui le passionnait. Il lui d\u00e9diait aussi le r\u00f4le titre d&rsquo;<em>Amadis<\/em>&#8230; Mais la maladie gagnait. Il \u00e9crivit donc sur papier sa volont\u00e9 que ces deux r\u00f4les soient cr\u00e9\u00e9s par Lucy Arbell en cas de disparition&#8230; mais la rage de la femme et de la fille de Massenet iront totalement \u00e0 l&rsquo;encontre de la volont\u00e9 du disparu et il faudra attendre 1921 (soit 9 ans apr\u00e8s la mort du compositeur) pour qu&rsquo;elle puisse enfin faire ses d\u00e9buts dans ce r\u00f4le&#8230; mais nous reviendrons plus tard sur les d\u00e9boires de cette partition. Elle fit tout de m\u00eame un triomphe dans ce personnage au combien grandiose. Par contre, jamais elle ne chantera <em>Amadis<\/em>.<\/p>\n<div id=\"attachment_1274\" style=\"width: 260px\" class=\"wp-caption alignleft\"><a href=\"http:\/\/erikcarnets.fr\/wp-content\/uploads\/Lucy_Arbell_Therese_1907.jpg\" target=\"_blank\" rel=\"noopener noreferrer\"><img loading=\"lazy\" decoding=\"async\" aria-describedby=\"caption-attachment-1274\" class=\"wp-image-1274\" src=\"http:\/\/erikcarnets.fr\/wp-content\/uploads\/Lucy_Arbell_Therese_1907-223x300.jpg\" alt=\"\" width=\"250\" height=\"337\" srcset=\"https:\/\/erikcarnets.fr\/wp-content\/uploads\/Lucy_Arbell_Therese_1907-223x300.jpg 223w, https:\/\/erikcarnets.fr\/wp-content\/uploads\/Lucy_Arbell_Therese_1907.jpg 410w\" sizes=\"auto, (max-width: 250px) 100vw, 250px\" \/><\/a><p id=\"caption-attachment-1274\" class=\"wp-caption-text\">Lucy Arbell dans le r\u00f4le de Th\u00e9r\u00e8se en 1907<\/p><\/div>\n<p style=\"text-align: justify;\">On le voit, ses prestations sc\u00e9niques sont majoritairement d\u00e9volues aux ouvrages de Jules Massenet. A c\u00f4t\u00e9 de cette activit\u00e9 sc\u00e9nique, la chanteuse proposait r\u00e9guli\u00e8rement des r\u00e9citals ou participait \u00e0 des concerts caritatifs. Mais malheureusement, \u00e0 la disparition de son protecteur qui semblait l&rsquo;imposer assez r\u00e9guli\u00e8rement, les engagements se tarirent passant de plus de 70 repr\u00e9sentations \u00e0 5 en 3 ans. La suite de son activit\u00e9 sera en dents de scies mais ne retrouvera jamais le nombre des ann\u00e9es fastes. Majoritairement, ces repr\u00e9sentations \u00e9taient li\u00e9es \u00e0 des reprises d&rsquo;op\u00e9ra compos\u00e9s pour elle (pour 1921 par exemple, elle chantera 7 fois <em>Cl\u00e9op\u00e2tre<\/em> et 3 fois <em>Th\u00e9r\u00e8se<\/em>&#8230; et rien d&rsquo;autre). La question pos\u00e9e par Herv\u00e9 Ol\u00e9on est de savoir pourquoi cette carri\u00e8re s&rsquo;est aussi rapidement arr\u00eat\u00e9e&#8230; on soup\u00e7onne une d\u00e9t\u00e9rioration de l&rsquo;instrument, mais les critiques montrent que la voix \u00e9tait depuis le d\u00e9but assez modeste et reposait avant tout sur une grande expressivit\u00e9. On peut penser que l&rsquo;obstination de Massenet \u00e0 l&rsquo;imposer a jou\u00e9 en sa d\u00e9faveur&#8230; mais il y a aussi la mauvaise r\u00e9putation qu&rsquo;elle avait \u00e0 plusieurs titres. Elle semble avoir r\u00e9guli\u00e8rement annul\u00e9 ses engagements au dernier moment et la femme du compositeur l&rsquo;a rapidement consid\u00e9r\u00e9e comme une profiteuse voir une rivale \u00e0 la mort de son mari. Et puis il y eut l&rsquo;affaire <em>Cl\u00e9op\u00e2tre<\/em>&#8230;<\/p>\n<div id=\"attachment_1277\" style=\"width: 260px\" class=\"wp-caption alignright\"><a href=\"http:\/\/erikcarnets.fr\/wp-content\/uploads\/Lucy_Arbell_Amahelli_Bacchus_1909.jpg\" target=\"_blank\" rel=\"noopener noreferrer\"><img loading=\"lazy\" decoding=\"async\" aria-describedby=\"caption-attachment-1277\" class=\"wp-image-1277\" src=\"http:\/\/erikcarnets.fr\/wp-content\/uploads\/Lucy_Arbell_Amahelli_Bacchus_1909-204x300.jpg\" alt=\"\" width=\"250\" height=\"367\" srcset=\"https:\/\/erikcarnets.fr\/wp-content\/uploads\/Lucy_Arbell_Amahelli_Bacchus_1909-204x300.jpg 204w, https:\/\/erikcarnets.fr\/wp-content\/uploads\/Lucy_Arbell_Amahelli_Bacchus_1909-768x1128.jpg 768w, https:\/\/erikcarnets.fr\/wp-content\/uploads\/Lucy_Arbell_Amahelli_Bacchus_1909-697x1024.jpg 697w, https:\/\/erikcarnets.fr\/wp-content\/uploads\/Lucy_Arbell_Amahelli_Bacchus_1909.jpg 800w\" sizes=\"auto, (max-width: 250px) 100vw, 250px\" \/><\/a><p id=\"caption-attachment-1277\" class=\"wp-caption-text\">Lucy Arbell dans le r\u00f4le d&rsquo;Amahelli (Bacchus) en 1909<\/p><\/div>\n<p style=\"text-align: justify;\">En possession d&rsquo;\u00e9crits de la main du compositeur, Lucy Arbell \u00e9tait persuad\u00e9 qu&rsquo;elle aurait la cr\u00e9ation de <em>Cl\u00e9op\u00e2tre<\/em>. Mais tout se passa dans son dos\u00a0: la femme de Massenet et le directeur de l&rsquo;Op\u00e9ra de Monte-Carlo se mirent d&rsquo;accord pour la cr\u00e9ation. Ils n&rsquo;en dirent mot \u00e0 la chanteuse et pire que tout, ils engag\u00e8rent une soprano pour chanteur le r\u00f4le titre, mutilant du coup la partition afin de l&rsquo;adapter aux moyens de cette chanteuse. Ce n&rsquo;\u00e9tait donc en aucun cas l&rsquo;ouvrage tel que Massenet l&rsquo;avait voulu qui a \u00e9t\u00e9 offert\u00a0: changement de tessiture, coupures diverses, modification de la ligne de chant&#8230; Tout le travail effectu\u00e9 de concert par les deux artistes \u00e9tait jet\u00e9 aux orties. Mal conseill\u00e9e par l&rsquo;\u00e9diteur de Jules Massenet notamment, Lucy Arbell attaqua l&rsquo;Op\u00e9ra de Monte-Carlo pour emp\u00eacher les repr\u00e9sentations. Apr\u00e8s de nombreuses s\u00e9ances, la jeune femme sera finalement d\u00e9bout\u00e9e et humili\u00e9e. Selon la volont\u00e9 de Massenet ce personnage \u00e9tait \u00e0 elle et elle continuera \u00e0 se battre pour emp\u00eacher qu&rsquo;il ne soit chant\u00e9 par d&rsquo;autres cantatrices, souvent en pure perte&#8230; allant jusqu&rsquo;\u00e0 accepter d&rsquo;\u00eatre en deuxi\u00e8me distribution pour pouvoir enfin chanter l&rsquo;ouvrage. Ce sera au final Nantes puis Bordeaux qui lui permettront de chanter cet ouvrage pour son plus grand plaisir\u00a0!<\/p>\n<div id=\"attachment_1276\" style=\"width: 410px\" class=\"wp-caption aligncenter\"><a href=\"http:\/\/erikcarnets.fr\/wp-content\/uploads\/Lucy_Arbell_Dulcinee_Don_Quichotte_Chaliapine.jpg\" target=\"_blank\" rel=\"noopener noreferrer\"><img loading=\"lazy\" decoding=\"async\" aria-describedby=\"caption-attachment-1276\" class=\"wp-image-1276\" src=\"http:\/\/erikcarnets.fr\/wp-content\/uploads\/Lucy_Arbell_Dulcinee_Don_Quichotte_Chaliapine-245x300.jpg\" alt=\"\" width=\"400\" height=\"490\" srcset=\"https:\/\/erikcarnets.fr\/wp-content\/uploads\/Lucy_Arbell_Dulcinee_Don_Quichotte_Chaliapine-245x300.jpg 245w, https:\/\/erikcarnets.fr\/wp-content\/uploads\/Lucy_Arbell_Dulcinee_Don_Quichotte_Chaliapine-768x940.jpg 768w, https:\/\/erikcarnets.fr\/wp-content\/uploads\/Lucy_Arbell_Dulcinee_Don_Quichotte_Chaliapine.jpg 776w\" sizes=\"auto, (max-width: 400px) 100vw, 400px\" \/><\/a><p id=\"caption-attachment-1276\" class=\"wp-caption-text\">Lucy Arbell (Dulcin\u00e9e) et Fyodor Chaliapine (Don Quichotte)<\/p><\/div>\n<p style=\"text-align: justify;\">Mais cette m\u00e9chancet\u00e9 de la femme et de la fille de Massenet \u00e0 son encontre, d&rsquo;o\u00f9 venait-elle\u00a0? Bonne question car il semble que les relations \u00e9taient assez bonnes au d\u00e9but entre elle et la famille Massenet. La femme du compositeur n&rsquo;\u00e9tait pas une \u00e9pouse tr\u00e8s pr\u00e9sente alors que sa fille n&rsquo;avait pas beaucoup de lien avec son p\u00e8re. Peut-\u00eatre que les gens parlaient de voir ce vieillard et cette jeune fille aussi proches. Mais selon toutes probabilit\u00e9s, la relation n&rsquo;\u00e9tait rien de plus qu&rsquo;une relation p\u00e8re-fille qui s&rsquo;\u00e9tait d\u00e9velopp\u00e9e entre les deux artistes. Car Lucy Arbell n&rsquo;avait jamais connu son p\u00e8re alors que Massenet trouvait en elle une jeune femme avec qui il pouvait parler de son art. Elle fut d&rsquo;ailleurs beaucoup plus pr\u00e9sente que la famille du compositeur afin d&rsquo;aider le malade durant ses crises. Tr\u00e8s pieuse et pr\u00e9venante, elle a \u00e9t\u00e9 un soutien sans faille pour le vieil homme.<\/p>\n<div id=\"attachment_1273\" style=\"width: 410px\" class=\"wp-caption aligncenter\"><a href=\"http:\/\/erikcarnets.fr\/wp-content\/uploads\/Lucy_Arbell_Posthumia_Roma_1912.jpg\" target=\"_blank\" rel=\"noopener noreferrer\"><img loading=\"lazy\" decoding=\"async\" aria-describedby=\"caption-attachment-1273\" class=\"wp-image-1273\" src=\"http:\/\/erikcarnets.fr\/wp-content\/uploads\/Lucy_Arbell_Posthumia_Roma_1912-300x214.jpg\" alt=\"\" width=\"400\" height=\"285\" srcset=\"https:\/\/erikcarnets.fr\/wp-content\/uploads\/Lucy_Arbell_Posthumia_Roma_1912-300x214.jpg 300w, https:\/\/erikcarnets.fr\/wp-content\/uploads\/Lucy_Arbell_Posthumia_Roma_1912-768x547.jpg 768w, https:\/\/erikcarnets.fr\/wp-content\/uploads\/Lucy_Arbell_Posthumia_Roma_1912.jpg 839w\" sizes=\"auto, (max-width: 400px) 100vw, 400px\" \/><\/a><p id=\"caption-attachment-1273\" class=\"wp-caption-text\">Lucy Arbell dans le r\u00f4le de Posthumia (Roma) en 1912<\/p><\/div>\n<p style=\"text-align: justify;\">Apr\u00e8s sa retraite l\u00e9g\u00e8rement forc\u00e9e des sc\u00e8nes, Lucy Arbell se consacra aux bonnes \u0153uvres de l&rsquo;Orphelinat des Arts. D\u00e9volu aux orphelins d&rsquo;artistes, cette association accueillait de nombreux enfants \u00e0 l&rsquo;ann\u00e9e et l&rsquo;ancienne cantatrice (qui avait \u00e9t\u00e9 au plus haut comme l&rsquo;attestent sa partitions \u00e0 des publicit\u00e9s renomm\u00e9es) devint pr\u00e9sidente de cet orphelinat et le sauva durant la seconde guerre mondiale, accueillant les enfants dans ses propri\u00e9t\u00e9s lorsqu&rsquo;il \u00e9tait trop risqu\u00e9 de continuer \u00e0 r\u00e9sider en r\u00e9gion parisienne. Jusqu&rsquo;aux derniers jours de sa vie elle resta active pour les autres. Elle avait d\u00e9j\u00e0 particip\u00e9 \u00e0 de nombreux concerts d\u00e9di\u00e9s aux artistes dans le besoin, elle \u00e9tait all\u00e9 sur la ligne de front durant la premi\u00e8re guerre mondiale&#8230; et ces enfants seront sa raison de vivre.<\/p>\n<div id=\"attachment_1271\" style=\"width: 260px\" class=\"wp-caption alignleft\"><a href=\"http:\/\/erikcarnets.fr\/wp-content\/uploads\/Lucy_Arbell_Mona_Lisa.jpg\" target=\"_blank\" rel=\"noopener noreferrer\"><img loading=\"lazy\" decoding=\"async\" aria-describedby=\"caption-attachment-1271\" class=\"wp-image-1271\" src=\"http:\/\/erikcarnets.fr\/wp-content\/uploads\/Lucy_Arbell_Mona_Lisa-197x300.jpg\" alt=\"\" width=\"250\" height=\"382\" srcset=\"https:\/\/erikcarnets.fr\/wp-content\/uploads\/Lucy_Arbell_Mona_Lisa-197x300.jpg 197w, https:\/\/erikcarnets.fr\/wp-content\/uploads\/Lucy_Arbell_Mona_Lisa.jpg 642w\" sizes=\"auto, (max-width: 250px) 100vw, 250px\" \/><\/a><p id=\"caption-attachment-1271\" class=\"wp-caption-text\">Lucy Arbell dans une reconstitution de La Joconde<\/p><\/div>\n<p style=\"text-align: justify;\">Ce livre r\u00e9habilite cette artiste en tant que personne priv\u00e9e. D&rsquo;un point de vue dramatique, elle est d\u00e9j\u00e0 mise en lumi\u00e8re par les personnages qu&rsquo;elle a inspir\u00e9 \u00e0 Massenet. Les t\u00e9moignages de l&rsquo;\u00e9poque mais aussi ceux de chanteuses contemporaines ayant abord\u00e9 certains ouvrages qui lui \u00e9taient destin\u00e9es montrent bien toute la difficult\u00e9 de chanter ces ouvrages. La tessiture en elle m\u00eame n&rsquo;est pas si grave que pourrait le supposer sa classification en contralto mais par contre la tension dramatique \u00e0 soutenir est difficile \u00e0 g\u00e9rer pour certaines chanteuses. Ainsi, Nora Gubish dit avoir termin\u00e9 de chanter <em>Th\u00e9r\u00e8se<\/em> en sanglots tant la port\u00e9e th\u00e9\u00e2trale est importante. Mais d&rsquo;un point de vue priv\u00e9, il restait cette affaire \u00ab\u00a0Cl\u00e9op\u00e2tre\u00a0\u00bb ainsi que les soup\u00e7ons qu&rsquo;elle ait profit\u00e9 de la faiblesse d&rsquo;un homme malade pour le vampiriser voir \u00eatre devenu sa ma\u00eetresse. L&rsquo;enqu\u00eate men\u00e9e d\u00e9montre bien qu&rsquo;il n&rsquo;y avait pas de relation autre qu&rsquo;un immense respect mutuel et une franche relation artistique et p\u00e8re-fille. La chanteuse a s\u00fbrement eu de la chance d&rsquo;attirer l&rsquo;attention de ce compositeur alors au sommet de son art car sa voix ne semblait pas \u00eatre son plus grand atout. Mais c&rsquo;\u00e9tait sa pr\u00e9sence sc\u00e9nique, son intelligence dramatique qui avait \u00e9t\u00e9 remarqu\u00e9e par Massenet et il s\u00fbt le mettre en valeur en particulier dans les personnages de Th\u00e9r\u00e8se, Cl\u00e9op\u00e2tre et Posthumia. Elle a donn\u00e9 au compositeur un support pour la cr\u00e9ation de r\u00f4les d\u00e9mesur\u00e9s&#8230;<\/p>\n<div id=\"attachment_1278\" style=\"width: 260px\" class=\"wp-caption alignright\"><a href=\"http:\/\/erikcarnets.fr\/wp-content\/uploads\/Lucy_Arbell_portrait.jpg\" target=\"_blank\" rel=\"noopener noreferrer\"><img loading=\"lazy\" decoding=\"async\" aria-describedby=\"caption-attachment-1278\" class=\"wp-image-1278\" src=\"http:\/\/erikcarnets.fr\/wp-content\/uploads\/Lucy_Arbell_portrait-217x300.jpg\" alt=\"\" width=\"250\" height=\"346\" srcset=\"https:\/\/erikcarnets.fr\/wp-content\/uploads\/Lucy_Arbell_portrait-217x300.jpg 217w, https:\/\/erikcarnets.fr\/wp-content\/uploads\/Lucy_Arbell_portrait-768x1063.jpg 768w, https:\/\/erikcarnets.fr\/wp-content\/uploads\/Lucy_Arbell_portrait-740x1024.jpg 740w, https:\/\/erikcarnets.fr\/wp-content\/uploads\/Lucy_Arbell_portrait.jpg 800w\" sizes=\"auto, (max-width: 250px) 100vw, 250px\" \/><\/a><p id=\"caption-attachment-1278\" class=\"wp-caption-text\">Lucy Arbell (par Paul Nadar)<\/p><\/div>\n<p style=\"text-align: justify;\">Cette partie de la cr\u00e9ation op\u00e9ratique de Jules Massenet est encore assez mal document\u00e9e. Si l&rsquo;on a plusieurs versions de <em>Th\u00e9r\u00e8se<\/em> ou <em>Don Quichotte<\/em>, <em>Cl\u00e9op\u00e2tre<\/em> ne nous est propos\u00e9 que par une seule int\u00e9grale en disque (mais de grande qualit\u00e9, et quelques reprises r\u00e9centes par Sophie Koch sont tout aussi passionnantes!), <em>Roma<\/em> existe dans une version assez pauvre, <em>Panurge<\/em> n&rsquo;existe que dans une captation radio alors qu&rsquo;<em>Ariane<\/em> elle n&rsquo;a qu&rsquo;un enregistrement pirate pour \u00eatre d\u00e9couverte. <em>Bacchus<\/em> enfin n&rsquo;a lui jamais \u00e9t\u00e9 repris. Chacune de ces \u0153uvres sont pourtant passionnantes et m\u00e9riteraient d&rsquo;\u00eatre r\u00e9v\u00e9l\u00e9es au public. Ce livre nous permet de d\u00e9couvrir l&rsquo;histoire autour de cette derni\u00e8re phase cr\u00e9atrice du compositeur en plus du portrait passionnant de la femme. Le travail d&rsquo;Herv\u00e9 Ol\u00e9on est tr\u00e8s bien document\u00e9 et tr\u00e8s int\u00e9ressant. Loin de l\u2019hagiographie il sait montrer le bon comme le mauvais chez cette grande artiste.<\/p>\n<ul>\n<li>Lucy Arbell, voix d&rsquo;ombres et de lumi\u00e8res<\/li>\n<li>Herv\u00e9 Ol\u00e9on<\/li>\n<li>\u00c9ditions Res Lyrica<\/li>\n<li>ISBN 978-1-326-92220-7<\/li>\n<li>320 pages<\/li>\n<\/ul>\n","protected":false},"excerpt":{"rendered":"<p>La p\u00e9riode faste de Jules Massenet \u00e0 l&rsquo;op\u00e9ra est surtout marqu\u00e9e par la p\u00e9riode o\u00f9 sa muse \u00e9tait Sibyl Sanderson pour qui il composa par exemple Tha\u00efs ou Esclarmonde et [&hellip;]<\/p>\n","protected":false},"author":1,"featured_media":0,"comment_status":"open","ping_status":"closed","sticky":false,"template":"","format":"standard","meta":{"jetpack_post_was_ever_published":false,"_jetpack_newsletter_access":"","_jetpack_dont_email_post_to_subs":false,"_jetpack_newsletter_tier_id":0,"_jetpack_memberships_contains_paywalled_content":false,"_jetpack_memberships_contains_paid_content":false,"footnotes":"","jetpack_publicize_message":"","jetpack_publicize_feature_enabled":true,"jetpack_social_post_already_shared":true,"jetpack_social_options":{"image_generator_settings":{"template":"highway","default_image_id":0,"font":"","enabled":false},"version":2}},"categories":[36,59],"tags":[57,17,23],"class_list":["post-1270","post","type-post","status-publish","format-standard","hentry","category-lecture","category-musique","tag-epoque_romantique","tag-massenet","tag-opera","clearfix"],"jetpack_publicize_connections":[],"jetpack_featured_media_url":"","jetpack_shortlink":"https:\/\/wp.me\/p4G2uP-ku","jetpack_sharing_enabled":true,"_links":{"self":[{"href":"https:\/\/erikcarnets.fr\/index.php?rest_route=\/wp\/v2\/posts\/1270","targetHints":{"allow":["GET"]}}],"collection":[{"href":"https:\/\/erikcarnets.fr\/index.php?rest_route=\/wp\/v2\/posts"}],"about":[{"href":"https:\/\/erikcarnets.fr\/index.php?rest_route=\/wp\/v2\/types\/post"}],"author":[{"embeddable":true,"href":"https:\/\/erikcarnets.fr\/index.php?rest_route=\/wp\/v2\/users\/1"}],"replies":[{"embeddable":true,"href":"https:\/\/erikcarnets.fr\/index.php?rest_route=%2Fwp%2Fv2%2Fcomments&post=1270"}],"version-history":[{"count":4,"href":"https:\/\/erikcarnets.fr\/index.php?rest_route=\/wp\/v2\/posts\/1270\/revisions"}],"predecessor-version":[{"id":1331,"href":"https:\/\/erikcarnets.fr\/index.php?rest_route=\/wp\/v2\/posts\/1270\/revisions\/1331"}],"wp:attachment":[{"href":"https:\/\/erikcarnets.fr\/index.php?rest_route=%2Fwp%2Fv2%2Fmedia&parent=1270"}],"wp:term":[{"taxonomy":"category","embeddable":true,"href":"https:\/\/erikcarnets.fr\/index.php?rest_route=%2Fwp%2Fv2%2Fcategories&post=1270"},{"taxonomy":"post_tag","embeddable":true,"href":"https:\/\/erikcarnets.fr\/index.php?rest_route=%2Fwp%2Fv2%2Ftags&post=1270"}],"curies":[{"name":"wp","href":"https:\/\/api.w.org\/{rel}","templated":true}]}}