{"id":1085,"date":"2016-10-05T21:00:47","date_gmt":"2016-10-05T19:00:47","guid":{"rendered":"http:\/\/erikcarnets.fr\/?p=1085"},"modified":"2016-10-05T21:01:19","modified_gmt":"2016-10-05T19:01:19","slug":"legendes-rencontre-entre-liszt-et-gounod","status":"publish","type":"post","link":"https:\/\/erikcarnets.fr\/?p=1085","title":{"rendered":"L\u00e9gendes : Rencontre entre Liszt et Gounod"},"content":{"rendered":"<p class=\"western\" style=\"text-align: justify;\"><img loading=\"lazy\" decoding=\"async\" class=\"size-medium wp-image-1087 alignleft\" src=\"http:\/\/erikcarnets.fr\/wp-content\/uploads\/equilbeycjana_jocif1_hd-300x283.jpg\" alt=\"equilbeycjana_jocif1_hd\" width=\"300\" height=\"283\" srcset=\"https:\/\/erikcarnets.fr\/wp-content\/uploads\/equilbeycjana_jocif1_hd-300x283.jpg 300w, https:\/\/erikcarnets.fr\/wp-content\/uploads\/equilbeycjana_jocif1_hd.jpg 673w\" sizes=\"auto, (max-width: 300px) 100vw, 300px\" \/>Il faut bien l&rsquo;avouer, c&rsquo;est avant tout pour le <em>Saint Fran\u00e7ois d&rsquo;Assise<\/em> de Gounod qui motivait le d\u00e9placement pour ce concert&#8230; Ayant d\u00e9j\u00e0 entendu l&rsquo;ouvrage en l\u2019\u00c9glise Saint-Eustache il y a quelques ann\u00e9es, je me r\u00e9jouissais de pouvoir retrouver cette pi\u00e8ce. Mais finalement, c&rsquo;est presque tout le concert qui fut magnifique et une vraie bonne surprise\u00a0! Face \u00e0 un public tr\u00e8s attentif et calme, des partitions tr\u00e8s rares ont \u00e9t\u00e9 magnifiquement mises en avant par les musiciens comme par les chanteurs. Une grande journ\u00e9e de d\u00e9couverte qui sera normalement enregistr\u00e9e pour une parution discographique dans les ann\u00e9es qui viennent, s\u00fbrement \u00e0 l&rsquo;occasion du bicentenaire de la naissance de Gounod&#8230;<!--more--><\/p>\n<p class=\"western\" style=\"text-align: justify;\">On commence pour le triptyque <em>Du berceau jusqu&rsquo;\u00e0 la tombe<\/em> de Liszt. Trois mouvements superbement diff\u00e9renci\u00e9s avec un premier o\u00f9 le doux balancement nous donne l&rsquo;illusion du berceau justement, calme et vari\u00e9&#8230; puis la grande bataille qui survient o\u00f9 l&rsquo;orchestre se d\u00e9cha\u00eene pour nous emporter entre vie et mort. Et enfin le dernier mouvement qui renoue finalement sur le calme du d\u00e9but&#8230; Liszt est particuli\u00e8rement inspir\u00e9 pour cette pi\u00e8ce symphonique qui nous donne une musique plut\u00f4t sobre par rapport aux folies qu&rsquo;on a plus l&rsquo;habitude d&rsquo;entendre sous la plume du compositeur virtuose. Quel recueillement dans le premier et dernier mouvement\u00a0! Magnifique pi\u00e8ce o\u00f9 chaque atmosph\u00e8re est parfaitement rendue&#8230;<\/p>\n<div id=\"attachment_1086\" style=\"width: 210px\" class=\"wp-caption alignright\"><img loading=\"lazy\" decoding=\"async\" aria-describedby=\"caption-attachment-1086\" class=\"size-medium wp-image-1086\" src=\"http:\/\/erikcarnets.fr\/wp-content\/uploads\/karine_deshayes-200x300.jpg\" alt=\"Karine Deshayes\" width=\"200\" height=\"300\" srcset=\"https:\/\/erikcarnets.fr\/wp-content\/uploads\/karine_deshayes-200x300.jpg 200w, https:\/\/erikcarnets.fr\/wp-content\/uploads\/karine_deshayes.jpg 470w\" sizes=\"auto, (max-width: 200px) 100vw, 200px\" \/><p id=\"caption-attachment-1086\" class=\"wp-caption-text\">Karine Deshayes<\/p><\/div>\n<p class=\"western\" style=\"text-align: justify;\">Vient ensuite la <em>L\u00e9gende de Sainte C\u00e9cile<\/em>, cantate assez \u00e9trange de Liszt. D\u00e9j\u00e0 on s&rsquo;\u00e9tonne d&rsquo;entendre un texte en fran\u00e7ais m\u00eame si Liszt a pass\u00e9 une partie de sa vie \u00e0 Paris. Le texte en lui-m\u00eame n&rsquo;est pas forc\u00e9ment passionnant et reste tr\u00e8s marqu\u00e9 par le XIX\u00e8me bourgeois romantique&#8230; mais il y a dans cet ouvrage un d\u00e9but particuli\u00e8rement saisissant avec un immense r\u00e9citatif tr\u00e8s sobre o\u00f9 la d\u00e9clamation est primordiale. C&rsquo;est l&rsquo;histoire de la sainte sa route vers la mort&#8230; Par la suite, on assiste \u00e0 une grande c\u00e9l\u00e9bration de la patronne des musiciens et l\u00e0 on entre dans une partie beaucoup moins marquante de l\u2019\u0153uvre car on y entend une musique un peu pompeuse et c\u00e9r\u00e9monielle qui manque de personnalit\u00e9 par rapport \u00e0 la premi\u00e8re partie\u00a0! Pour nous compter cette mort, <strong>Karine Deshayes<\/strong> se montre une diseuse assez soucieuse du texte dans la premi\u00e8re partie, concentrant la voix pour faire ressortir le texte. Le point n\u00e9gatif qui se d\u00e9gage du coup est le manque de puissance qui fait que d\u00e8s que l&rsquo;orchestre s&rsquo;\u00e9l\u00e8ve la voix semble noy\u00e9e. Il faut dire aussi que le d\u00e9but est assez gave et que ce n&rsquo;est pas la partie de la voix de Deshayes qui ressort le mieux. Dans la deuxi\u00e8me partie beaucoup plus lyrique, la voix se fond dans le ch\u0153ur de belle mani\u00e8re par contre pour c\u00e9l\u00e9brer la sainte&#8230;<\/p>\n<div id=\"attachment_1088\" style=\"width: 310px\" class=\"wp-caption aligncenter\"><img loading=\"lazy\" decoding=\"async\" aria-describedby=\"caption-attachment-1088\" class=\"size-medium wp-image-1088\" src=\"http:\/\/erikcarnets.fr\/wp-content\/uploads\/Deborah_Nemtanu-300x139.jpg\" alt=\"Deborah Nemtanu\" width=\"300\" height=\"139\" srcset=\"https:\/\/erikcarnets.fr\/wp-content\/uploads\/Deborah_Nemtanu-300x139.jpg 300w, https:\/\/erikcarnets.fr\/wp-content\/uploads\/Deborah_Nemtanu-768x356.jpg 768w, https:\/\/erikcarnets.fr\/wp-content\/uploads\/Deborah_Nemtanu.jpg 820w\" sizes=\"auto, (max-width: 300px) 100vw, 300px\" \/><p id=\"caption-attachment-1088\" class=\"wp-caption-text\">Deborah Nemtanu<\/p><\/div>\n<p class=\"western\" style=\"text-align: justify;\">Arrive ensuite Gounod pour une petite pi\u00e8ce concertante pour violon\u00a0: l&rsquo;<em>Hymne \u00e0 Sainte C\u00e9cile<\/em>. Avec un effectif tr\u00e8s l\u00e9ger pour une bonne partie de la pi\u00e8ce, le violon est accompagn\u00e9 par des vents ou des instruments solistes&#8230; <strong>Deborah Nemtanu<\/strong> se montre superbe de finesse et d&rsquo;\u00e9motion&#8230; le violon se d\u00e9ploie dans de superbes courbes m\u00e9lodiques qu&rsquo;on connait chez Gounod&#8230; mais rarement sont donn\u00e9es ses pi\u00e8ces concertantes. Un petit bijou sucr\u00e9 de belle facture\u00a0!<\/p>\n<div id=\"attachment_1090\" style=\"width: 210px\" class=\"wp-caption alignleft\"><img loading=\"lazy\" decoding=\"async\" aria-describedby=\"caption-attachment-1090\" class=\"size-medium wp-image-1090\" src=\"http:\/\/erikcarnets.fr\/wp-content\/uploads\/stanislas_de_barbeyrac-200x300.jpg\" alt=\"Stanislas de Barbeyrac\" width=\"200\" height=\"300\" srcset=\"https:\/\/erikcarnets.fr\/wp-content\/uploads\/stanislas_de_barbeyrac-200x300.jpg 200w, https:\/\/erikcarnets.fr\/wp-content\/uploads\/stanislas_de_barbeyrac.jpg 333w\" sizes=\"auto, (max-width: 200px) 100vw, 200px\" \/><p id=\"caption-attachment-1090\" class=\"wp-caption-text\">Stanislas de Barbeyrac<\/p><\/div>\n<p class=\"western\" style=\"text-align: justify;\">Enfin la pi\u00e8ce de r\u00e9sistance pour <em>Saint Fran\u00e7ois d&rsquo;Assise<\/em>. Ce diptyque de Gounod est marqu\u00e9 par le dernier style du compositeur avec cette sobri\u00e9t\u00e9 qui caract\u00e9rise ses pi\u00e8ces dans ann\u00e9es 90. Le chant se limite souvent \u00e0 des m\u00e9lodies sobres et d\u00e9pouill\u00e9es alors que l&rsquo;orchestre se montre plus moderne et \u00e9vocateur. L&rsquo;entr\u00e9e de Saint-Fran\u00e7ois permet \u00e0 <strong>Stanislas de Barbeyrac<\/strong> de d\u00e9ployer un superbe lyrisme o\u00f9 la passion religieuse se d\u00e9ploie largement sur un timbre sobre et une belle diction&#8230; puis appara\u00eet <strong>Florian Sempey<\/strong>. Plein de recueillement pour camper cette apparition de J\u00e9sus, le baryton semble vouloir \u00e9viter tout surplus de voix et d&rsquo;\u00e9motions&#8230; sauf qu&rsquo;\u00e0 brider son instrument il en devient assez terne et transparent, manquant de charisme pour vraiment marquer sa courte apparition. Barbeyrac reprend ensuite l&rsquo;attention de tous avant un superbe interm\u00e8de qui sera d&rsquo;ailleurs donn\u00e9 en bis \u00e0 la fin du concert. Le deuxi\u00e8me tableau se d\u00e9ploie de mani\u00e8re plus intime malgr\u00e9 la pr\u00e9sence des ch\u0153urs. Saint-Fran\u00e7ois se meurt et reste beaucoup plus sobre dans son expression alors que les ch\u0153urs symbolisent les adeptes ou les anges.<\/p>\n<div id=\"attachment_1089\" style=\"width: 310px\" class=\"wp-caption aligncenter\"><img loading=\"lazy\" decoding=\"async\" aria-describedby=\"caption-attachment-1089\" class=\"size-medium wp-image-1089\" src=\"http:\/\/erikcarnets.fr\/wp-content\/uploads\/florian_sempey-300x169.jpg\" alt=\"Florian Sempey\" width=\"300\" height=\"169\" srcset=\"https:\/\/erikcarnets.fr\/wp-content\/uploads\/florian_sempey-300x169.jpg 300w, https:\/\/erikcarnets.fr\/wp-content\/uploads\/florian_sempey-768x432.jpg 768w, https:\/\/erikcarnets.fr\/wp-content\/uploads\/florian_sempey-1024x576.jpg 1024w, https:\/\/erikcarnets.fr\/wp-content\/uploads\/florian_sempey.jpg 1520w\" sizes=\"auto, (max-width: 300px) 100vw, 300px\" \/><p id=\"caption-attachment-1089\" class=\"wp-caption-text\">Florian Sempey<\/p><\/div>\n<p class=\"western\" style=\"text-align: justify;\">Si <strong>Equilbey<\/strong> est assez unanimement reconnue pour ses talents de chef de ch\u0153ur, elle se montre parfois un peu terne \u00e0 la direction d&rsquo;orchestre. Pourtant ce soir, elle donne de tr\u00e8s belles choses pleines de nuances et de finesse pour les deux compositeurs, couvant les instrumentistes de belle mani\u00e8re sans pour autant trop assagir les pi\u00e8ces. Le ch\u0153ur est lui aussi parfait bien s\u00fbr, particuli\u00e8rement marquant pour les hommes quand dans le Gounod les voix se s\u00e9parent et nous donnent \u00e0 entendre m\u00e9lang\u00e9s mais pourtant bien distinctes les voix de t\u00e9nors et de basses.<\/p>\n<p class=\"western\" style=\"text-align: justify;\">Le concert a \u00e9t\u00e9 ovationn\u00e9 bien s\u00fbr par une salle pleine et enthousiaste qui d\u00e9couvrait presque tout le programme. Vivement la parution du disque&#8230;<\/p>\n<ul>\n<li class=\"western\" style=\"text-align: justify;\">Paris<\/li>\n<li class=\"western\" style=\"text-align: justify;\">Salle des Concerts, Philharmonie de Paris<\/li>\n<li class=\"western\" style=\"text-align: justify;\">22 juin 2016<\/li>\n<li class=\"western\" style=\"text-align: justify;\">Franz Liszt (1811-1886) : Du berceau jusqu&rsquo;\u00e0 la tombe, L\u00e9gende de Sainte C\u00e9cile *<\/li>\n<li class=\"western\" style=\"text-align: justify;\">Charles Gounod (1818-1893) : Hymne \u00e0 Sainte C\u00e9cile\u00b0, Saint Fran\u00e7ois d&rsquo;Assise\u00b2<\/li>\n<li class=\"western\" style=\"text-align: justify;\">Karine Deshayes, mezzo-soprano *<\/li>\n<li class=\"western\" style=\"text-align: justify;\">Deborah Nemtanu, violon \u00b0<\/li>\n<li class=\"western\" style=\"text-align: justify;\">Stanislas de Barbeyrac, t\u00e9nor \u00b2<\/li>\n<li class=\"western\" style=\"text-align: justify;\">Florian Sempey, baryton \u00b2<\/li>\n<li class=\"western\" style=\"text-align: justify;\">Accentus<\/li>\n<li class=\"western\" style=\"text-align: justify;\">Orchestre de Chambre de Paris<\/li>\n<li class=\"western\" style=\"text-align: justify;\">Direction : Laurence Equilbey<\/li>\n<\/ul>\n","protected":false},"excerpt":{"rendered":"<p>Il faut bien l&rsquo;avouer, c&rsquo;est avant tout pour le Saint Fran\u00e7ois d&rsquo;Assise de Gounod qui motivait le d\u00e9placement pour ce concert&#8230; Ayant d\u00e9j\u00e0 entendu l&rsquo;ouvrage en l\u2019\u00c9glise Saint-Eustache il y [&hellip;]<\/p>\n","protected":false},"author":1,"featured_media":0,"comment_status":"open","ping_status":"closed","sticky":false,"template":"","format":"standard","meta":{"jetpack_post_was_ever_published":false,"_jetpack_newsletter_access":"","_jetpack_dont_email_post_to_subs":true,"_jetpack_newsletter_tier_id":0,"_jetpack_memberships_contains_paywalled_content":false,"_jetpack_memberships_contains_paid_content":false,"footnotes":"","jetpack_publicize_message":"","jetpack_publicize_feature_enabled":true,"jetpack_social_post_already_shared":true,"jetpack_social_options":{"image_generator_settings":{"template":"highway","default_image_id":0,"font":"","enabled":false},"version":2}},"categories":[28,3],"tags":[58,57,49,79],"class_list":["post-1085","post","type-post","status-publish","format-standard","hentry","category-concert","category-musique_classique","tag-bru-zane","tag-epoque_romantique","tag-gounod","tag-liszt","clearfix"],"jetpack_publicize_connections":[],"jetpack_featured_media_url":"","jetpack_shortlink":"https:\/\/wp.me\/p4G2uP-hv","jetpack_sharing_enabled":true,"_links":{"self":[{"href":"https:\/\/erikcarnets.fr\/index.php?rest_route=\/wp\/v2\/posts\/1085","targetHints":{"allow":["GET"]}}],"collection":[{"href":"https:\/\/erikcarnets.fr\/index.php?rest_route=\/wp\/v2\/posts"}],"about":[{"href":"https:\/\/erikcarnets.fr\/index.php?rest_route=\/wp\/v2\/types\/post"}],"author":[{"embeddable":true,"href":"https:\/\/erikcarnets.fr\/index.php?rest_route=\/wp\/v2\/users\/1"}],"replies":[{"embeddable":true,"href":"https:\/\/erikcarnets.fr\/index.php?rest_route=%2Fwp%2Fv2%2Fcomments&post=1085"}],"version-history":[{"count":2,"href":"https:\/\/erikcarnets.fr\/index.php?rest_route=\/wp\/v2\/posts\/1085\/revisions"}],"predecessor-version":[{"id":1092,"href":"https:\/\/erikcarnets.fr\/index.php?rest_route=\/wp\/v2\/posts\/1085\/revisions\/1092"}],"wp:attachment":[{"href":"https:\/\/erikcarnets.fr\/index.php?rest_route=%2Fwp%2Fv2%2Fmedia&parent=1085"}],"wp:term":[{"taxonomy":"category","embeddable":true,"href":"https:\/\/erikcarnets.fr\/index.php?rest_route=%2Fwp%2Fv2%2Fcategories&post=1085"},{"taxonomy":"post_tag","embeddable":true,"href":"https:\/\/erikcarnets.fr\/index.php?rest_route=%2Fwp%2Fv2%2Ftags&post=1085"}],"curies":[{"name":"wp","href":"https:\/\/api.w.org\/{rel}","templated":true}]}}